{"id":1158,"date":"2026-08-28T10:54:13","date_gmt":"2026-08-28T13:54:13","guid":{"rendered":"https:\/\/www.ufsm.br\/cursos\/pos-graduacao\/palmeira-das-missoes\/ppgsr\/?p=1158"},"modified":"2026-08-28T11:03:41","modified_gmt":"2026-08-28T14:03:41","slug":"docente-do-ppgsr-e-contemplada-em-premio-nacional-sobre-ruralidades-e-feminismos","status":"publish","type":"post","link":"https:\/\/www.ufsm.br\/cursos\/pos-graduacao\/palmeira-das-missoes\/ppgsr\/2026\/08\/28\/docente-do-ppgsr-e-contemplada-em-premio-nacional-sobre-ruralidades-e-feminismos","title":{"rendered":"Docente do PPGSR \u00e9 contemplada em pr\u00eamio nacional sobre Ruralidades e Feminismos"},"content":{"rendered":"\t\t<div data-elementor-type=\"wp-post\" data-elementor-id=\"1158\" class=\"elementor elementor-1158\">\n\t\t\t\t\t\t<section class=\"elementor-section elementor-top-section elementor-element elementor-element-58e87968 elementor-section-boxed elementor-section-height-default elementor-section-height-default\" data-id=\"58e87968\" data-element_type=\"section\">\n\t\t\t\t\t\t<div class=\"elementor-container elementor-column-gap-default\">\n\t\t\t\t\t<div class=\"elementor-column elementor-col-100 elementor-top-column elementor-element elementor-element-37d4f01f\" data-id=\"37d4f01f\" data-element_type=\"column\">\n\t\t\t<div class=\"elementor-widget-wrap elementor-element-populated\">\n\t\t\t\t\t\t<div class=\"elementor-element elementor-element-7e528e6f elementor-widget elementor-widget-text-editor\" data-id=\"7e528e6f\" data-element_type=\"widget\" data-widget_type=\"text-editor.default\">\n\t\t\t\t<div class=\"elementor-widget-container\">\n\t\t\t\t\t\t\t<!-- wp:tadv\/classic-paragraph -->\n<p><img fetchpriority=\"high\" decoding=\"async\" class=\" wp-image-1159 alignright\" src=\"https:\/\/www.ufsm.br\/app\/uploads\/sites\/861\/2026\/08\/IMAGEM-199x300.jpeg\" alt=\"\" width=\"281\" height=\"424\" srcset=\"https:\/\/www.ufsm.br\/app\/uploads\/sites\/861\/2026\/08\/IMAGEM-199x300.jpeg 199w, https:\/\/www.ufsm.br\/app\/uploads\/sites\/861\/2026\/08\/IMAGEM-680x1024.jpeg 680w, https:\/\/www.ufsm.br\/app\/uploads\/sites\/861\/2026\/08\/IMAGEM-768x1157.jpeg 768w, https:\/\/www.ufsm.br\/app\/uploads\/sites\/861\/2026\/08\/IMAGEM-1020x1536.jpeg 1020w, https:\/\/www.ufsm.br\/app\/uploads\/sites\/861\/2026\/08\/IMAGEM.jpeg 1062w\" sizes=\"(max-width: 281px) 100vw, 281px\" \/>A professora Marta Cocco, docente do Programa de P\u00f3s-Gradua\u00e7\u00e3o em Sa\u00fade e Ruralidade (PPGSR) da Universidade Federal de Santa Maria (UFSM), campus de Palmeira das Miss\u00f5es, foi uma das contempladas na 5\u00aa edi\u00e7\u00e3o do Pr\u00eamio Margarida Alves de Estudos sobre Ruralidades e Feminismos. A premia\u00e7\u00e3o, de abrang\u00eancia nacional, valoriza produ\u00e7\u00f5es acad\u00eamicas e trajet\u00f3rias comprometidas com a promo\u00e7\u00e3o da justi\u00e7a social, da equidade de g\u00eanero e do fortalecimento das popula\u00e7\u00f5es do campo.<br \/>A cerim\u00f4nia de premia\u00e7\u00e3o ocorreu na quarta-feira, 19 de agosto, em Bras\u00edlia, reunindo pesquisadoras, pesquisadores e representantes de institui\u00e7\u00f5es de diferentes regi\u00f5es do pa\u00eds. Promovido pelo Minist\u00e9rio do Desenvolvimento Agr\u00e1rio e Agricultura Familiar (MDA), o Pr\u00eamio Margarida Alves reconhece artigos acad\u00eamicos, ensaios in\u00e9ditos, relatos de experi\u00eancias e mem\u00f3rias que contribuam para o debate sobre ruralidades e feminismos e para a constru\u00e7\u00e3o de territ\u00f3rios feministas, agroecol\u00f3gicos e emancipat\u00f3rios no Brasil.<br \/>A iniciativa possui especial relev\u00e2ncia para o PPGSR, considerando sua atua\u00e7\u00e3o na produ\u00e7\u00e3o de conhecimentos voltados \u00e0s rela\u00e7\u00f5es entre sa\u00fade, ruralidades, territ\u00f3rios e popula\u00e7\u00f5es rurais. A trajet\u00f3ria acad\u00eamica da professora Marta Cocco est\u00e1 articulada a essa perspectiva, com pesquisas e a\u00e7\u00f5es de extens\u00e3o dedicadas \u00e0s desigualdades sociais, vulnerabilidades e viol\u00eancias vivenciadas por mulheres em diferentes contextos e territ\u00f3rios rurais. Para a docente, a premia\u00e7\u00e3o representa a valoriza\u00e7\u00e3o de uma trajet\u00f3ria constru\u00edda a partir do compromisso com a produ\u00e7\u00e3o de conhecimento cient\u00edfico, os direitos humanos, a sa\u00fade coletiva, a equidade e a valoriza\u00e7\u00e3o das mulheres, especialmente aquelas que vivem no campo. A distin\u00e7\u00e3o tamb\u00e9m evidencia a import\u00e2ncia de pesquisas que considerem as especificidades dos territ\u00f3rios rurais e contribuam para o enfrentamento das desigualdades e das diferentes formas de viol\u00eancia.<br \/>A premia\u00e7\u00e3o tamb\u00e9m contemplou a publica\u00e7\u00e3o do cap\u00edtulo de livro \u201cViol\u00eancia contra mulheres rurais: representa\u00e7\u00f5es, significados e dimens\u00f5es no campo da sa\u00fade no sul do Brasil\u201d. Al\u00e9m de Marta Cocco, o cap\u00edtulo tem como coautoras as docentes do PPGSR Ethel Bastos da Silva e Jaqueline Arboit, e a docente Alice do Carmo Jahn, do Departamento de Ci\u00eancias da Sa\u00fade da UFSM\/PM. A produ\u00e7\u00e3o aborda a viol\u00eancia contra mulheres rurais a partir de suas representa\u00e7\u00f5es, significados e diferentes dimens\u00f5es no campo da sa\u00fade, contribuindo para ampliar a compreens\u00e3o sobre as especificidades vivenciadas pelas mulheres em contextos rurais.<img decoding=\"async\" class=\"alignleft  wp-image-1160\" src=\"https:\/\/www.ufsm.br\/app\/uploads\/sites\/861\/2026\/08\/IMAGEM-2-1-300x275.jpeg\" alt=\"\" width=\"342\" height=\"314\" srcset=\"https:\/\/www.ufsm.br\/app\/uploads\/sites\/861\/2026\/08\/IMAGEM-2-1-300x275.jpeg 300w, https:\/\/www.ufsm.br\/app\/uploads\/sites\/861\/2026\/08\/IMAGEM-2-1-1024x939.jpeg 1024w, https:\/\/www.ufsm.br\/app\/uploads\/sites\/861\/2026\/08\/IMAGEM-2-1-768x704.jpeg 768w, https:\/\/www.ufsm.br\/app\/uploads\/sites\/861\/2026\/08\/IMAGEM-2-1.jpeg 1201w\" sizes=\"(max-width: 342px) 100vw, 342px\" \/><br \/>O Pr\u00eamio Margarida Alves de Estudos sobre Ruralidades e Feminismos homenageia Margarida Maria Alves (1943-1983), l\u00edder sindical paraibana e refer\u00eancia na luta pelos direitos dos trabalhadores e trabalhadoras rurais no Brasil. \u00c0 frente do Sindicato dos Trabalhadores Rurais de Alagoa Grande (PB), Margarida Alves atuou na defesa dos direitos trabalhistas, da reforma agr\u00e1ria, da educa\u00e7\u00e3o e dos direitos das mulheres do campo. Foi assassinada em 1983 em decorr\u00eancia de sua atua\u00e7\u00e3o sindical e de sua milit\u00e2ncia, tornando-se s\u00edmbolo da resist\u00eancia e da luta por justi\u00e7a social e direitos humanos.<br \/>A conquista reafirma a relev\u00e2ncia da produ\u00e7\u00e3o cient\u00edfica desenvolvida no \u00e2mbito do PPGSR e evidencia a contribui\u00e7\u00e3o do Programa para a produ\u00e7\u00e3o de conhecimentos voltados \u00e0 sa\u00fade, \u00e0s ruralidades, aos territ\u00f3rios e ao enfrentamento das desigualdades que atravessam a vida das mulheres rurais.<\/p>\n<!-- \/wp:tadv\/classic-paragraph -->\t\t\t\t\t\t<\/div>\n\t\t\t\t<\/div>\n\t\t\t\t\t<\/div>\n\t\t<\/div>\n\t\t\t\t\t<\/div>\n\t\t<\/section>\n\t\t\t\t<\/div>\n\t\t","protected":false},"excerpt":{"rendered":"<p>A professora Marta Cocco, docente do Programa de P\u00f3s-Gradua\u00e7\u00e3o em Sa\u00fade e Ruralidade (PPGSR) da Universidade Federal de Santa Maria (UFSM), campus de Palmeira das Miss\u00f5es, foi uma das contempladas na 5\u00aa edi\u00e7\u00e3o do Pr\u00eamio Margarida Alves de Estudos sobre Ruralidades e Feminismos. A premia\u00e7\u00e3o, de abrang\u00eancia nacional, valoriza produ\u00e7\u00f5es acad\u00eamicas e trajet\u00f3rias comprometidas com [&hellip;]<\/p>\n","protected":false},"author":7681,"featured_media":0,"comment_status":"closed","ping_status":"closed","sticky":false,"template":"","format":"standard","meta":{"footnotes":""},"categories":[2],"tags":[],"class_list":["post-1158","post","type-post","status-publish","format-standard","hentry","category-noticias"],"acf":[],"_links":{"self":[{"href":"https:\/\/www.ufsm.br\/cursos\/pos-graduacao\/palmeira-das-missoes\/ppgsr\/wp-json\/wp\/v2\/posts\/1158","targetHints":{"allow":["GET"]}}],"collection":[{"href":"https:\/\/www.ufsm.br\/cursos\/pos-graduacao\/palmeira-das-missoes\/ppgsr\/wp-json\/wp\/v2\/posts"}],"about":[{"href":"https:\/\/www.ufsm.br\/cursos\/pos-graduacao\/palmeira-das-missoes\/ppgsr\/wp-json\/wp\/v2\/types\/post"}],"author":[{"embeddable":true,"href":"https:\/\/www.ufsm.br\/cursos\/pos-graduacao\/palmeira-das-missoes\/ppgsr\/wp-json\/wp\/v2\/users\/7681"}],"replies":[{"embeddable":true,"href":"https:\/\/www.ufsm.br\/cursos\/pos-graduacao\/palmeira-das-missoes\/ppgsr\/wp-json\/wp\/v2\/comments?post=1158"}],"version-history":[{"count":0,"href":"https:\/\/www.ufsm.br\/cursos\/pos-graduacao\/palmeira-das-missoes\/ppgsr\/wp-json\/wp\/v2\/posts\/1158\/revisions"}],"wp:attachment":[{"href":"https:\/\/www.ufsm.br\/cursos\/pos-graduacao\/palmeira-das-missoes\/ppgsr\/wp-json\/wp\/v2\/media?parent=1158"}],"wp:term":[{"taxonomy":"category","embeddable":true,"href":"https:\/\/www.ufsm.br\/cursos\/pos-graduacao\/palmeira-das-missoes\/ppgsr\/wp-json\/wp\/v2\/categories?post=1158"},{"taxonomy":"post_tag","embeddable":true,"href":"https:\/\/www.ufsm.br\/cursos\/pos-graduacao\/palmeira-das-missoes\/ppgsr\/wp-json\/wp\/v2\/tags?post=1158"}],"curies":[{"name":"wp","href":"https:\/\/api.w.org\/{rel}","templated":true}]}}