{"id":285,"date":"2022-05-05T20:35:53","date_gmt":"2022-05-05T23:35:53","guid":{"rendered":"https:\/\/www.ufsm.br\/cursos\/pos-graduacao\/palmeira-das-missoes\/ppgsr\/?p=285"},"modified":"2022-05-05T20:48:05","modified_gmt":"2022-05-05T23:48:05","slug":"ppgsr-realizara-aula-magna-com-o-seguinte-tema-desafios-da-pos-graduacao-no-brasil-e-perspectivas-da-internacionalizacao","status":"publish","type":"post","link":"https:\/\/www.ufsm.br\/cursos\/pos-graduacao\/palmeira-das-missoes\/ppgsr\/2022\/05\/05\/ppgsr-realizara-aula-magna-com-o-seguinte-tema-desafios-da-pos-graduacao-no-brasil-e-perspectivas-da-internacionalizacao","title":{"rendered":"PPGSR realizar\u00e1 Aula Magna com o seguinte tema: \u201cDesafios da P\u00f3s-Gradua\u00e7\u00e3o no Brasil e Perspectivas da Internacionaliza\u00e7\u00e3o\u201d"},"content":{"rendered":"\n<p class=\"wp-block-paragraph\">O Programa de P\u00f3s-Gradua\u00e7\u00e3o em Sa\u00fade e Ruralidade \u2013 PPGSR realizar\u00e1 sua Aula Magna com o seguinte tema: <em>\u201cDesafios da P\u00f3s-Gradua\u00e7\u00e3o no Brasil e Perspectivas da Internacionaliza\u00e7\u00e3o\u201d.<\/em><\/p>\n\n\n\n<p class=\"wp-block-paragraph\">O evento acontecer\u00e1 no dia 12 de maio, \u00e0s 9h:30min, no audit\u00f3rio da UFSM campus Palmeira das Miss\u00f5es. Ser\u00e3o disponibilizados certificados com carga horaria de 03 horas para os participantes.<\/p>\n\n\n\n<p class=\"wp-block-paragraph\">A Aula Magna contar\u00e1 com a ilustre presen\u00e7a do Prof. Dr. Pedro Fredemir Palha, Professor Titular do Departamento de Enfermagem Materno-Infantil e Sa\u00fade P\u00fablica da Escola de Enfermagem de Ribeir\u00e3o Preto (EERP\/USP).<\/p>\n\n\n\n<p class=\"wp-block-paragraph\">Pedro Palha \u00e9 graduado pela UNIJU\u00cd. Mestre em Enfermagem em Sa\u00fade P\u00fablica pelo Programa de P\u00f3s-gradua\u00e7\u00e3o Enfermagem em Sa\u00fade P\u00fablica da EERP\/USP, Doutor em Enfermagem pelo PPG-Interunidades de Doutoramento em Enfermagem da EERP\/EE\/USP e P\u00f3s-Doutorado pela Universidade de Alberta (Canad\u00e1).&nbsp;&nbsp;Atualmente, Pedro Fredemir Palha \u00e9 Diretor da Escola de Enfermagem de Ribeir\u00e3o Preto\/USP.<\/p>\n\n\n\n<p class=\"wp-block-paragraph\">As inscri\u00e7\u00f5es para a Aula Magna ser\u00e3o pelo link a seguir e possuem vagas limitadas.<\/p>\n\n\n\n<p class=\"wp-block-paragraph\">Marque sua presen\u00e7a. N\u00e3o fique de fora desse super evento do PPGSR!<\/p>\n\n\n\n<p class=\"wp-block-paragraph\"><a href=\"https:\/\/docs.google.com\/forms\/d\/e\/1FAIpQLSc467ASflKdi5ZK39pNxy9zpMkjaF85AjnFncsnoDv4crGINA\/viewform\" data-type=\"URL\" data-id=\"https:\/\/docs.google.com\/forms\/d\/e\/1FAIpQLSc467ASflKdi5ZK39pNxy9zpMkjaF85AjnFncsnoDv4crGINA\/viewform\" target=\"_blank\" rel=\"noreferrer noopener\">Link para inscri\u00e7\u00e3o <\/a><\/p>\n\n\n\n<div class=\"wp-block-image\"><figure class=\"aligncenter size-full\"><img fetchpriority=\"high\" decoding=\"async\" width=\"572\" height=\"578\" src=\"https:\/\/www.ufsm.br\/app\/uploads\/sites\/861\/2022\/05\/image.jpg\" alt=\"\" class=\"wp-image-286\" srcset=\"https:\/\/www.ufsm.br\/app\/uploads\/sites\/861\/2022\/05\/image.jpg 572w, https:\/\/www.ufsm.br\/app\/uploads\/sites\/861\/2022\/05\/image-297x300.jpg 297w\" sizes=\"(max-width: 572px) 100vw, 572px\" \/><\/figure><\/div>\n","protected":false},"excerpt":{"rendered":"<p>O Programa de P\u00f3s-Gradua\u00e7\u00e3o em Sa\u00fade e Ruralidade \u2013 PPGSR realizar\u00e1 sua Aula Magna com o seguinte tema: \u201cDesafios da P\u00f3s-Gradua\u00e7\u00e3o no Brasil e Perspectivas da Internacionaliza\u00e7\u00e3o\u201d. O evento acontecer\u00e1 no dia 12 de maio, \u00e0s 9h:30min, no audit\u00f3rio da UFSM campus Palmeira das Miss\u00f5es. Ser\u00e3o disponibilizados certificados com carga horaria de 03 horas para [&hellip;]<\/p>\n","protected":false},"author":5473,"featured_media":0,"comment_status":"closed","ping_status":"closed","sticky":false,"template":"","format":"standard","meta":{"footnotes":""},"categories":[2],"tags":[],"class_list":["post-285","post","type-post","status-publish","format-standard","hentry","category-noticias"],"acf":[],"_links":{"self":[{"href":"https:\/\/www.ufsm.br\/cursos\/pos-graduacao\/palmeira-das-missoes\/ppgsr\/wp-json\/wp\/v2\/posts\/285","targetHints":{"allow":["GET"]}}],"collection":[{"href":"https:\/\/www.ufsm.br\/cursos\/pos-graduacao\/palmeira-das-missoes\/ppgsr\/wp-json\/wp\/v2\/posts"}],"about":[{"href":"https:\/\/www.ufsm.br\/cursos\/pos-graduacao\/palmeira-das-missoes\/ppgsr\/wp-json\/wp\/v2\/types\/post"}],"author":[{"embeddable":true,"href":"https:\/\/www.ufsm.br\/cursos\/pos-graduacao\/palmeira-das-missoes\/ppgsr\/wp-json\/wp\/v2\/users\/5473"}],"replies":[{"embeddable":true,"href":"https:\/\/www.ufsm.br\/cursos\/pos-graduacao\/palmeira-das-missoes\/ppgsr\/wp-json\/wp\/v2\/comments?post=285"}],"version-history":[{"count":0,"href":"https:\/\/www.ufsm.br\/cursos\/pos-graduacao\/palmeira-das-missoes\/ppgsr\/wp-json\/wp\/v2\/posts\/285\/revisions"}],"wp:attachment":[{"href":"https:\/\/www.ufsm.br\/cursos\/pos-graduacao\/palmeira-das-missoes\/ppgsr\/wp-json\/wp\/v2\/media?parent=285"}],"wp:term":[{"taxonomy":"category","embeddable":true,"href":"https:\/\/www.ufsm.br\/cursos\/pos-graduacao\/palmeira-das-missoes\/ppgsr\/wp-json\/wp\/v2\/categories?post=285"},{"taxonomy":"post_tag","embeddable":true,"href":"https:\/\/www.ufsm.br\/cursos\/pos-graduacao\/palmeira-das-missoes\/ppgsr\/wp-json\/wp\/v2\/tags?post=285"}],"curies":[{"name":"wp","href":"https:\/\/api.w.org\/{rel}","templated":true}]}}