{"id":604,"date":"2026-08-27T14:53:58","date_gmt":"2026-08-27T17:53:58","guid":{"rendered":"https:\/\/www.ufsm.br\/cursos\/pos-graduacao\/santa-maria\/espgenero\/?p=604"},"modified":"2026-08-27T14:54:00","modified_gmt":"2026-08-27T17:54:00","slug":"defesa-de-especializacao-aline-indaia-dorneles-do-amaral","status":"publish","type":"post","link":"https:\/\/www.ufsm.br\/cursos\/pos-graduacao\/santa-maria\/espgenero\/2026\/08\/27\/defesa-de-especializacao-aline-indaia-dorneles-do-amaral","title":{"rendered":"Defesa de especializa\u00e7\u00e3o \u2013 Aline Indaia Dorneles do Amaral"},"content":{"rendered":"\n<p style=\"text-align: justify\">A P\u00f3s-Gradua\u00e7\u00e3o em Especializa\u00e7\u00e3o em Estudos de G\u00eanero (PGEEG) divulga a banca de defesa de Defesa de especializa\u00e7\u00e3o da discente <strong>Aline Indaia Dorneles do Amaral<\/strong>, intitulado\u00a0<strong>\u201cRef\u00fagio, g\u00eanero e trabalho: interseccionalidades na sa\u00fade mental de mulheres venezuelanas e a produ\u00e7\u00e3o de um guia de acolhimento no Brasil\u201d<\/strong>, que ser\u00e1 realizada no dia\u00a0<strong>31\/08\/2026<\/strong>, \u00e0s\u00a0<strong>10 horas<\/strong>,\u00a0<strong>local UFSM.<\/strong><\/p>\n<p>A comunidade acad\u00eamica est\u00e1 convidada a prestigiar a atividade.<\/p>\n<p>\u00a0<\/p>\n<p>Local: UFSM |Defesa por Videoconfer\u00eancia: <a href=\"https:\/\/meet.google.com\/xvj-hhvc-vor\" target=\"_blank\" rel=\"noopener\" data-saferedirecturl=\"https:\/\/www.google.com\/url?q=https:\/\/meet.google.com\/xvj-hhvc-vor&amp;source=gmail&amp;ust=1787938873366000&amp;usg=AOvVaw2kvEFDwqVZgcMbjWKO9iAd\">https:\/\/meet.google.com\/xvj-<wbr \/>hhvc-vor<\/a><\/p>\n<p><img fetchpriority=\"high\" decoding=\"async\" class=\"alignleft size-full wp-image-605\" src=\"https:\/\/www.ufsm.br\/app\/uploads\/sites\/598\/2026\/08\/PG-Genero-D.-Especializacao-ado-Aline-Indaia-Dorneles-do-Amaral.jpg\" alt=\"\" width=\"1080\" height=\"1080\" srcset=\"https:\/\/www.ufsm.br\/app\/uploads\/sites\/598\/2026\/08\/PG-Genero-D.-Especializacao-ado-Aline-Indaia-Dorneles-do-Amaral.jpg 1080w, https:\/\/www.ufsm.br\/app\/uploads\/sites\/598\/2026\/08\/PG-Genero-D.-Especializacao-ado-Aline-Indaia-Dorneles-do-Amaral-300x300.jpg 300w, https:\/\/www.ufsm.br\/app\/uploads\/sites\/598\/2026\/08\/PG-Genero-D.-Especializacao-ado-Aline-Indaia-Dorneles-do-Amaral-1024x1024.jpg 1024w, https:\/\/www.ufsm.br\/app\/uploads\/sites\/598\/2026\/08\/PG-Genero-D.-Especializacao-ado-Aline-Indaia-Dorneles-do-Amaral-150x150.jpg 150w, https:\/\/www.ufsm.br\/app\/uploads\/sites\/598\/2026\/08\/PG-Genero-D.-Especializacao-ado-Aline-Indaia-Dorneles-do-Amaral-768x768.jpg 768w\" sizes=\"(max-width: 1080px) 100vw, 1080px\" \/><\/p>\n","protected":false},"excerpt":{"rendered":"<p>A P\u00f3s-Gradua\u00e7\u00e3o em Especializa\u00e7\u00e3o em Estudos de G\u00eanero (PGEEG) divulga a banca de defesa de Defesa de especializa\u00e7\u00e3o da discente Aline Indaia Dorneles do Amaral, intitulado\u00a0\u201cRef\u00fagio, g\u00eanero e trabalho: interseccionalidades na sa\u00fade mental de mulheres venezuelanas e a produ\u00e7\u00e3o de um guia de acolhimento no Brasil\u201d, que ser\u00e1 realizada no dia\u00a031\/08\/2026, \u00e0s\u00a010 horas,\u00a0local UFSM. A [&hellip;]<\/p>\n","protected":false},"author":905,"featured_media":0,"comment_status":"closed","ping_status":"closed","sticky":false,"template":"","format":"standard","meta":{"footnotes":""},"categories":[35,9,2],"tags":[],"class_list":["post-604","post","type-post","status-publish","format-standard","hentry","category-defesas","category-destaques","category-noticias"],"acf":[],"_links":{"self":[{"href":"https:\/\/www.ufsm.br\/cursos\/pos-graduacao\/santa-maria\/espgenero\/wp-json\/wp\/v2\/posts\/604","targetHints":{"allow":["GET"]}}],"collection":[{"href":"https:\/\/www.ufsm.br\/cursos\/pos-graduacao\/santa-maria\/espgenero\/wp-json\/wp\/v2\/posts"}],"about":[{"href":"https:\/\/www.ufsm.br\/cursos\/pos-graduacao\/santa-maria\/espgenero\/wp-json\/wp\/v2\/types\/post"}],"author":[{"embeddable":true,"href":"https:\/\/www.ufsm.br\/cursos\/pos-graduacao\/santa-maria\/espgenero\/wp-json\/wp\/v2\/users\/905"}],"replies":[{"embeddable":true,"href":"https:\/\/www.ufsm.br\/cursos\/pos-graduacao\/santa-maria\/espgenero\/wp-json\/wp\/v2\/comments?post=604"}],"version-history":[{"count":0,"href":"https:\/\/www.ufsm.br\/cursos\/pos-graduacao\/santa-maria\/espgenero\/wp-json\/wp\/v2\/posts\/604\/revisions"}],"wp:attachment":[{"href":"https:\/\/www.ufsm.br\/cursos\/pos-graduacao\/santa-maria\/espgenero\/wp-json\/wp\/v2\/media?parent=604"}],"wp:term":[{"taxonomy":"category","embeddable":true,"href":"https:\/\/www.ufsm.br\/cursos\/pos-graduacao\/santa-maria\/espgenero\/wp-json\/wp\/v2\/categories?post=604"},{"taxonomy":"post_tag","embeddable":true,"href":"https:\/\/www.ufsm.br\/cursos\/pos-graduacao\/santa-maria\/espgenero\/wp-json\/wp\/v2\/tags?post=604"}],"curies":[{"name":"wp","href":"https:\/\/api.w.org\/{rel}","templated":true}]}}