{"id":1398,"date":"2026-09-02T09:56:50","date_gmt":"2026-09-02T12:56:50","guid":{"rendered":"https:\/\/www.ufsm.br\/cursos\/pos-graduacao\/santa-maria\/mpcs\/?p=1398"},"modified":"2026-09-02T10:01:07","modified_gmt":"2026-09-02T13:01:07","slug":"ufsm-abre-inscricoes-para-o-teste-de-suficiencia-em-leitura-em-lingua-estrangeira-2o-semestre-de-2026","status":"publish","type":"post","link":"https:\/\/www.ufsm.br\/cursos\/pos-graduacao\/santa-maria\/mpcs\/2026\/09\/02\/ufsm-abre-inscricoes-para-o-teste-de-suficiencia-em-leitura-em-lingua-estrangeira-2o-semestre-de-2026","title":{"rendered":"UFSM abre inscri\u00e7\u00f5es para o Teste de Sufici\u00eancia em Leitura em L\u00edngua Estrangeira \u2013 2\u00ba semestre de 2026"},"content":{"rendered":"\n<p class=\"PDq2pG_selectionAnchorContainer\" data-start=\"563\" data-end=\"845\">Universidade Federal de Santa Maria (UFSM), por meio do Departamento de Letras Estrangeiras Modernas (DLEM), do Centro de Artes e Letras (CAL), est\u00e1 com inscri\u00e7\u00f5es abertas para o <strong data-start=\"744\" data-end=\"844\">Teste de Sufici\u00eancia em Leitura em L\u00edngua Estrangeira (TESLLE), referente ao 2\u00ba semestre de 2026<\/strong>.<\/p>\n<p data-start=\"847\" data-end=\"1017\">O TESLLE tem como objetivo <strong data-start=\"874\" data-end=\"940\">aferir a habilidade de leitura acad\u00eamica em l\u00edngua estrangeira<\/strong> e \u00e9 destinado, entre outros p\u00fablicos, a estudantes de p\u00f3s-gradua\u00e7\u00e3o da UFSM.<\/p>\n<p data-start=\"1019\" data-end=\"1266\">Nesta edi\u00e7\u00e3o, o teste poder\u00e1 ser realizado em uma das seguintes l\u00ednguas, conforme op\u00e7\u00e3o escolhida no momento da inscri\u00e7\u00e3o: <strong data-start=\"1142\" data-end=\"1208\">franc\u00eas, espanhol, ingl\u00eas ou portugu\u00eas como l\u00edngua estrangeira<\/strong>. A avalia\u00e7\u00e3o ser\u00e1 composta por <strong data-start=\"1240\" data-end=\"1265\">16 quest\u00f5es objetivas<\/strong>.<\/p>\n<h3 data-section-id=\"hfz8fi\" data-start=\"1268\" data-end=\"1282\">Inscri\u00e7\u00f5es<\/h3>\n<p data-start=\"1284\" data-end=\"1378\">As inscri\u00e7\u00f5es est\u00e3o abertas de <strong data-start=\"1315\" data-end=\"1356\">25 de agosto a 30 de setembro de 2026<\/strong>, at\u00e9 as <strong data-start=\"1365\" data-end=\"1377\">23h59min<\/strong>.<\/p>\n<p data-start=\"1380\" data-end=\"1405\">A taxa de inscri\u00e7\u00e3o \u00e9 de:<\/p>\n<ul data-start=\"1407\" data-end=\"1513\">\n<li data-section-id=\"12vih8u\" data-start=\"1407\" data-end=\"1459\"><strong data-start=\"1409\" data-end=\"1421\">R$ 75,00<\/strong> para estudantes e servidores da UFSM;<\/li>\n<li data-section-id=\"pvg0a0\" data-start=\"1460\" data-end=\"1513\"><strong data-start=\"1462\" data-end=\"1475\">R$ 100,00<\/strong> para pessoas externas \u00e0 Universidade.<\/li>\n<\/ul>\n<h3 data-section-id=\"15v0e2p\" data-start=\"1515\" data-end=\"1540\">Data e local da prova<\/h3>\n<p data-start=\"1542\" data-end=\"1641\">O TESLLE ser\u00e1 realizado no dia <strong data-start=\"1573\" data-end=\"1599\">22 de novembro de 2026<\/strong>, no munic\u00edpio-sede de <strong data-start=\"1622\" data-end=\"1640\">Santa Maria\/RS<\/strong>.<\/p>\n<p data-start=\"1643\" data-end=\"1721\">A aplica\u00e7\u00e3o ter\u00e1 in\u00edcio \u00e0s <strong data-start=\"1670\" data-end=\"1682\">13h30min<\/strong>, com t\u00e9rmino previsto para as <strong data-start=\"1713\" data-end=\"1720\">16h<\/strong>.<\/p>\n<p data-start=\"1723\" data-end=\"1903\">Os interessados devem consultar o edital para obter informa\u00e7\u00f5es completas sobre requisitos, procedimentos de inscri\u00e7\u00e3o, pagamento da taxa, realiza\u00e7\u00e3o da prova e demais orienta\u00e7\u00f5es.<\/p>\n\n\n\n<div class=\"wp-block-buttons is-content-justification-center is-layout-flex wp-container-core-buttons-is-layout-fe48e5de wp-block-buttons-is-layout-flex\">\n<div class=\"wp-block-button\"><a class=\"wp-block-button__link has-text-align-center wp-element-button\" href=\"https:\/\/www.ufsm.br\/pro-reitorias\/prpgp\/teslle\/editais\/003-2026\"><strong>ACESSE AQUI O EDITAL<\/strong><\/a><\/div>\n<\/div>\n\n\n\n\n\n\n","protected":false},"excerpt":{"rendered":"<p>Est\u00e3o abertas, at\u00e9 30 de setembro, as inscri\u00e7\u00f5es para o TESLLE do 2\u00ba semestre de 2026, que ser\u00e1 realizado no dia 22 de novembro, em Santa Maria.<\/p>\n","protected":false},"author":990,"featured_media":1400,"comment_status":"closed","ping_status":"closed","sticky":false,"template":"","format":"standard","meta":{"footnotes":""},"categories":[9,2],"tags":[25,98,37,36],"class_list":["post-1398","post","type-post","status-publish","format-standard","has-post-thumbnail","hentry","category-destaques","category-noticias","tag-mpcs","tag-teslle","tag-teste-de-proficiencia","tag-teste-de-suficiencia"],"acf":[],"_links":{"self":[{"href":"https:\/\/www.ufsm.br\/cursos\/pos-graduacao\/santa-maria\/mpcs\/wp-json\/wp\/v2\/posts\/1398","targetHints":{"allow":["GET"]}}],"collection":[{"href":"https:\/\/www.ufsm.br\/cursos\/pos-graduacao\/santa-maria\/mpcs\/wp-json\/wp\/v2\/posts"}],"about":[{"href":"https:\/\/www.ufsm.br\/cursos\/pos-graduacao\/santa-maria\/mpcs\/wp-json\/wp\/v2\/types\/post"}],"author":[{"embeddable":true,"href":"https:\/\/www.ufsm.br\/cursos\/pos-graduacao\/santa-maria\/mpcs\/wp-json\/wp\/v2\/users\/990"}],"replies":[{"embeddable":true,"href":"https:\/\/www.ufsm.br\/cursos\/pos-graduacao\/santa-maria\/mpcs\/wp-json\/wp\/v2\/comments?post=1398"}],"version-history":[{"count":0,"href":"https:\/\/www.ufsm.br\/cursos\/pos-graduacao\/santa-maria\/mpcs\/wp-json\/wp\/v2\/posts\/1398\/revisions"}],"wp:featuredmedia":[{"embeddable":true,"href":"https:\/\/www.ufsm.br\/cursos\/pos-graduacao\/santa-maria\/mpcs\/wp-json\/wp\/v2\/media\/1400"}],"wp:attachment":[{"href":"https:\/\/www.ufsm.br\/cursos\/pos-graduacao\/santa-maria\/mpcs\/wp-json\/wp\/v2\/media?parent=1398"}],"wp:term":[{"taxonomy":"category","embeddable":true,"href":"https:\/\/www.ufsm.br\/cursos\/pos-graduacao\/santa-maria\/mpcs\/wp-json\/wp\/v2\/categories?post=1398"},{"taxonomy":"post_tag","embeddable":true,"href":"https:\/\/www.ufsm.br\/cursos\/pos-graduacao\/santa-maria\/mpcs\/wp-json\/wp\/v2\/tags?post=1398"}],"curies":[{"name":"wp","href":"https:\/\/api.w.org\/{rel}","templated":true}]}}