{"id":709,"date":"2024-04-05T11:50:23","date_gmt":"2024-04-05T14:50:23","guid":{"rendered":"https:\/\/www.ufsm.br\/cursos\/pos-graduacao\/santa-maria\/mpcs\/?p=709"},"modified":"2024-06-08T15:49:51","modified_gmt":"2024-06-08T18:49:51","slug":"edital-01-2024-teste-de-suficiencia-em-leitura-em-lingua-estrangeira","status":"publish","type":"post","link":"https:\/\/www.ufsm.br\/cursos\/pos-graduacao\/santa-maria\/mpcs\/2024\/04\/05\/edital-01-2024-teste-de-suficiencia-em-leitura-em-lingua-estrangeira","title":{"rendered":"Edital 01\/2024 \u2013 TESTE DE SUFICI\u00caNCIA EM LEITURA EM L\u00cdNGUA ESTRANGEIRA"},"content":{"rendered":"\n<p>[<em>Divulga\u00e7\u00e3o 31\/05\/2024 11:05<\/em>] <strong>Confira os locais de prova<\/strong> <strong><a href=\"https:\/\/www.ufsm.br\/app\/uploads\/sites\/368\/2024\/03\/1.3.6.20.01-Listagem-dos-Inscritos-com-Local-de-Prova-Visualizacao.pdf\">aqui<\/a><\/strong>.<\/p>\n<p><span style=\"color: #ff0000\"><span style=\"color: #000000\">[<\/span><strong>RETIFICA\u00c7\u00c3O<\/strong> <\/span>07\/06\/2024 09:06] <strong>TESLLE tem nova data de aplica\u00e7\u00e3o<\/strong>. Acesse <strong><a href=\"https:\/\/www.ufsm.br\/unidades-universitarias\/cal\/2024\/06\/07\/atencao-teslle-tem-nova-data-de-aplicacao\">aqui<\/a><\/strong>.<\/p>\n<p style=\"text-align: center\"><img fetchpriority=\"high\" decoding=\"async\" class=\" wp-image-711 aligncenter\" src=\"https:\/\/www.ufsm.br\/app\/uploads\/sites\/566\/2024\/04\/TESLLE-300x180.jpg\" alt=\"\" width=\"463\" height=\"278\" srcset=\"https:\/\/www.ufsm.br\/app\/uploads\/sites\/566\/2024\/04\/TESLLE-300x180.jpg 300w, https:\/\/www.ufsm.br\/app\/uploads\/sites\/566\/2024\/04\/TESLLE.jpg 756w\" sizes=\"(max-width: 463px) 100vw, 463px\" \/><\/p>\n<p>A Universidade Federal de Santa Maria (UFSM), por meio do Departamento de Letras Estrangeiras Modernas (DLEM), do Centro de Artes e Letras (CAL), torna p\u00fablico que, no per\u00edodo de 25 de mar\u00e7o a <strong>15 de abril de 2024,<\/strong>\u00a0<strong>at\u00e9 \u00e0s 23h59min<\/strong>, estar\u00e3o abertas as inscri\u00e7\u00f5es ao Teste de Sufici\u00eancia em Leitura em L\u00edngua Estrangeira (TESLLE) para o 1\u00ba semestre de 2024, um teste de nivelamento que visa aferir a habilidade de leitura acad\u00eamica em l\u00ednguas estrangeiras, conforme a\u00a0<a href=\"https:\/\/www.ufsm.br\/pro-reitorias\/prpgp\/teslle\/informacoes-gerais\/\">Resolu\u00e7\u00e3o n.\u00ba 003\/2010<\/a>, da UFSM.<\/p>\n<p>Lembrando que o <strong>INGL\u00caS<\/strong> \u00e9 a l\u00edngua estrangeira exigida no Mestrado Profissional em Ci\u00eancias da Sa\u00fade.<\/p>\n<p><strong>EDITAL, inscri\u00e7\u00f5es e todas publica\u00e7\u00f5es <a href=\"https:\/\/www.ufsm.br\/unidades-universitarias\/cal\/editais\/001-2024-6\">AQUI<\/a>.<\/strong><\/p>\n<p>Para esclarecimentos via e-mail: <a href=\"mailto:suficiencia.ufsm@gmail.com\">suficiencia.ufsm@gmail.com<\/a>.<\/p>\n<p>Extras:<\/p>\n<p>Site do <a href=\"https:\/\/www.ufsm.br\/pro-reitorias\/prpgp\/teslle\">TESLLE<\/a>.<\/p>\n","protected":false},"excerpt":{"rendered":"<p>[Divulga\u00e7\u00e3o 31\/05\/2024 11:05] Confira os locais de prova aqui. [RETIFICA\u00c7\u00c3O 07\/06\/2024 09:06] TESLLE tem nova data de aplica\u00e7\u00e3o. Acesse aqui. A Universidade Federal de Santa Maria (UFSM), por meio do Departamento de Letras Estrangeiras Modernas (DLEM), do Centro de Artes e Letras (CAL), torna p\u00fablico que, no per\u00edodo de 25 de mar\u00e7o a 15 de [&hellip;]<\/p>\n","protected":false},"author":990,"featured_media":759,"comment_status":"closed","ping_status":"closed","sticky":true,"template":"","format":"standard","meta":{"footnotes":""},"categories":[9,2],"tags":[98,36],"class_list":["post-709","post","type-post","status-publish","format-standard","has-post-thumbnail","hentry","category-destaques","category-noticias","tag-teslle","tag-teste-de-suficiencia"],"acf":[],"_links":{"self":[{"href":"https:\/\/www.ufsm.br\/cursos\/pos-graduacao\/santa-maria\/mpcs\/wp-json\/wp\/v2\/posts\/709","targetHints":{"allow":["GET"]}}],"collection":[{"href":"https:\/\/www.ufsm.br\/cursos\/pos-graduacao\/santa-maria\/mpcs\/wp-json\/wp\/v2\/posts"}],"about":[{"href":"https:\/\/www.ufsm.br\/cursos\/pos-graduacao\/santa-maria\/mpcs\/wp-json\/wp\/v2\/types\/post"}],"author":[{"embeddable":true,"href":"https:\/\/www.ufsm.br\/cursos\/pos-graduacao\/santa-maria\/mpcs\/wp-json\/wp\/v2\/users\/990"}],"replies":[{"embeddable":true,"href":"https:\/\/www.ufsm.br\/cursos\/pos-graduacao\/santa-maria\/mpcs\/wp-json\/wp\/v2\/comments?post=709"}],"version-history":[{"count":0,"href":"https:\/\/www.ufsm.br\/cursos\/pos-graduacao\/santa-maria\/mpcs\/wp-json\/wp\/v2\/posts\/709\/revisions"}],"wp:featuredmedia":[{"embeddable":true,"href":"https:\/\/www.ufsm.br\/cursos\/pos-graduacao\/santa-maria\/mpcs\/wp-json\/wp\/v2\/media\/759"}],"wp:attachment":[{"href":"https:\/\/www.ufsm.br\/cursos\/pos-graduacao\/santa-maria\/mpcs\/wp-json\/wp\/v2\/media?parent=709"}],"wp:term":[{"taxonomy":"category","embeddable":true,"href":"https:\/\/www.ufsm.br\/cursos\/pos-graduacao\/santa-maria\/mpcs\/wp-json\/wp\/v2\/categories?post=709"},{"taxonomy":"post_tag","embeddable":true,"href":"https:\/\/www.ufsm.br\/cursos\/pos-graduacao\/santa-maria\/mpcs\/wp-json\/wp\/v2\/tags?post=709"}],"curies":[{"name":"wp","href":"https:\/\/api.w.org\/{rel}","templated":true}]}}