{"id":1893,"date":"2026-09-04T17:11:29","date_gmt":"2026-09-04T20:11:29","guid":{"rendered":"https:\/\/www.ufsm.br\/cursos\/pos-graduacao\/santa-maria\/pgeec\/?p=1893"},"modified":"2026-09-04T17:13:14","modified_gmt":"2026-09-04T20:13:14","slug":"comemoracao-dos-21-anos-do-ppgeci-reune-comunidade-de-pesquisa-em-porto-alegre","status":"publish","type":"post","link":"https:\/\/www.ufsm.br\/cursos\/pos-graduacao\/santa-maria\/pgeec\/2026\/09\/04\/comemoracao-dos-21-anos-do-ppgeci-reune-comunidade-de-pesquisa-em-porto-alegre","title":{"rendered":"Comemora\u00e7\u00e3o dos 21 Anos do PPGECi re\u00fane comunidade de pesquisa em Porto Alegre"},"content":{"rendered":"\n<p data-path-to-node=\"1\">\u00a0\u00a0<img fetchpriority=\"high\" decoding=\"async\" class=\"size-medium wp-image-1888 alignleft\" src=\"https:\/\/www.ufsm.br\/app\/uploads\/sites\/565\/2026\/09\/1000198017-288x300.jpg\" alt=\"\" width=\"288\" height=\"300\" srcset=\"https:\/\/www.ufsm.br\/app\/uploads\/sites\/565\/2026\/09\/1000198017-288x300.jpg 288w, https:\/\/www.ufsm.br\/app\/uploads\/sites\/565\/2026\/09\/1000198017-982x1024.jpg 982w, https:\/\/www.ufsm.br\/app\/uploads\/sites\/565\/2026\/09\/1000198017-768x801.jpg 768w, https:\/\/www.ufsm.br\/app\/uploads\/sites\/565\/2026\/09\/1000198017-1472x1536.jpg 1472w, https:\/\/www.ufsm.br\/app\/uploads\/sites\/565\/2026\/09\/1000198017.jpg 1920w\" sizes=\"(max-width: 288px) 100vw, 288px\" \/><span style=\"color: revert;font-size: revert;font-weight: revert\">Em celebra\u00e7\u00e3o aos 21 anos do Programa de P\u00f3s-Gradua\u00e7\u00e3o em Educa\u00e7\u00e3o em Ci\u00eancias (PPGECi) \u2014 associa\u00e7\u00e3o ampla entre universidades do Rio Grande do Sul \u2014, Porto Alegre sedia um semin\u00e1rio especial com programa\u00e7\u00e3o intensa nos dias 20 e 21 de agosto de 2026. O evento foi realizado no pr\u00e9dio do Instituto de Ci\u00eancias B\u00e1sicas da Sa\u00fade (ICBS) da UFRGS e contou tamb\u00e9m com oficinas integradas no formato remoto.<\/span><\/p>\n<p data-path-to-node=\"2\">A abertura oficial foi realizada pela manh\u00e3 no Audit\u00f3rio do ICBS, com a presen\u00e7a das coordena\u00e7\u00f5es de Sede, diretores da UFRGS e da pr\u00f3-reitora de p\u00f3s Gradua\u00e7\u00e3o profa Claudia Wasserman . O primeiro dia contou com pain\u00e9is dedicados \u00e0s trajet\u00f3rias e ao futuro do Ensino de Ci\u00eancias no estado, \u00e0 troca de experi\u00eancias acad\u00eamicas entre programas da \u00e1rea e \u00e0s atualiza\u00e7\u00f5es sobre a avalia\u00e7\u00e3o da CAPES, com a presen\u00e7a da Coordenadora Adjunta (Programas Acad\u00eamicos) professora Dra. Andr\u00e9ia Maria Pereira de Oliveira (UFBA).<img decoding=\"async\" class=\"wp-image-1886 size-medium alignright\" src=\"https:\/\/www.ufsm.br\/app\/uploads\/sites\/565\/2026\/09\/IMG-20260820-WA0054-e1788552291250-300x141.jpg\" alt=\"\" width=\"300\" height=\"141\" \/><\/p>\n<p data-path-to-node=\"2\">A Sede UFSM esteve representada pelo coordenador\u00a0 Prof Dr. Daniel Morin Ocampo, pelo coordenador adjunto Prof. Luiz Caldeira, docentes e discentes de Santa Maria.\u00a0<\/p>\n<p data-path-to-node=\"4\">A programa\u00e7\u00e3o incluiu oficinas tem\u00e1ticas que abordam de metodologias de ensino \u00e0 inclus\u00e3o e diversidade, dentre elas:Investiga\u00e7\u00e3o na Pr\u00e1tica Docente, Produ\u00e7\u00e3o de Dados em Pesquisa, Inclus\u00e3o e Diversidade, Tecnologia e Decolonialidade.<\/p>\n<p data-path-to-node=\"4\"><img decoding=\"async\" class=\"alignnone size-medium wp-image-1889\" src=\"https:\/\/www.ufsm.br\/app\/uploads\/sites\/565\/2026\/09\/20260820_115331-224x300.jpg\" alt=\"\" width=\"224\" height=\"300\" srcset=\"https:\/\/www.ufsm.br\/app\/uploads\/sites\/565\/2026\/09\/20260820_115331-224x300.jpg 224w, https:\/\/www.ufsm.br\/app\/uploads\/sites\/565\/2026\/09\/20260820_115331-766x1024.jpg 766w, https:\/\/www.ufsm.br\/app\/uploads\/sites\/565\/2026\/09\/20260820_115331-768x1027.jpg 768w, https:\/\/www.ufsm.br\/app\/uploads\/sites\/565\/2026\/09\/20260820_115331-1149x1536.jpg 1149w, https:\/\/www.ufsm.br\/app\/uploads\/sites\/565\/2026\/09\/20260820_115331-1532x2048.jpg 1532w, https:\/\/www.ufsm.br\/app\/uploads\/sites\/565\/2026\/09\/20260820_115331-scaled.jpg 1915w\" sizes=\"(max-width: 224px) 100vw, 224px\" \/>\u00a0 \u00a0\u00a0 <img loading=\"lazy\" decoding=\"async\" class=\"alignnone size-medium wp-image-1887\" src=\"https:\/\/www.ufsm.br\/app\/uploads\/sites\/565\/2026\/09\/1000197253-224x300.jpg\" alt=\"\" width=\"224\" height=\"300\" srcset=\"https:\/\/www.ufsm.br\/app\/uploads\/sites\/565\/2026\/09\/1000197253-224x300.jpg 224w, https:\/\/www.ufsm.br\/app\/uploads\/sites\/565\/2026\/09\/1000197253-766x1024.jpg 766w, https:\/\/www.ufsm.br\/app\/uploads\/sites\/565\/2026\/09\/1000197253-768x1027.jpg 768w, https:\/\/www.ufsm.br\/app\/uploads\/sites\/565\/2026\/09\/1000197253-1149x1536.jpg 1149w, https:\/\/www.ufsm.br\/app\/uploads\/sites\/565\/2026\/09\/1000197253-1532x2048.jpg 1532w, https:\/\/www.ufsm.br\/app\/uploads\/sites\/565\/2026\/09\/1000197253-scaled.jpg 1915w\" sizes=\"(max-width: 224px) 100vw, 224px\" \/><\/p>\n","protected":false},"excerpt":{"rendered":"<p>\u00a0\u00a0Em celebra\u00e7\u00e3o aos 21 anos do Programa de P\u00f3s-Gradua\u00e7\u00e3o em Educa\u00e7\u00e3o em Ci\u00eancias (PPGECi) \u2014 associa\u00e7\u00e3o ampla entre universidades do Rio Grande do Sul \u2014, Porto Alegre sedia um semin\u00e1rio especial com programa\u00e7\u00e3o intensa nos dias 20 e 21 de agosto de 2026. O evento foi realizado no pr\u00e9dio do Instituto de Ci\u00eancias B\u00e1sicas da [&hellip;]<\/p>\n","protected":false},"author":1326,"featured_media":1886,"comment_status":"closed","ping_status":"closed","sticky":false,"template":"","format":"standard","meta":{"footnotes":""},"categories":[1,2],"tags":[52,53,103],"class_list":["post-1893","post","type-post","status-publish","format-standard","has-post-thumbnail","hentry","category-sem-categoria","category-noticias","tag-educacao-em-ciencias","tag-ensino-de-ciencias","tag-ppgeci"],"acf":[],"_links":{"self":[{"href":"https:\/\/www.ufsm.br\/cursos\/pos-graduacao\/santa-maria\/pgeec\/wp-json\/wp\/v2\/posts\/1893","targetHints":{"allow":["GET"]}}],"collection":[{"href":"https:\/\/www.ufsm.br\/cursos\/pos-graduacao\/santa-maria\/pgeec\/wp-json\/wp\/v2\/posts"}],"about":[{"href":"https:\/\/www.ufsm.br\/cursos\/pos-graduacao\/santa-maria\/pgeec\/wp-json\/wp\/v2\/types\/post"}],"author":[{"embeddable":true,"href":"https:\/\/www.ufsm.br\/cursos\/pos-graduacao\/santa-maria\/pgeec\/wp-json\/wp\/v2\/users\/1326"}],"replies":[{"embeddable":true,"href":"https:\/\/www.ufsm.br\/cursos\/pos-graduacao\/santa-maria\/pgeec\/wp-json\/wp\/v2\/comments?post=1893"}],"version-history":[{"count":0,"href":"https:\/\/www.ufsm.br\/cursos\/pos-graduacao\/santa-maria\/pgeec\/wp-json\/wp\/v2\/posts\/1893\/revisions"}],"wp:attachment":[{"href":"https:\/\/www.ufsm.br\/cursos\/pos-graduacao\/santa-maria\/pgeec\/wp-json\/wp\/v2\/media?parent=1893"}],"wp:term":[{"taxonomy":"category","embeddable":true,"href":"https:\/\/www.ufsm.br\/cursos\/pos-graduacao\/santa-maria\/pgeec\/wp-json\/wp\/v2\/categories?post=1893"},{"taxonomy":"post_tag","embeddable":true,"href":"https:\/\/www.ufsm.br\/cursos\/pos-graduacao\/santa-maria\/pgeec\/wp-json\/wp\/v2\/tags?post=1893"}],"curies":[{"name":"wp","href":"https:\/\/api.w.org\/{rel}","templated":true}]}}