{"id":574,"date":"2020-05-11T15:04:39","date_gmt":"2020-05-11T18:04:39","guid":{"rendered":"https:\/\/www.ufsm.br\/cursos\/pos-graduacao\/santa-maria\/pgeec\/?p=574"},"modified":"2020-08-20T10:47:32","modified_gmt":"2020-08-20T13:47:32","slug":"gamificacao-ideia-ufsm-no-youtube","status":"publish","type":"post","link":"https:\/\/www.ufsm.br\/cursos\/pos-graduacao\/santa-maria\/pgeec\/2020\/05\/11\/gamificacao-ideia-ufsm-no-youtube","title":{"rendered":"Gamifica\u00e7\u00e3o com Profa. Karine Bueno &#8211; IDEIA UFSM no Youtube"},"content":{"rendered":"\n<p><iframe src=\"https:\/\/www.youtube.com\/embed\/WO2ES7MNwAE\" width=\"560\" height=\"315\" frameborder=\"0\" allowfullscreen=\"allowfullscreen\"><\/iframe><\/p>\n<div id=\"meta\" class=\"style-scope ytd-watch-flexy\">\n<div id=\"meta-contents\" class=\"style-scope ytd-watch-flexy\">\n<div id=\"container\" class=\"style-scope ytd-video-secondary-info-renderer\">\n<div id=\"content\" class=\"style-scope ytd-expander\">\n<div id=\"description\" class=\"style-scope ytd-video-secondary-info-renderer\">Profa. Karine Bueno \u00e9 Licenciada em Educa\u00e7\u00e3o F\u00edsica (Unicruz), acad\u00eamica de Pedagogia, Especialista em Gest\u00e3o Educacional (UFSM) e Mestra em Educa\u00e7\u00e3o em Ci\u00eancias (UFSM) Atua como Assessora Pedag\u00f3gica da Pr\u00f3-Reitoria de Gradua\u00e7\u00e3o da Universidade de Cruz Alta (Unicruz)<\/div>\n<div class=\"style-scope ytd-video-secondary-info-renderer\">contato: karinebueno20@gmail.com<\/div>\n<\/div>\n<\/div>\n<\/div>\n<\/div>\n<div id=\"ticket-shelf\" class=\"style-scope ytd-watch-flexy\">\u00a0<\/div>\n<div id=\"merch-shelf\" class=\"style-scope ytd-watch-flexy\">\u00a0<\/div>\n<div id=\"header\" class=\"style-scope ytd-item-section-renderer\">\n<div id=\"title\" class=\"style-scope ytd-comments-header-renderer\">\u00a0<\/div>\n<\/div>\n<p>\u00a0<\/p>\n","protected":false},"excerpt":{"rendered":"<p>Profa. Karine Bueno \u00e9 Licenciada em Educa\u00e7\u00e3o F\u00edsica (Unicruz), acad\u00eamica de Pedagogia, Especialista em Gest\u00e3o Educacional (UFSM) e Mestra em Educa\u00e7\u00e3o em Ci\u00eancias (UFSM)<br \/>\nAtua como Assessora Pedag\u00f3gica da Pr\u00f3-Reitoria de Gradua\u00e7\u00e3o da Universidade de Cruz Alta (Unicruz)<br \/>\ncontato: karinebueno20@gmail.com<\/p>\n","protected":false},"author":1326,"featured_media":0,"comment_status":"closed","ping_status":"closed","sticky":true,"template":"","format":"standard","meta":{"footnotes":""},"categories":[44,2,43],"tags":[52,53,49,35,54],"class_list":["post-574","post","type-post","status-publish","format-standard","hentry","category-divulgacao","category-noticias","category-producao","tag-educacao-em-ciencias","tag-ensino-de-ciencias","tag-gamificacao","tag-ideia","tag-ideiaufsm"],"acf":[],"_links":{"self":[{"href":"https:\/\/www.ufsm.br\/cursos\/pos-graduacao\/santa-maria\/pgeec\/wp-json\/wp\/v2\/posts\/574","targetHints":{"allow":["GET"]}}],"collection":[{"href":"https:\/\/www.ufsm.br\/cursos\/pos-graduacao\/santa-maria\/pgeec\/wp-json\/wp\/v2\/posts"}],"about":[{"href":"https:\/\/www.ufsm.br\/cursos\/pos-graduacao\/santa-maria\/pgeec\/wp-json\/wp\/v2\/types\/post"}],"author":[{"embeddable":true,"href":"https:\/\/www.ufsm.br\/cursos\/pos-graduacao\/santa-maria\/pgeec\/wp-json\/wp\/v2\/users\/1326"}],"replies":[{"embeddable":true,"href":"https:\/\/www.ufsm.br\/cursos\/pos-graduacao\/santa-maria\/pgeec\/wp-json\/wp\/v2\/comments?post=574"}],"version-history":[{"count":0,"href":"https:\/\/www.ufsm.br\/cursos\/pos-graduacao\/santa-maria\/pgeec\/wp-json\/wp\/v2\/posts\/574\/revisions"}],"wp:attachment":[{"href":"https:\/\/www.ufsm.br\/cursos\/pos-graduacao\/santa-maria\/pgeec\/wp-json\/wp\/v2\/media?parent=574"}],"wp:term":[{"taxonomy":"category","embeddable":true,"href":"https:\/\/www.ufsm.br\/cursos\/pos-graduacao\/santa-maria\/pgeec\/wp-json\/wp\/v2\/categories?post=574"},{"taxonomy":"post_tag","embeddable":true,"href":"https:\/\/www.ufsm.br\/cursos\/pos-graduacao\/santa-maria\/pgeec\/wp-json\/wp\/v2\/tags?post=574"}],"curies":[{"name":"wp","href":"https:\/\/api.w.org\/{rel}","templated":true}]}}