{"id":1967,"date":"2021-11-12T17:07:47","date_gmt":"2021-11-12T20:07:47","guid":{"rendered":"https:\/\/www.ufsm.br\/cursos\/pos-graduacao\/santa-maria\/poscom\/?p=1967"},"modified":"2021-11-12T17:07:48","modified_gmt":"2021-11-12T20:07:48","slug":"professor-do-poscom-realiza-palestra-sobre-pesquisas-em-jornalismo-ambiental-na-universidade-santo-amaro","status":"publish","type":"post","link":"https:\/\/www.ufsm.br\/cursos\/pos-graduacao\/santa-maria\/poscom\/2021\/11\/12\/professor-do-poscom-realiza-palestra-sobre-pesquisas-em-jornalismo-ambiental-na-universidade-santo-amaro","title":{"rendered":"Professor do Poscom realiza palestra sobre pesquisas em Jornalismo Ambiental na Universidade Santo Amaro"},"content":{"rendered":"\n<p class=\"wp-block-paragraph\">Na \u00faltima quarta-feira, 10 de novembro, o professor do Programa de P\u00f3s-Gradua\u00e7\u00e3o em Comunica\u00e7\u00e3o UFSM (Poscom), Reges Schwaab, participou do 24.\u00ba Congresso de Inicia\u00e7\u00e3o Cient\u00edfica e da 4.\u00aa Webconfer\u00eancia Internacional de Pesquisa, promovidos pela Universidade Santo Amaro (Unisa) e pela Universidade Cat\u00f3lica Portuguesa (UCP).<br>No evento, o professor ministrou a palestra Panorama da pesquisa em jornalismo ambiental no Brasil, que abordou a trajet\u00f3ria e o atual contexto das pesquisas que envolvem a tem\u00e1tica no pa\u00eds, bem como a necessidade da compreens\u00e3o da transversalidade do tema ambiental, rumo \u00e0 uma alteridade radical como \u00e9tica da a\u00e7\u00e3o dos sujeitos diante do cen\u00e1rio de emerg\u00eancia clim\u00e1tica.<br>Com o tema central Ci\u00eancia, tecnologia e inova\u00e7\u00e3o em prol do desenvolvimento sustent\u00e1vel, o evento buscou discutir as rela\u00e7\u00f5es entre a revolu\u00e7\u00e3o cient\u00edfico-tecnol\u00f3gica contempor\u00e2nea e o desenvolvimento sustent\u00e1vel. O Congresso aconteceu na modalidade remota e contou com pesquisadores do Brasil, do Reino Unido e de Portugal.<\/p>\n","protected":false},"excerpt":{"rendered":"<p>Na \u00faltima quarta-feira, 10 de novembro, o professor do Programa de P\u00f3s-Gradua\u00e7\u00e3o em Comunica\u00e7\u00e3o UFSM (Poscom), Reges Schwaab, participou do 24.\u00ba Congresso de Inicia\u00e7\u00e3o Cient\u00edfica e da 4.\u00aa Webconfer\u00eancia Internacional de Pesquisa, promovidos pela Universidade Santo Amaro (Unisa) e pela Universidade Cat\u00f3lica Portuguesa (UCP).No evento, o professor ministrou a palestra Panorama da pesquisa em jornalismo [&hellip;]<\/p>\n","protected":false},"author":727,"featured_media":0,"comment_status":"closed","ping_status":"closed","sticky":false,"template":"","format":"standard","meta":{"footnotes":""},"categories":[1],"tags":[],"class_list":["post-1967","post","type-post","status-publish","format-standard","hentry","category-sem-categoria"],"acf":[],"_links":{"self":[{"href":"https:\/\/www.ufsm.br\/cursos\/pos-graduacao\/santa-maria\/poscom\/wp-json\/wp\/v2\/posts\/1967","targetHints":{"allow":["GET"]}}],"collection":[{"href":"https:\/\/www.ufsm.br\/cursos\/pos-graduacao\/santa-maria\/poscom\/wp-json\/wp\/v2\/posts"}],"about":[{"href":"https:\/\/www.ufsm.br\/cursos\/pos-graduacao\/santa-maria\/poscom\/wp-json\/wp\/v2\/types\/post"}],"author":[{"embeddable":true,"href":"https:\/\/www.ufsm.br\/cursos\/pos-graduacao\/santa-maria\/poscom\/wp-json\/wp\/v2\/users\/727"}],"replies":[{"embeddable":true,"href":"https:\/\/www.ufsm.br\/cursos\/pos-graduacao\/santa-maria\/poscom\/wp-json\/wp\/v2\/comments?post=1967"}],"version-history":[{"count":0,"href":"https:\/\/www.ufsm.br\/cursos\/pos-graduacao\/santa-maria\/poscom\/wp-json\/wp\/v2\/posts\/1967\/revisions"}],"wp:attachment":[{"href":"https:\/\/www.ufsm.br\/cursos\/pos-graduacao\/santa-maria\/poscom\/wp-json\/wp\/v2\/media?parent=1967"}],"wp:term":[{"taxonomy":"category","embeddable":true,"href":"https:\/\/www.ufsm.br\/cursos\/pos-graduacao\/santa-maria\/poscom\/wp-json\/wp\/v2\/categories?post=1967"},{"taxonomy":"post_tag","embeddable":true,"href":"https:\/\/www.ufsm.br\/cursos\/pos-graduacao\/santa-maria\/poscom\/wp-json\/wp\/v2\/tags?post=1967"}],"curies":[{"name":"wp","href":"https:\/\/api.w.org\/{rel}","templated":true}]}}