{"id":2889,"date":"2023-10-26T15:58:21","date_gmt":"2023-10-26T18:58:21","guid":{"rendered":"https:\/\/www.ufsm.br\/cursos\/pos-graduacao\/santa-maria\/poscom\/?p=2889"},"modified":"2025-05-22T13:48:47","modified_gmt":"2025-05-22T16:48:47","slug":"selecao-abertura-de-processo-seletivo-especifico-do-programa-de-pos-graduacao-em-comunicacao-nivel-de-mestrado-e-doutorado-vinculado-ao-edital-geral-prpgp-ufsm-n-031-2023-1a-jan","status":"publish","type":"post","link":"https:\/\/www.ufsm.br\/cursos\/pos-graduacao\/santa-maria\/poscom\/2023\/10\/26\/selecao-abertura-de-processo-seletivo-especifico-do-programa-de-pos-graduacao-em-comunicacao-nivel-de-mestrado-e-doutorado-vinculado-ao-edital-geral-prpgp-ufsm-n-031-2023-1a-jan","title":{"rendered":"Sele\u00e7\u00e3o \u2013 Abertura de Processo Seletivo Espec\u00edfico do Programa de P\u00f3s-Gradua\u00e7\u00e3o em Comunica\u00e7\u00e3o, n\u00edvel de Mestrado e Doutorado, vinculado ao Edital Geral PRPGP\/UFSM N. 031\/2023 \u2013 1\u00aa Janela."},"content":{"rendered":"\n<p class=\"wp-block-paragraph\"><\/p>\n\n\n\n<p><img fetchpriority=\"high\" decoding=\"async\" class=\"aligncenter size-full wp-image-2890\" src=\"https:\/\/www.ufsm.br\/app\/uploads\/sites\/513\/2023\/10\/Banner-edital-POSCOM-Comunicacao-Selecao-1a-Janela-2024.jpg\" alt=\"\" width=\"1024\" height=\"270\" srcset=\"https:\/\/www.ufsm.br\/app\/uploads\/sites\/513\/2023\/10\/Banner-edital-POSCOM-Comunicacao-Selecao-1a-Janela-2024.jpg 1024w, https:\/\/www.ufsm.br\/app\/uploads\/sites\/513\/2023\/10\/Banner-edital-POSCOM-Comunicacao-Selecao-1a-Janela-2024-300x79.jpg 300w, https:\/\/www.ufsm.br\/app\/uploads\/sites\/513\/2023\/10\/Banner-edital-POSCOM-Comunicacao-Selecao-1a-Janela-2024-768x203.jpg 768w\" sizes=\"(max-width: 1024px) 100vw, 1024px\" \/><\/p>\n<p style=\"text-align: justify\">Abertura de Processo Seletivo Espec\u00edfico do Programa de P\u00f3s-Gradua\u00e7\u00e3o em Comunica\u00e7\u00e3o, n\u00edvel de Mestrado e Doutorado, vinculado ao Edital Geral PRPGP\/UFSM N. 031\/2023 (ingresso fluxo cont\u00ednuo 2024).<\/p>\n<p style=\"text-align: justify\">O Programa de P\u00f3s-gradua\u00e7\u00e3o em Comunica\u00e7\u00e3o (POSCOM) da Universidade Federal de Santa Maria (UFSM) torna p\u00fablica a abertura de inscri\u00e7\u00f5es para o processo de sele\u00e7\u00e3o de candidatos aos cursos de Mestrado\u00a0 e Doutorado Acad\u00eamico em Comunica\u00e7\u00e3o, para ingresso no ano de 2024.\u00a0<\/p>\n<p>Solicitamos aos (as) candidatos (as) que leiam atentamente as instru\u00e7\u00f5es gerais e depois as espec\u00edfica:<\/p>\n<h3><strong>Instru\u00e7\u00f5es Gerais:<\/strong><\/h3>\n<p>Edital Geral e espec\u00edficos: <a href=\"https:\/\/www.ufsm.br\/pro-reitorias\/prpgp\/editais\/031-2023\">https:\/\/www.ufsm.br\/pro-reitorias\/prpgp\/editais\/031-2023<\/a><\/p>\n<p>Passo a passo para inscri\u00e7\u00e3o:\u00a0<a href=\"https:\/\/www.ufsm.br\/app\/uploads\/sites\/345\/2023\/10\/2-anexo1-inscricao.pdf\">https:\/\/www.ufsm.br\/app\/uploads\/sites\/345\/2023\/10\/2-anexo1-inscricao.pdf<\/a><\/p>\n<p>Passo a passo para confirma\u00e7\u00e3o de vaga:\u00a0<a href=\"https:\/\/www.ufsm.br\/app\/uploads\/sites\/345\/2023\/10\/3-anexo2-confirmacaovaga.pdf\">https:\/\/www.ufsm.br\/app\/uploads\/sites\/345\/2023\/10\/3-anexo2-confirmacaovaga.pdf<\/a><\/p>\n<p><strong>1\u00aa Janela \u2013 Sistema de Inscri\u00e7\u00f5es Online:\u00a0<\/strong><a href=\"https:\/\/portal.ufsm.br\/concursos\/inscricao\/opcoes.html?edicao=4761\">https:\/\/portal.ufsm.br\/concursos\/inscricao\/opcoes.html?edicao=4761<\/a><\/p>\n","protected":false},"excerpt":{"rendered":"<p>Abertura de Processo Seletivo Espec\u00edfico do Programa de P\u00f3s-Gradua\u00e7\u00e3o em Comunica\u00e7\u00e3o, n\u00edvel de Mestrado e Doutorado, vinculado ao Edital Geral PRPGP\/UFSM N. 031\/2023 (ingresso fluxo cont\u00ednuo 2024). O Programa de P\u00f3s-gradua\u00e7\u00e3o em Comunica\u00e7\u00e3o (POSCOM) da Universidade Federal de Santa Maria (UFSM) torna p\u00fablica a abertura de inscri\u00e7\u00f5es para o processo de sele\u00e7\u00e3o de candidatos aos [&hellip;]<\/p>\n","protected":false},"author":905,"featured_media":2890,"comment_status":"closed","ping_status":"closed","sticky":false,"template":"","format":"standard","meta":{"footnotes":""},"categories":[9,39,2],"tags":[],"class_list":["post-2889","post","type-post","status-publish","format-standard","has-post-thumbnail","hentry","category-destaques","category-eventos","category-noticias"],"acf":[],"_links":{"self":[{"href":"https:\/\/www.ufsm.br\/cursos\/pos-graduacao\/santa-maria\/poscom\/wp-json\/wp\/v2\/posts\/2889","targetHints":{"allow":["GET"]}}],"collection":[{"href":"https:\/\/www.ufsm.br\/cursos\/pos-graduacao\/santa-maria\/poscom\/wp-json\/wp\/v2\/posts"}],"about":[{"href":"https:\/\/www.ufsm.br\/cursos\/pos-graduacao\/santa-maria\/poscom\/wp-json\/wp\/v2\/types\/post"}],"author":[{"embeddable":true,"href":"https:\/\/www.ufsm.br\/cursos\/pos-graduacao\/santa-maria\/poscom\/wp-json\/wp\/v2\/users\/905"}],"replies":[{"embeddable":true,"href":"https:\/\/www.ufsm.br\/cursos\/pos-graduacao\/santa-maria\/poscom\/wp-json\/wp\/v2\/comments?post=2889"}],"version-history":[{"count":0,"href":"https:\/\/www.ufsm.br\/cursos\/pos-graduacao\/santa-maria\/poscom\/wp-json\/wp\/v2\/posts\/2889\/revisions"}],"wp:featuredmedia":[{"embeddable":true,"href":"https:\/\/www.ufsm.br\/cursos\/pos-graduacao\/santa-maria\/poscom\/wp-json\/wp\/v2\/media\/2890"}],"wp:attachment":[{"href":"https:\/\/www.ufsm.br\/cursos\/pos-graduacao\/santa-maria\/poscom\/wp-json\/wp\/v2\/media?parent=2889"}],"wp:term":[{"taxonomy":"category","embeddable":true,"href":"https:\/\/www.ufsm.br\/cursos\/pos-graduacao\/santa-maria\/poscom\/wp-json\/wp\/v2\/categories?post=2889"},{"taxonomy":"post_tag","embeddable":true,"href":"https:\/\/www.ufsm.br\/cursos\/pos-graduacao\/santa-maria\/poscom\/wp-json\/wp\/v2\/tags?post=2889"}],"curies":[{"name":"wp","href":"https:\/\/api.w.org\/{rel}","templated":true}]}}