{"id":3414,"date":"2024-04-24T15:44:05","date_gmt":"2024-04-24T18:44:05","guid":{"rendered":"https:\/\/www.ufsm.br\/cursos\/pos-graduacao\/santa-maria\/poscom\/?p=3414"},"modified":"2024-04-24T15:44:08","modified_gmt":"2024-04-24T18:44:08","slug":"defesa-de-mestrado-gabriela-pereira-machado","status":"publish","type":"post","link":"https:\/\/www.ufsm.br\/cursos\/pos-graduacao\/santa-maria\/poscom\/2024\/04\/24\/defesa-de-mestrado-gabriela-pereira-machado","title":{"rendered":"Defesa de mestrado \u2013 Gabriela Pereira Machado"},"content":{"rendered":"\n<p style=\"text-align: justify\">O Programa de P\u00f3s-Gradua\u00e7\u00e3o em Comunica\u00e7\u00e3o divulga a banca de defesa de mestrado da aluna <strong><span class=\"il\">Gabriela Pereira Machado<\/span><\/strong>, com o t\u00edtulo \u201c<strong>Conex\u00f5es e V\u00ednculos: Um olhar sobre as Redes Comunicativas entre Mulheres<\/strong>\u201d, que ocorrer\u00e1 no dia 29 de abril, \u00e0s 14 horas. Para solicitar acesso \u00e0 sala de videoconfer\u00eancia, envie e-mail, com anteced\u00eancia, para\u00a0<a href=\"mailto:gabriela-machado.gm@acad.ufsm.br\" target=\"_blank\" rel=\"noopener\">gabriela-machado.gm@acad.ufsm.br<\/a>.<\/p>\n<p><img fetchpriority=\"high\" decoding=\"async\" class=\"alignnone size-full wp-image-3415\" src=\"https:\/\/www.ufsm.br\/app\/uploads\/sites\/513\/2024\/04\/Gabriela-Pereira-Machado.jpg\" alt=\"\" width=\"1080\" height=\"1080\" srcset=\"https:\/\/www.ufsm.br\/app\/uploads\/sites\/513\/2024\/04\/Gabriela-Pereira-Machado.jpg 1080w, https:\/\/www.ufsm.br\/app\/uploads\/sites\/513\/2024\/04\/Gabriela-Pereira-Machado-300x300.jpg 300w, https:\/\/www.ufsm.br\/app\/uploads\/sites\/513\/2024\/04\/Gabriela-Pereira-Machado-1024x1024.jpg 1024w, https:\/\/www.ufsm.br\/app\/uploads\/sites\/513\/2024\/04\/Gabriela-Pereira-Machado-150x150.jpg 150w, https:\/\/www.ufsm.br\/app\/uploads\/sites\/513\/2024\/04\/Gabriela-Pereira-Machado-768x768.jpg 768w\" sizes=\"(max-width: 1080px) 100vw, 1080px\" \/><\/p>\n","protected":false},"excerpt":{"rendered":"<p>O Programa de P\u00f3s-Gradua\u00e7\u00e3o em Comunica\u00e7\u00e3o divulga a banca de defesa de mestrado da aluna Gabriela Pereira Machado, com o t\u00edtulo \u201cConex\u00f5es e V\u00ednculos: Um olhar sobre as Redes Comunicativas entre Mulheres\u201d, que ocorrer\u00e1 no dia 29 de abril, \u00e0s 14 horas. Para solicitar acesso \u00e0 sala de videoconfer\u00eancia, envie e-mail, com anteced\u00eancia, para\u00a0gabriela-machado.gm@acad.ufsm.br.<\/p>\n","protected":false},"author":6613,"featured_media":3415,"comment_status":"closed","ping_status":"closed","sticky":false,"template":"","format":"standard","meta":{"footnotes":""},"categories":[262,2],"tags":[],"class_list":["post-3414","post","type-post","status-publish","format-standard","has-post-thumbnail","hentry","category-defesas","category-noticias"],"acf":[],"_links":{"self":[{"href":"https:\/\/www.ufsm.br\/cursos\/pos-graduacao\/santa-maria\/poscom\/wp-json\/wp\/v2\/posts\/3414","targetHints":{"allow":["GET"]}}],"collection":[{"href":"https:\/\/www.ufsm.br\/cursos\/pos-graduacao\/santa-maria\/poscom\/wp-json\/wp\/v2\/posts"}],"about":[{"href":"https:\/\/www.ufsm.br\/cursos\/pos-graduacao\/santa-maria\/poscom\/wp-json\/wp\/v2\/types\/post"}],"author":[{"embeddable":true,"href":"https:\/\/www.ufsm.br\/cursos\/pos-graduacao\/santa-maria\/poscom\/wp-json\/wp\/v2\/users\/6613"}],"replies":[{"embeddable":true,"href":"https:\/\/www.ufsm.br\/cursos\/pos-graduacao\/santa-maria\/poscom\/wp-json\/wp\/v2\/comments?post=3414"}],"version-history":[{"count":0,"href":"https:\/\/www.ufsm.br\/cursos\/pos-graduacao\/santa-maria\/poscom\/wp-json\/wp\/v2\/posts\/3414\/revisions"}],"wp:featuredmedia":[{"embeddable":true,"href":"https:\/\/www.ufsm.br\/cursos\/pos-graduacao\/santa-maria\/poscom\/wp-json\/wp\/v2\/media\/3415"}],"wp:attachment":[{"href":"https:\/\/www.ufsm.br\/cursos\/pos-graduacao\/santa-maria\/poscom\/wp-json\/wp\/v2\/media?parent=3414"}],"wp:term":[{"taxonomy":"category","embeddable":true,"href":"https:\/\/www.ufsm.br\/cursos\/pos-graduacao\/santa-maria\/poscom\/wp-json\/wp\/v2\/categories?post=3414"},{"taxonomy":"post_tag","embeddable":true,"href":"https:\/\/www.ufsm.br\/cursos\/pos-graduacao\/santa-maria\/poscom\/wp-json\/wp\/v2\/tags?post=3414"}],"curies":[{"name":"wp","href":"https:\/\/api.w.org\/{rel}","templated":true}]}}