{"id":3526,"date":"2024-07-24T08:40:00","date_gmt":"2024-07-24T11:40:00","guid":{"rendered":"https:\/\/www.ufsm.br\/cursos\/pos-graduacao\/santa-maria\/poscom\/?p=3526"},"modified":"2024-08-07T00:49:24","modified_gmt":"2024-08-07T03:49:24","slug":"acontecimentos-e-a-influencia-na-mudanca-social","status":"publish","type":"post","link":"https:\/\/www.ufsm.br\/cursos\/pos-graduacao\/santa-maria\/poscom\/2024\/07\/24\/acontecimentos-e-a-influencia-na-mudanca-social","title":{"rendered":"Acontecimentos e a Influ\u00eancia na Mudan\u00e7a Social"},"content":{"rendered":"\t\t<div data-elementor-type=\"wp-post\" data-elementor-id=\"3526\" class=\"elementor elementor-3526\">\n\t\t\t\t\t\t<section class=\"elementor-section elementor-top-section elementor-element elementor-element-360fb1f8 elementor-section-boxed elementor-section-height-default elementor-section-height-default\" data-id=\"360fb1f8\" data-element_type=\"section\">\n\t\t\t\t\t\t<div class=\"elementor-container elementor-column-gap-default\">\n\t\t\t\t\t<div class=\"elementor-column elementor-col-100 elementor-top-column elementor-element elementor-element-2adabeb\" data-id=\"2adabeb\" data-element_type=\"column\">\n\t\t\t<div class=\"elementor-widget-wrap elementor-element-populated\">\n\t\t\t\t\t\t<div class=\"elementor-element elementor-element-5a4615c2 elementor-widget elementor-widget-text-editor\" data-id=\"5a4615c2\" data-element_type=\"widget\" data-widget_type=\"text-editor.default\">\n\t\t\t\t<div class=\"elementor-widget-container\">\n\t\t\t\t\t\t\t<p><!-- wp:paragraph {\"fontSize\":\"medium\"} --><\/p>\n<h6><span style=\"font-size: 8pt\"><b>T<\/b><b>exto por: Natalie Pereira Soares<\/b><\/span><\/h6>\n<p><!-- \/wp:paragraph --><\/p>\n<p><!-- wp:paragraph --><\/p>\n<p>O dia a dia est\u00e1 repleto de acontecimentos. Alguns maiores como um discurso presidencial que muda os rumos da vida de uma parcela populacional, ou menores como o cancelamento da prova de gram\u00e1tica. Cada um com o peso proporcional \u00e0quele a quem ele se refere. Para as jornalistas e pesquisadoras, Vera Fran\u00e7a e Suzana Lopes, o acontecimento \u00e9 \u201cuma ocorr\u00eancia, um fato concreto do cotidiano com grande poder de afeta\u00e7\u00e3o, que suscita inquieta\u00e7\u00f5es, demanda escolhas e provoca a\u00e7\u00f5es\u201d. O acontecimento vai convocar e revelar sentidos que explicam muito sobre a sociedade em que ele ocorre.&nbsp;<\/p>\n<p><!-- \/wp:paragraph --><\/p>\n<p><!-- wp:paragraph --><\/p>\n<p>O impeachment da Presidente Dilma Rousseff, por exemplo, tem muito a dizer sobre o machismo no Brasil, assim como sobre o temor da popula\u00e7\u00e3o em rela\u00e7\u00e3o \u00e0 corrup\u00e7\u00e3o, que prontamente aceitou seu vice-presidente, Michel Temer, sem muitas ressalvas. A tese de doutorado \u201c<a href=\"https:\/\/bdtd.ibict.br\/vufind\/Record\/UFMT_a04b4d998371419fe256162df2b13be5\">De louca a incompetente : constru\u00e7\u00f5es discursivas em rela\u00e7\u00e3o \u00e0 ex-presidenta Dilma Rousseff<\/a>\u201d, de Perla Haydee da Silva na Universidade Federal do Mato Grosso (UFMT), mostra essa interliga\u00e7\u00e3o entre a viol\u00eancia de genero atrav\u00e9s da linguagem. Segundo a pesquisadora, o uso de termos ofensivos revelam uma sociedade machista, que visa a exclus\u00e3o das mulheres dos espa\u00e7os p\u00fablicos e de poder.<\/p>\n<p><!-- \/wp:paragraph --><\/p>\n<p><!-- wp:paragraph --><\/p>\n<p>Quando acontece na sociedade, acontece tamb\u00e9m no jornalismo. Diversas pesquisas apontam as coberturas midi\u00e1ticas se pautando em valores machistas e mis\u00f3ginos: <a href=\"https:\/\/portalintercom.org.br\/anais\/nordeste2017\/resumos\/R57-1163-1.pdf\">A face machista do impeachment<\/a>: postura de revistas brasileiras perante o processo de destitui\u00e7\u00e3o da presidenta Dilma Rousseff; <a href=\"https:\/\/pantheon.ufrj.br\/bitstream\/11422\/6446\/1\/SDevulsky.pdf\">Imprensa no contra-ataque<\/a>: discurso machista e o impeachment da presidenta Dilma; <a href=\"https:\/\/revistaeletronicardfd.unibrasil.com.br\/index.php\/rdfd\/article\/view\/916\">Bailarinas n\u00e3o fazem pol\u00edtica?<\/a> An\u00e1lise da viol\u00eancia de g\u00eanero presente no processo de impeachment de Dilma Rousseff.<\/p>\n<p><!-- \/wp:paragraph --><\/p>\n<p><!-- wp:paragraph --><\/p>\n<p>Entendemos que os acontecimentos s\u00e3o coisas concretas e reais, antes de serem colocadas no discurso. Ele tamb\u00e9m \u00e9 passageiro, e a dimens\u00e3o da experi\u00eancia no acontecimento \u00e9 o que instiga as autoras: \u201cpois nos possibilita identificar nele os elementos que constituem nossas intera\u00e7\u00f5es com os outros seres humanos e tamb\u00e9m com todo o restante do mundo da vida cotidiana, entrecortada pelo inesperado, pelo epis\u00f3dico, pelo emergente que irrompe, desorganiza e (re)organiza o social\u201d (Franca; Lopes, 2017, p. 75).<\/p>\n<p><!-- \/wp:paragraph --><\/p>\n<p><!-- wp:paragraph --><\/p>\n<p>As intera\u00e7\u00f5es citadas acima nos mostram que os acontecimentos sempre ser\u00e3o sentidos de forma coletiva, fazendo-nos sentir o impacto no nosso cotidiano e, provavelmente, no dia a dia de outras pessoas do nosso meio. Sendo um revelador dos sentidos sociais, o acontecimento abre as cortinas para o desafio de identificar tend\u00eancias que apontam para a preserva\u00e7\u00e3o e\/ou renova\u00e7\u00e3o da vida social. Uma lota\u00e7\u00e3o em um \u00f4nibus que deixa de levar estudantes \u00e0s provas na Universidade tem tanto a dizer sobre a forma que as popula\u00e7\u00f5es de classe mais baixa s\u00e3o tratadas no pa\u00eds quanto o afastamento da primeira presidente mulher. A lota\u00e7\u00e3o do \u00f4nibus e o descontentamento da sociedade ali presente interliga temas hist\u00f3ricos, pol\u00edticos e sociais. A partir do sentimento coletivo, permiss\u00edvel pela intera\u00e7\u00e3o entre os indiv\u00edduos, podemos averiguar o acontecimento como instaurador de novos horizontes, possuidor de um car\u00e1ter fundador e inaugural, introduzindo algo de novo ou de in\u00e9dito. Sendo assim, podemos visualizar a potencialidade do acontecimento. Ele traz \u00e0 tona quest\u00f5es p\u00fablicas veladas, aponta possibilidades de mobiliza\u00e7\u00e3o e instiga a provocar mudan\u00e7as.<\/p>\n<p><!-- \/wp:paragraph --><\/p>\n<p><!-- wp:paragraph --><\/p>\n<p>O sentimento coletivo emana na necessidade de informa\u00e7\u00e3o por parte do p\u00fablico espectador do ve\u00edculo. Este p\u00fablico comenta nas redes e discute, dentro e fora delas, o que est\u00e1 posto como not\u00edcia no momento. Nesse sentido, a fun\u00e7\u00e3o do jornalista de acordo com a profissional da \u00e1rea Eleonora de Lucena \u201c\u00e9&nbsp; relatar&nbsp; e&nbsp; organizar&nbsp; o&nbsp; seu&nbsp; relato trazendo&nbsp; uma&nbsp; interpreta\u00e7\u00e3o&nbsp; dos&nbsp; fatos,&nbsp; mas&nbsp; trazendo&nbsp; tamb\u00e9m,&nbsp; em contraposi\u00e7\u00e3o&nbsp; a&nbsp; isso,&nbsp; diferentes&nbsp; vis\u00f5es&nbsp; sobre&nbsp; aquele&nbsp; mesmo&nbsp; fato, de forma a dar instrumentos para os leitores definirem a sua vis\u00e3o\u201d (Abreu; Rocha, 2006 apud Reginato, 2018).&nbsp;<\/p>\n<p><!-- \/wp:paragraph --><\/p>\n<p><!-- wp:paragraph --><\/p>\n<p>Segundo Gisele Reginato (2018), os brasileiros acreditam nos meios de comunica\u00e7\u00e3o como difusores da verdade e entre as doze finalidades do jornalismo compostas por ela (ap\u00f3s uma extensa pesquisa com discursos dos ve\u00edculos Folha&nbsp; de&nbsp; S\u00e3o&nbsp; Paulo,&nbsp; O&nbsp; Globo&nbsp; e&nbsp; O&nbsp; Estado&nbsp; de&nbsp; S\u00e3o&nbsp; Paulo,&nbsp; de&nbsp; 85&nbsp; jornalistas&nbsp; brasileiros&nbsp; e&nbsp; de&nbsp; 250&nbsp; leitores) est\u00e3o movimentos de sentimento coletivo como \u201cesclarecer&nbsp; o&nbsp; cidad\u00e3o e apresentar a pluralidade da sociedade\u201d e \u201cintegrar e mobilizar as pessoas\u201d. Este sentimento coletivo e societ\u00e1rio \u00e9 o respons\u00e1vel por criar e modificar os sentidos entre os indiv\u00edduos. Nas redes sociais, presenciamos mobiliza\u00e7\u00f5es e discuss\u00f5es que demonstram isto.&nbsp;&nbsp;<\/p>\n<p><!-- \/wp:paragraph --><\/p>\n<p><!-- wp:paragraph --><\/p>\n<p>No jornalismo, n\u00e3o \u00e9 tudo que vai \u201cao ar\u201d, pois n\u00e3o \u00e9 todo acontecimento que ser\u00e1 relevante a todas as pessoas. Crit\u00e9rios de noticiabilidade, valores-not\u00edcia e interesse p\u00fablico definem o que ser\u00e1 publicado. Miquel Rodrigo Alsina (2022) destaca que os meios de comunica\u00e7\u00e3o tem um olhar a concorr\u00eancia, portanto replicam os mesmos temas que outros ve\u00edculos, gerando um \u201csil\u00eancio midi\u00e1tico\u201d que deixa algumas discuss\u00f5es de lado. A partir de ent\u00e3o podemos ver como o acontecimento n\u00e3o \u00e9 aquilo que interessa \u00e0 audi\u00eancia, mas \u00e9 aquilo que os meios consideram que interessa \u00e0 audi\u00eancia (Mart\u00ed; Abib, 2022, p. 966). Para barrar isso, h\u00e1 meios de comunica\u00e7\u00e3o focados em noticiar apenas esses ecos midi\u00e1ticos, n\u00e3o cobertos pelos canais tradicionais.<\/p>\n<p><!-- \/wp:paragraph --><\/p>\n<p><!-- wp:paragraph --><\/p>\n<p>\u00c9 claro que a audi\u00eancia tamb\u00e9m pode buscar sua voz e pautar conte\u00fados de seu interesse. Em <em>trends topics<\/em> de redes sociais como o X (antigo Twitter), por exemplo, \u00e9 poss\u00edvel ranquear interesses que postos em alta, os ve\u00edculos ver\u00e3o a necessidade de apurar. Por\u00e9m, s\u00e3o milhares de indiv\u00edduos falando sobre um mesmo assunto para que isso aconte\u00e7a. Esse movimento acaba \u201cfor\u00e7ando\u201d os ve\u00edculos de olhar para certos assuntos. A partir das redes sociais digitais, Alsina (2022) cita que se pode ver mais claramente as disputas entre o sistema social, pol\u00edtico, e o sistema midi\u00e1tico. O pesquisador ainda diz que os pol\u00edticos usam esses canais para criar sua pr\u00f3pria agenda e disseminar <em>fake news<\/em>, o que podemos ver em suma atrav\u00e9s de epis\u00f3dios jornal\u00edsticos baseados em declara\u00e7\u00f5es de pol\u00edticos em momentos de crise.<\/p>\n<p><!-- \/wp:paragraph --><\/p>\n<p><!-- wp:paragraph --><\/p>\n<p>Finalmente, neste texto, usamos o conceito de acontecimento para compreender o jornalismo como um reflexo subjetivo e um meio de compreens\u00e3o dos acontecimentos sociais cotidianos ou n\u00e3o, sobretudo, na vis\u00e3o que a m\u00eddia quer olhar. Atrav\u00e9s das not\u00edcias e da cobertura midi\u00e1tica, podemos entender melhor as din\u00e2micas sociais, pol\u00edticas e culturais que moldam a nossa sociedade. Embora haja o desafio da sele\u00e7\u00e3o de quais acontecimentos s\u00e3o considerados relevantes e dignos de cobertura, destacamos a import\u00e2ncia de uma imprensa livre e diversificada, capaz de expor conte\u00fados que o sil\u00eancio midi\u00e1tico n\u00e3o cobre.&nbsp;<\/p>\n<p><!-- \/wp:paragraph --><\/p>\n<p><!-- wp:paragraph --><\/p>\n<p>Dessa forma, o jornalismo colabora para&nbsp; a constru\u00e7\u00e3o de sentidos sociais desempenhando um papel crucial na forma\u00e7\u00e3o do sentimento coletivo e na mobiliza\u00e7\u00e3o da sociedade. Atrav\u00e9s da dissemina\u00e7\u00e3o de informa\u00e7\u00f5es e da apresenta\u00e7\u00e3o de diferentes perspectivas sobre os acontecimentos, o jornalismo permite que as pessoas formem suas pr\u00f3prias opini\u00f5es e participem ativamente do debate p\u00fablico.<\/p>\n<p><!-- \/wp:paragraph --><\/p>\n<p><!-- wp:paragraph --><\/p>\n<p><!-- \/wp:paragraph --><\/p>\n<p><!-- wp:paragraph --><\/p>\n<p><strong>Refer\u00eancias<\/strong><\/p>\n<p><!-- \/wp:paragraph --><\/p>\n<p><!-- wp:paragraph --><\/p>\n<p>AMORIM, Andr\u00e9 Felipe et al. A FACE MACHISTA DO IMPEACHMENT: postura de revistas brasileiras perante o processo de destitui\u00e7\u00e3o da presidenta Dilma Rousseff. In: <strong>XIX Congresso de Ci\u00eancias da Comunica\u00e7\u00e3o na Regi\u00e3o Nordeste\u2013Fortaleza-CE\u201329\/06 a<\/strong>. 2017.<\/p>\n<p><!-- \/wp:paragraph --><\/p>\n<p><!-- wp:paragraph --><\/p>\n<p>DEVULSKY, Suzana Brito. Imprensa no contra ataque: discurso machista e o impeachment da presidente Dilma. <strong>Trabalho de Conclus\u00e3o de Curso (Gradua\u00e7\u00e3o em Comunica\u00e7\u00e3o-Habilita\u00e7\u00e3o em Jornalismo)-Escola de Comunica\u00e7\u00e3o, Universidade Federal do Rio de Janeiro, Rio de Janeiro<\/strong>, 2016.<\/p>\n<p><!-- \/wp:paragraph --><\/p>\n<p><!-- wp:paragraph --><\/p>\n<p>FRAN\u00c7A, V. R. V.; LOPES, S. C. <strong>An\u00e1lise do acontecimento:<\/strong> possibilidades metodol\u00f3gicas. Matrizes, V.11, N.3. set.\/dez. 2017.<\/p>\n<p><!-- \/wp:paragraph --><\/p>\n<p><!-- wp:paragraph --><\/p>\n<p>MART\u00cd, Xavier Gir\u00f3; ABIB, Tayane Aidar. Acontecimento jornal\u00edstico, comunica\u00e7\u00e3o intercultural e compreens\u00e3o do outro: uma entrevista com Miquel Rodrigo Alsina. <strong>Comunica\u00e7\u00e3o &amp; Informa\u00e7\u00e3o<\/strong>, v. 25, p. 967-971, 2022.<\/p>\n<p><!-- \/wp:paragraph --><\/p>\n<p><!-- wp:paragraph --><\/p>\n<p>REGINATO, Gisele Dotto. As finalidades do jornalismo: percep\u00e7\u00f5es de ve\u00edculos, jornalistas e leitores. Revista Famecos, Porto Alegre, v. 25, n. 3, p. 1-18, setembro, outubro, novembro e dezembro de 2018: ID29349. DOI: &lt;http:\/\/dx.doi.org\/10.15448\/1980-3729.2018.3.29349&gt;.<\/p>\n<p><!-- \/wp:paragraph --><\/p>\n<p><!-- wp:paragraph --><\/p>\n<p>SANTIAGO, Brunna Rabelo; SALIBA, Maur\u00edcio Gon\u00e7alves. BAILARINAS N\u00c3O FAZEM POL\u00cdTICA? AN\u00c1LISE DA VIOL\u00caNCIA DE G\u00caNERO PRESENTE NO PROCESSO DE IMPEACHMENT DE DILMA ROUSSEFF. DON\u2019T BALLERINAS MAKE POLITICS? ANALYSIS OF GENDER VIOLENCE IN DILMA ROUSSEFF\u2019S IMPEACHMENT PROCESS. <strong>Revista Direitos Fundamentais &amp; Democracia<\/strong>, v. 21, n. 21, p. 91-105, 2016.<\/p>\n<p><!-- \/wp:paragraph --><\/p>\n<p><!-- wp:paragraph --><\/p>\n<p>SILVA, Perla Haydee da. <strong>De Louca a Incompetente<\/strong>: Constru\u00e7\u00f5es Discursivas Em Rela\u00e7\u00e3o \u00e0 Ex-presidenta Dilma Rousseff. 2019. Dispon\u00edvel em: &lt;https:\/\/bdtd.ibict.br\/vufind\/Record\/UFMT_a04b4d998371419fe256162df2b13be5&gt;. Acesso em: 10 mai. 2024.<\/p>\n<p><!-- \/wp:paragraph --><\/p>\n<p><!-- wp:paragraph --><\/p>\n<p><!-- \/wp:paragraph --><\/p>\t\t\t\t\t\t<\/div>\n\t\t\t\t<\/div>\n\t\t\t\t\t<\/div>\n\t\t<\/div>\n\t\t\t\t\t<\/div>\n\t\t<\/section>\n\t\t\t\t<\/div>\n\t\t","protected":false},"excerpt":{"rendered":"<p>Texto por: Natalie Pereira Soares O dia a dia est\u00e1 repleto de acontecimentos. Alguns maiores como um discurso presidencial que muda os rumos da vida de uma parcela populacional, ou menores como o cancelamento da prova de gram\u00e1tica. Cada um com o peso proporcional \u00e0quele a quem ele se refere. Para as jornalistas e pesquisadoras, [&hellip;]<\/p>\n","protected":false},"author":3385,"featured_media":0,"comment_status":"closed","ping_status":"closed","sticky":false,"template":"","format":"standard","meta":{"footnotes":""},"categories":[1],"tags":[71,162],"class_list":["post-3526","post","type-post","status-publish","format-standard","hentry","category-sem-categoria","tag-ejor","tag-pesquisasejor"],"acf":[],"_links":{"self":[{"href":"https:\/\/www.ufsm.br\/cursos\/pos-graduacao\/santa-maria\/poscom\/wp-json\/wp\/v2\/posts\/3526","targetHints":{"allow":["GET"]}}],"collection":[{"href":"https:\/\/www.ufsm.br\/cursos\/pos-graduacao\/santa-maria\/poscom\/wp-json\/wp\/v2\/posts"}],"about":[{"href":"https:\/\/www.ufsm.br\/cursos\/pos-graduacao\/santa-maria\/poscom\/wp-json\/wp\/v2\/types\/post"}],"author":[{"embeddable":true,"href":"https:\/\/www.ufsm.br\/cursos\/pos-graduacao\/santa-maria\/poscom\/wp-json\/wp\/v2\/users\/3385"}],"replies":[{"embeddable":true,"href":"https:\/\/www.ufsm.br\/cursos\/pos-graduacao\/santa-maria\/poscom\/wp-json\/wp\/v2\/comments?post=3526"}],"version-history":[{"count":0,"href":"https:\/\/www.ufsm.br\/cursos\/pos-graduacao\/santa-maria\/poscom\/wp-json\/wp\/v2\/posts\/3526\/revisions"}],"wp:attachment":[{"href":"https:\/\/www.ufsm.br\/cursos\/pos-graduacao\/santa-maria\/poscom\/wp-json\/wp\/v2\/media?parent=3526"}],"wp:term":[{"taxonomy":"category","embeddable":true,"href":"https:\/\/www.ufsm.br\/cursos\/pos-graduacao\/santa-maria\/poscom\/wp-json\/wp\/v2\/categories?post=3526"},{"taxonomy":"post_tag","embeddable":true,"href":"https:\/\/www.ufsm.br\/cursos\/pos-graduacao\/santa-maria\/poscom\/wp-json\/wp\/v2\/tags?post=3526"}],"curies":[{"name":"wp","href":"https:\/\/api.w.org\/{rel}","templated":true}]}}