{"id":639,"date":"2026-08-27T09:27:41","date_gmt":"2026-08-27T12:27:41","guid":{"rendered":"https:\/\/www.ufsm.br\/cursos\/pos-graduacao\/santa-maria\/ppgacc\/?p=639"},"modified":"2026-08-27T09:27:43","modified_gmt":"2026-08-27T12:27:43","slug":"qualificacao-de-mestrado-hyana-rodrigues-dos-santos","status":"publish","type":"post","link":"https:\/\/www.ufsm.br\/cursos\/pos-graduacao\/santa-maria\/ppgacc\/2026\/08\/27\/qualificacao-de-mestrado-hyana-rodrigues-dos-santos","title":{"rendered":"Qualifica\u00e7\u00e3o de mestrado \u2013 Hyana Rodrigues dos Santos"},"content":{"rendered":"\n<p>O Programa de P\u00f3s-Gradua\u00e7\u00e3o em\u00a0<strong>Administra\u00e7\u00e3o e Ci\u00eancias Cont\u00e1beis<\/strong> divulga a banca de qualifica\u00e7\u00e3o de mestrado da mestranda <strong>Hyana Rodrigues dos Santos<\/strong>, intitulada\u00a0<strong>\u201c Ado\u00e7\u00e3o da RPA em processos cont\u00e1beis: Percep\u00e7\u00e3o dos gestores sob a \u00f3tica do TAM e seus reflexos no desempenho de tarefas\u201d<\/strong>, que ser\u00e1 realizada no dia\u00a0<b>\u00a031\/08\/2026<\/b>, \u00e0s 14 horas,\u00a0<strong>local: UFSM.<\/strong><\/p>\n<p>A comunidade acad\u00eamica est\u00e1 convidada a prestigiar a atividade.<\/p>\n<p>\u00a0<\/p>\n<p>Local: UFSM | Defesa por videoconfer\u00eancia: <a href=\"https:\/\/meet.google.com\/auw-ddfa-bbp\" target=\"_blank\" rel=\"noopener\" data-saferedirecturl=\"https:\/\/www.google.com\/url?q=https:\/\/meet.google.com\/auw-ddfa-bbp&amp;source=gmail&amp;ust=1787917822648000&amp;usg=AOvVaw0R1Gas2NbaouxZBbSX8arZ\">https:\/\/meet.google.com\/auw-<wbr \/>ddfa-bbp<\/a><\/p>\n<p><img fetchpriority=\"high\" decoding=\"async\" class=\"alignleft size-full wp-image-640\" src=\"https:\/\/www.ufsm.br\/app\/uploads\/sites\/962\/2026\/08\/PPGACC-Quali.-Mestrado-\u2013-Hyana-Rodrigues-dos-Santos.jpg\" alt=\"\" width=\"1080\" height=\"1080\" srcset=\"https:\/\/www.ufsm.br\/app\/uploads\/sites\/962\/2026\/08\/PPGACC-Quali.-Mestrado-\u2013-Hyana-Rodrigues-dos-Santos.jpg 1080w, https:\/\/www.ufsm.br\/app\/uploads\/sites\/962\/2026\/08\/PPGACC-Quali.-Mestrado-\u2013-Hyana-Rodrigues-dos-Santos-300x300.jpg 300w, https:\/\/www.ufsm.br\/app\/uploads\/sites\/962\/2026\/08\/PPGACC-Quali.-Mestrado-\u2013-Hyana-Rodrigues-dos-Santos-1024x1024.jpg 1024w, https:\/\/www.ufsm.br\/app\/uploads\/sites\/962\/2026\/08\/PPGACC-Quali.-Mestrado-\u2013-Hyana-Rodrigues-dos-Santos-150x150.jpg 150w, https:\/\/www.ufsm.br\/app\/uploads\/sites\/962\/2026\/08\/PPGACC-Quali.-Mestrado-\u2013-Hyana-Rodrigues-dos-Santos-768x768.jpg 768w\" sizes=\"(max-width: 1080px) 100vw, 1080px\" \/><\/p>\n","protected":false},"excerpt":{"rendered":"<p>O Programa de P\u00f3s-Gradua\u00e7\u00e3o em\u00a0Administra\u00e7\u00e3o e Ci\u00eancias Cont\u00e1beis divulga a banca de qualifica\u00e7\u00e3o de mestrado da mestranda Hyana Rodrigues dos Santos, intitulada\u00a0\u201c Ado\u00e7\u00e3o da RPA em processos cont\u00e1beis: Percep\u00e7\u00e3o dos gestores sob a \u00f3tica do TAM e seus reflexos no desempenho de tarefas\u201d, que ser\u00e1 realizada no dia\u00a0\u00a031\/08\/2026, \u00e0s 14 horas,\u00a0local: UFSM. A comunidade acad\u00eamica [&hellip;]<\/p>\n","protected":false},"author":905,"featured_media":0,"comment_status":"closed","ping_status":"closed","sticky":false,"template":"","format":"standard","meta":{"footnotes":""},"categories":[41,9,2],"tags":[],"class_list":["post-639","post","type-post","status-publish","format-standard","hentry","category-defesas","category-destaques","category-noticias"],"acf":[],"_links":{"self":[{"href":"https:\/\/www.ufsm.br\/cursos\/pos-graduacao\/santa-maria\/ppgacc\/wp-json\/wp\/v2\/posts\/639","targetHints":{"allow":["GET"]}}],"collection":[{"href":"https:\/\/www.ufsm.br\/cursos\/pos-graduacao\/santa-maria\/ppgacc\/wp-json\/wp\/v2\/posts"}],"about":[{"href":"https:\/\/www.ufsm.br\/cursos\/pos-graduacao\/santa-maria\/ppgacc\/wp-json\/wp\/v2\/types\/post"}],"author":[{"embeddable":true,"href":"https:\/\/www.ufsm.br\/cursos\/pos-graduacao\/santa-maria\/ppgacc\/wp-json\/wp\/v2\/users\/905"}],"replies":[{"embeddable":true,"href":"https:\/\/www.ufsm.br\/cursos\/pos-graduacao\/santa-maria\/ppgacc\/wp-json\/wp\/v2\/comments?post=639"}],"version-history":[{"count":0,"href":"https:\/\/www.ufsm.br\/cursos\/pos-graduacao\/santa-maria\/ppgacc\/wp-json\/wp\/v2\/posts\/639\/revisions"}],"wp:attachment":[{"href":"https:\/\/www.ufsm.br\/cursos\/pos-graduacao\/santa-maria\/ppgacc\/wp-json\/wp\/v2\/media?parent=639"}],"wp:term":[{"taxonomy":"category","embeddable":true,"href":"https:\/\/www.ufsm.br\/cursos\/pos-graduacao\/santa-maria\/ppgacc\/wp-json\/wp\/v2\/categories?post=639"},{"taxonomy":"post_tag","embeddable":true,"href":"https:\/\/www.ufsm.br\/cursos\/pos-graduacao\/santa-maria\/ppgacc\/wp-json\/wp\/v2\/tags?post=639"}],"curies":[{"name":"wp","href":"https:\/\/api.w.org\/{rel}","templated":true}]}}