{"id":646,"date":"2026-08-28T14:34:58","date_gmt":"2026-08-28T17:34:58","guid":{"rendered":"https:\/\/www.ufsm.br\/cursos\/pos-graduacao\/santa-maria\/ppgacc\/?p=646"},"modified":"2026-08-28T14:35:00","modified_gmt":"2026-08-28T17:35:00","slug":"qualificacao-de-mestrado-morgana-de-oliveira-machado","status":"publish","type":"post","link":"https:\/\/www.ufsm.br\/cursos\/pos-graduacao\/santa-maria\/ppgacc\/2026\/08\/28\/qualificacao-de-mestrado-morgana-de-oliveira-machado","title":{"rendered":"Qualifica\u00e7\u00e3o de mestrado \u2013 Morgana de Oliveira Machado"},"content":{"rendered":"\n<p style=\"text-align: justify\">O Programa de P\u00f3s-Gradua\u00e7\u00e3o em\u00a0<strong>Administra\u00e7\u00e3o e Ci\u00eancias Cont\u00e1beis<\/strong> divulga a banca de qualifica\u00e7\u00e3o de mestrado da mestranda <strong>Morgana de Oliveira Machado<\/strong>, intitulada\u00a0<strong>\u201cTeste de Temperamento de Keirsey II no Contexto Brasileiro: Evid\u00eancias de Validade e Inten\u00e7\u00f5es Profissionais\u201d<\/strong>, que ser\u00e1 realizada no dia\u00a0<b>\u00a031\/08\/2026<\/b>, \u00e0s 09 horas, <strong>local: UFSM.<\/strong><\/p>\n<p style=\"text-align: justify\">A comunidade acad\u00eamica est\u00e1 convidada a prestigiar a atividade.<\/p>\n<p>\u00a0<\/p>\n<p>Local: UFSM | Defesa por videoconfer\u00eancia: Mediante solicita\u00e7\u00e3o de acesso por e-mail: <a href=\"mailto:lflopes67@gmail.com\" target=\"_blank\" rel=\"noopener\">lflopes67@gmail.com<\/a><\/p>\n<p>\u00a0<\/p>\n<p><img fetchpriority=\"high\" decoding=\"async\" class=\"alignleft size-full wp-image-647\" src=\"https:\/\/www.ufsm.br\/app\/uploads\/sites\/962\/2026\/08\/PPGACC-Quali.-Mestrado-\u2013-Morgana-de-Oliveira-Machado.jpg\" alt=\"\" width=\"1080\" height=\"1080\" srcset=\"https:\/\/www.ufsm.br\/app\/uploads\/sites\/962\/2026\/08\/PPGACC-Quali.-Mestrado-\u2013-Morgana-de-Oliveira-Machado.jpg 1080w, https:\/\/www.ufsm.br\/app\/uploads\/sites\/962\/2026\/08\/PPGACC-Quali.-Mestrado-\u2013-Morgana-de-Oliveira-Machado-300x300.jpg 300w, https:\/\/www.ufsm.br\/app\/uploads\/sites\/962\/2026\/08\/PPGACC-Quali.-Mestrado-\u2013-Morgana-de-Oliveira-Machado-1024x1024.jpg 1024w, https:\/\/www.ufsm.br\/app\/uploads\/sites\/962\/2026\/08\/PPGACC-Quali.-Mestrado-\u2013-Morgana-de-Oliveira-Machado-150x150.jpg 150w, https:\/\/www.ufsm.br\/app\/uploads\/sites\/962\/2026\/08\/PPGACC-Quali.-Mestrado-\u2013-Morgana-de-Oliveira-Machado-768x768.jpg 768w\" sizes=\"(max-width: 1080px) 100vw, 1080px\" \/><\/p>\n","protected":false},"excerpt":{"rendered":"<p>O Programa de P\u00f3s-Gradua\u00e7\u00e3o em\u00a0Administra\u00e7\u00e3o e Ci\u00eancias Cont\u00e1beis divulga a banca de qualifica\u00e7\u00e3o de mestrado da mestranda Morgana de Oliveira Machado, intitulada\u00a0\u201cTeste de Temperamento de Keirsey II no Contexto Brasileiro: Evid\u00eancias de Validade e Inten\u00e7\u00f5es Profissionais\u201d, que ser\u00e1 realizada no dia\u00a0\u00a031\/08\/2026, \u00e0s 09 horas, local: UFSM. A comunidade acad\u00eamica est\u00e1 convidada a prestigiar a atividade. [&hellip;]<\/p>\n","protected":false},"author":905,"featured_media":0,"comment_status":"closed","ping_status":"closed","sticky":false,"template":"","format":"standard","meta":{"footnotes":""},"categories":[41,9,2,1],"tags":[],"class_list":["post-646","post","type-post","status-publish","format-standard","hentry","category-defesas","category-destaques","category-noticias","category-sem-categoria"],"acf":[],"_links":{"self":[{"href":"https:\/\/www.ufsm.br\/cursos\/pos-graduacao\/santa-maria\/ppgacc\/wp-json\/wp\/v2\/posts\/646","targetHints":{"allow":["GET"]}}],"collection":[{"href":"https:\/\/www.ufsm.br\/cursos\/pos-graduacao\/santa-maria\/ppgacc\/wp-json\/wp\/v2\/posts"}],"about":[{"href":"https:\/\/www.ufsm.br\/cursos\/pos-graduacao\/santa-maria\/ppgacc\/wp-json\/wp\/v2\/types\/post"}],"author":[{"embeddable":true,"href":"https:\/\/www.ufsm.br\/cursos\/pos-graduacao\/santa-maria\/ppgacc\/wp-json\/wp\/v2\/users\/905"}],"replies":[{"embeddable":true,"href":"https:\/\/www.ufsm.br\/cursos\/pos-graduacao\/santa-maria\/ppgacc\/wp-json\/wp\/v2\/comments?post=646"}],"version-history":[{"count":0,"href":"https:\/\/www.ufsm.br\/cursos\/pos-graduacao\/santa-maria\/ppgacc\/wp-json\/wp\/v2\/posts\/646\/revisions"}],"wp:attachment":[{"href":"https:\/\/www.ufsm.br\/cursos\/pos-graduacao\/santa-maria\/ppgacc\/wp-json\/wp\/v2\/media?parent=646"}],"wp:term":[{"taxonomy":"category","embeddable":true,"href":"https:\/\/www.ufsm.br\/cursos\/pos-graduacao\/santa-maria\/ppgacc\/wp-json\/wp\/v2\/categories?post=646"},{"taxonomy":"post_tag","embeddable":true,"href":"https:\/\/www.ufsm.br\/cursos\/pos-graduacao\/santa-maria\/ppgacc\/wp-json\/wp\/v2\/tags?post=646"}],"curies":[{"name":"wp","href":"https:\/\/api.w.org\/{rel}","templated":true}]}}