{"id":650,"date":"2026-08-28T14:59:59","date_gmt":"2026-08-28T17:59:59","guid":{"rendered":"https:\/\/www.ufsm.br\/cursos\/pos-graduacao\/santa-maria\/ppgacc\/?p=650"},"modified":"2026-08-28T15:00:00","modified_gmt":"2026-08-28T18:00:00","slug":"qualificacao-de-mestrado-tarciso-lauriom-da-silveira","status":"publish","type":"post","link":"https:\/\/www.ufsm.br\/cursos\/pos-graduacao\/santa-maria\/ppgacc\/2026\/08\/28\/qualificacao-de-mestrado-tarciso-lauriom-da-silveira","title":{"rendered":"Qualifica\u00e7\u00e3o de mestrado \u2013 Tarciso Lauriom da Silveira"},"content":{"rendered":"\n<p style=\"text-align: justify\">O Programa de P\u00f3s-Gradua\u00e7\u00e3o em\u00a0<strong>Administra\u00e7\u00e3o e Ci\u00eancias Cont\u00e1beis<\/strong> divulga a banca de qualifica\u00e7\u00e3o de mestrado do mestrando\u00a0<strong>Tarciso Lauriom da Silveira<\/strong>, intitulada\u00a0<strong>\u201cFramework de apoio \u00e0 decis\u00e3o para ado\u00e7\u00e3o de tecnologias emergentes em munic\u00edpios brasileiros: uma abordagem pela desing science research\u201d<\/strong>, que ser\u00e1 realizada no dia\u00a0<b> 03\/09\/2026<\/b>, \u00e0s 16 horas, <strong>local: UFSM.<\/strong><\/p>\n<p style=\"text-align: justify\">A comunidade acad\u00eamica est\u00e1 convidada a prestigiar a atividade.<\/p>\n<p>\u00a0<\/p>\n<p>Local: UFSM | Defesa por videoconfer\u00eancia: Mediante solicita\u00e7\u00e3o de acesso por e-mail: <a href=\"mailto:mr.gmoura@ufsm.br\" target=\"_blank\" rel=\"noopener\">mr.gmoura@ufsm.br<\/a><\/p>\n<p>\u00a0<\/p>\n<p><img fetchpriority=\"high\" decoding=\"async\" class=\"alignleft size-full wp-image-651\" src=\"https:\/\/www.ufsm.br\/app\/uploads\/sites\/962\/2026\/08\/PPGACC-Quali.-Mestrado-\u2013-Tarciso-Lauriom-da-Silveira.jpg\" alt=\"\" width=\"1080\" height=\"1080\" srcset=\"https:\/\/www.ufsm.br\/app\/uploads\/sites\/962\/2026\/08\/PPGACC-Quali.-Mestrado-\u2013-Tarciso-Lauriom-da-Silveira.jpg 1080w, https:\/\/www.ufsm.br\/app\/uploads\/sites\/962\/2026\/08\/PPGACC-Quali.-Mestrado-\u2013-Tarciso-Lauriom-da-Silveira-300x300.jpg 300w, https:\/\/www.ufsm.br\/app\/uploads\/sites\/962\/2026\/08\/PPGACC-Quali.-Mestrado-\u2013-Tarciso-Lauriom-da-Silveira-1024x1024.jpg 1024w, https:\/\/www.ufsm.br\/app\/uploads\/sites\/962\/2026\/08\/PPGACC-Quali.-Mestrado-\u2013-Tarciso-Lauriom-da-Silveira-150x150.jpg 150w, https:\/\/www.ufsm.br\/app\/uploads\/sites\/962\/2026\/08\/PPGACC-Quali.-Mestrado-\u2013-Tarciso-Lauriom-da-Silveira-768x768.jpg 768w\" sizes=\"(max-width: 1080px) 100vw, 1080px\" \/><\/p>\n","protected":false},"excerpt":{"rendered":"<p>O Programa de P\u00f3s-Gradua\u00e7\u00e3o em\u00a0Administra\u00e7\u00e3o e Ci\u00eancias Cont\u00e1beis divulga a banca de qualifica\u00e7\u00e3o de mestrado do mestrando\u00a0Tarciso Lauriom da Silveira, intitulada\u00a0\u201cFramework de apoio \u00e0 decis\u00e3o para ado\u00e7\u00e3o de tecnologias emergentes em munic\u00edpios brasileiros: uma abordagem pela desing science research\u201d, que ser\u00e1 realizada no dia\u00a0 03\/09\/2026, \u00e0s 16 horas, local: UFSM. A comunidade acad\u00eamica est\u00e1 convidada [&hellip;]<\/p>\n","protected":false},"author":905,"featured_media":0,"comment_status":"closed","ping_status":"closed","sticky":false,"template":"","format":"standard","meta":{"footnotes":""},"categories":[41,9,2],"tags":[],"class_list":["post-650","post","type-post","status-publish","format-standard","hentry","category-defesas","category-destaques","category-noticias"],"acf":[],"_links":{"self":[{"href":"https:\/\/www.ufsm.br\/cursos\/pos-graduacao\/santa-maria\/ppgacc\/wp-json\/wp\/v2\/posts\/650","targetHints":{"allow":["GET"]}}],"collection":[{"href":"https:\/\/www.ufsm.br\/cursos\/pos-graduacao\/santa-maria\/ppgacc\/wp-json\/wp\/v2\/posts"}],"about":[{"href":"https:\/\/www.ufsm.br\/cursos\/pos-graduacao\/santa-maria\/ppgacc\/wp-json\/wp\/v2\/types\/post"}],"author":[{"embeddable":true,"href":"https:\/\/www.ufsm.br\/cursos\/pos-graduacao\/santa-maria\/ppgacc\/wp-json\/wp\/v2\/users\/905"}],"replies":[{"embeddable":true,"href":"https:\/\/www.ufsm.br\/cursos\/pos-graduacao\/santa-maria\/ppgacc\/wp-json\/wp\/v2\/comments?post=650"}],"version-history":[{"count":0,"href":"https:\/\/www.ufsm.br\/cursos\/pos-graduacao\/santa-maria\/ppgacc\/wp-json\/wp\/v2\/posts\/650\/revisions"}],"wp:attachment":[{"href":"https:\/\/www.ufsm.br\/cursos\/pos-graduacao\/santa-maria\/ppgacc\/wp-json\/wp\/v2\/media?parent=650"}],"wp:term":[{"taxonomy":"category","embeddable":true,"href":"https:\/\/www.ufsm.br\/cursos\/pos-graduacao\/santa-maria\/ppgacc\/wp-json\/wp\/v2\/categories?post=650"},{"taxonomy":"post_tag","embeddable":true,"href":"https:\/\/www.ufsm.br\/cursos\/pos-graduacao\/santa-maria\/ppgacc\/wp-json\/wp\/v2\/tags?post=650"}],"curies":[{"name":"wp","href":"https:\/\/api.w.org\/{rel}","templated":true}]}}