{"id":656,"date":"2026-09-01T08:33:07","date_gmt":"2026-09-01T11:33:07","guid":{"rendered":"https:\/\/www.ufsm.br\/cursos\/pos-graduacao\/santa-maria\/ppgacc\/?p=656"},"modified":"2026-09-01T08:41:32","modified_gmt":"2026-09-01T11:41:32","slug":"ppgacc-ufsm-divulga-o-resultado-final-do-edital-no-02-2026-referente-a-selecao-de-bolsista-para-apoio-as-atividades-do-programa","status":"publish","type":"post","link":"https:\/\/www.ufsm.br\/cursos\/pos-graduacao\/santa-maria\/ppgacc\/2026\/09\/01\/ppgacc-ufsm-divulga-o-resultado-final-do-edital-no-02-2026-referente-a-selecao-de-bolsista-para-apoio-as-atividades-do-programa","title":{"rendered":"PPGACC\/UFSM divulga o resultado Final do Edital n\u00ba 02\/2026, referente \u00e0 sele\u00e7\u00e3o de bolsista para apoio \u00e0s atividades do Programa."},"content":{"rendered":"\n<p class=\"isSelectedEnd\" style=\"text-align: justify\">O Programa de P\u00f3s-Gradua\u00e7\u00e3o em Administra\u00e7\u00e3o e Ci\u00eancias Cont\u00e1beis da Universidade Federal de Santa Maria (PPGACC\/UFSM) divulga o\u00a0<strong>resultado final do Edital n\u00ba 02\/2026<\/strong>, referente \u00e0 sele\u00e7\u00e3o de bolsista para apoio \u00e0s atividades do Programa.<\/p>\n<p class=\"isSelectedEnd\" style=\"text-align: justify\">A sele\u00e7\u00e3o destina-se ao apoio \u00e0s\u00a0<strong>atividades editoriais e de divulga\u00e7\u00e3o da Revista de Administra\u00e7\u00e3o da UFSM<\/strong>.<\/p>\n<p class=\"isSelectedEnd\" style=\"text-align: justify\">O resultado preliminar apresenta a classifica\u00e7\u00e3o dos(as) candidatos(as) participantes do processo seletivo.<\/p>\n<p class=\"isSelectedEnd\" style=\"text-align: justify\"><strong>Confira o Resultado Preliminar do Edital n\u00ba 02\/2026.<\/strong><\/p>\n<p style=\"text-align: justify\">Mais informa\u00e7\u00f5es e documentos referentes ao processo seletivo est\u00e3o dispon\u00edveis na p\u00e1gina de\u00a0<a href=\"https:\/\/www.ufsm.br\/cursos\/pos-graduacao\/santa-maria\/ppgacc\/editais\/002-2026\"><strong>Editais do PPGACC\/UFSM<\/strong><\/a>.<\/p>\n","protected":false},"excerpt":{"rendered":"<p>O Programa de P\u00f3s-Gradua\u00e7\u00e3o em Administra\u00e7\u00e3o e Ci\u00eancias Cont\u00e1beis da Universidade Federal de Santa Maria (PPGACC\/UFSM) divulga o\u00a0resultado final do Edital n\u00ba 02\/2026, referente \u00e0 sele\u00e7\u00e3o de bolsista para apoio \u00e0s atividades do Programa. A sele\u00e7\u00e3o destina-se ao apoio \u00e0s\u00a0atividades editoriais e de divulga\u00e7\u00e3o da Revista de Administra\u00e7\u00e3o da UFSM. O resultado preliminar apresenta a [&hellip;]<\/p>\n","protected":false},"author":905,"featured_media":0,"comment_status":"closed","ping_status":"closed","sticky":false,"template":"","format":"standard","meta":{"footnotes":""},"categories":[9,2],"tags":[],"class_list":["post-656","post","type-post","status-publish","format-standard","hentry","category-destaques","category-noticias"],"acf":[],"_links":{"self":[{"href":"https:\/\/www.ufsm.br\/cursos\/pos-graduacao\/santa-maria\/ppgacc\/wp-json\/wp\/v2\/posts\/656","targetHints":{"allow":["GET"]}}],"collection":[{"href":"https:\/\/www.ufsm.br\/cursos\/pos-graduacao\/santa-maria\/ppgacc\/wp-json\/wp\/v2\/posts"}],"about":[{"href":"https:\/\/www.ufsm.br\/cursos\/pos-graduacao\/santa-maria\/ppgacc\/wp-json\/wp\/v2\/types\/post"}],"author":[{"embeddable":true,"href":"https:\/\/www.ufsm.br\/cursos\/pos-graduacao\/santa-maria\/ppgacc\/wp-json\/wp\/v2\/users\/905"}],"replies":[{"embeddable":true,"href":"https:\/\/www.ufsm.br\/cursos\/pos-graduacao\/santa-maria\/ppgacc\/wp-json\/wp\/v2\/comments?post=656"}],"version-history":[{"count":0,"href":"https:\/\/www.ufsm.br\/cursos\/pos-graduacao\/santa-maria\/ppgacc\/wp-json\/wp\/v2\/posts\/656\/revisions"}],"wp:attachment":[{"href":"https:\/\/www.ufsm.br\/cursos\/pos-graduacao\/santa-maria\/ppgacc\/wp-json\/wp\/v2\/media?parent=656"}],"wp:term":[{"taxonomy":"category","embeddable":true,"href":"https:\/\/www.ufsm.br\/cursos\/pos-graduacao\/santa-maria\/ppgacc\/wp-json\/wp\/v2\/categories?post=656"},{"taxonomy":"post_tag","embeddable":true,"href":"https:\/\/www.ufsm.br\/cursos\/pos-graduacao\/santa-maria\/ppgacc\/wp-json\/wp\/v2\/tags?post=656"}],"curies":[{"name":"wp","href":"https:\/\/api.w.org\/{rel}","templated":true}]}}