{"id":658,"date":"2026-09-01T15:55:24","date_gmt":"2026-09-01T18:55:24","guid":{"rendered":"https:\/\/www.ufsm.br\/cursos\/pos-graduacao\/santa-maria\/ppgacc\/?p=658"},"modified":"2026-09-01T15:55:26","modified_gmt":"2026-09-01T18:55:26","slug":"edital-de-selecao-bolsa-conhecimento-brasil-profix-cb-fapergs","status":"publish","type":"post","link":"https:\/\/www.ufsm.br\/cursos\/pos-graduacao\/santa-maria\/ppgacc\/2026\/09\/01\/edital-de-selecao-bolsa-conhecimento-brasil-profix-cb-fapergs","title":{"rendered":"Edital de Sele\u00e7\u00e3o Bolsa Conhecimento Brasil &#8211; PROFIX-CB FAPERGS"},"content":{"rendered":"\n<p class=\"wp-block-paragraph\">A Coordena\u00e7\u00e3o do Programa de P\u00f3s-Gradua\u00e7\u00e3o em Administra\u00e7\u00e3o e Ci\u00eancias Cont\u00e1beis da Universidade Federal de Santa Maria (PPGACC\/UFSM), no uso de suas atribui\u00e7\u00f5es e em conformidade com o Edital FAPERGS\/CNPq\/CAPES 06\/2026 &#8211; PROFIX-CB, torna p\u00fablico o processo seletivo interno para escolha e indica\u00e7\u00e3o de 1 (um\/uma) candidato(a) \u00e0 Bolsa Conhecimento Brasil, modalidade BCB-1, vinculada ao projeto \u201cOLIVE SMART RS: Tecnologias Digitais, Intelig\u00eancia Artificial e Maturidade da Inova\u00e7\u00e3o para a Produ\u00e7\u00e3o de Oliveiras\u201d, coordenado pelo Prof. Dr. Luis Felipe Dias Lopes.<\/p>\n\n\n\n<p class=\"wp-block-paragraph\">A sele\u00e7\u00e3o interna n\u00e3o gera direito adquirido \u00e0 bolsa. A indica\u00e7\u00e3o e a implementa\u00e7\u00e3o ficam condicionadas \u00e0 aprova\u00e7\u00e3o da proposta pelas ag\u00eancias financiadoras, \u00e0 disponibilidade or\u00e7ament\u00e1ria, \u00e0 homologa\u00e7\u00e3o do(a) candidato(a) e ao cumprimento integral das exig\u00eancias do edital externo e das normas do CNPq, da CAPES, da FAPERGS e da UFSM.<\/p>\n\n\n\n<p class=\"wp-block-paragraph\">Per\u00edodo de inscri\u00e7\u00f5es: 01\/09\/2026 a 04\/09\/2026<\/p>\n\n\n\n<p class=\"wp-block-paragraph\"><a href=\"https:\/\/www.ufsm.br\/app\/uploads\/sites\/962\/2026\/09\/Minuta_Edital_Selecao_Bolsista_BCB1_PPGACC_UFSM_assinado__281_29_assinado.pdf\">Clique aqui e acesse o Edital<\/a><\/p>\n","protected":false},"excerpt":{"rendered":"<p>A Coordena\u00e7\u00e3o do Programa de P\u00f3s-Gradua\u00e7\u00e3o em Administra\u00e7\u00e3o e Ci\u00eancias Cont\u00e1beis da Universidade Federal de Santa Maria (PPGACC\/UFSM), no uso de suas atribui\u00e7\u00f5es e em conformidade com o Edital FAPERGS\/CNPq\/CAPES 06\/2026 &#8211; PROFIX-CB, torna p\u00fablico o processo seletivo interno para escolha e indica\u00e7\u00e3o de 1 (um\/uma) candidato(a) \u00e0 Bolsa Conhecimento Brasil, modalidade BCB-1, vinculada ao [&hellip;]<\/p>\n","protected":false},"author":2721,"featured_media":0,"comment_status":"closed","ping_status":"closed","sticky":false,"template":"","format":"standard","meta":{"footnotes":""},"categories":[1],"tags":[24,20,21,50],"class_list":["post-658","post","type-post","status-publish","format-standard","hentry","category-sem-categoria","tag-doutorado-em-administracao-e-ciencias-contabeis","tag-edital-de-selecao","tag-processo-de-selecao","tag-selecao-de-bolsista-profix-cb"],"acf":[],"_links":{"self":[{"href":"https:\/\/www.ufsm.br\/cursos\/pos-graduacao\/santa-maria\/ppgacc\/wp-json\/wp\/v2\/posts\/658","targetHints":{"allow":["GET"]}}],"collection":[{"href":"https:\/\/www.ufsm.br\/cursos\/pos-graduacao\/santa-maria\/ppgacc\/wp-json\/wp\/v2\/posts"}],"about":[{"href":"https:\/\/www.ufsm.br\/cursos\/pos-graduacao\/santa-maria\/ppgacc\/wp-json\/wp\/v2\/types\/post"}],"author":[{"embeddable":true,"href":"https:\/\/www.ufsm.br\/cursos\/pos-graduacao\/santa-maria\/ppgacc\/wp-json\/wp\/v2\/users\/2721"}],"replies":[{"embeddable":true,"href":"https:\/\/www.ufsm.br\/cursos\/pos-graduacao\/santa-maria\/ppgacc\/wp-json\/wp\/v2\/comments?post=658"}],"version-history":[{"count":0,"href":"https:\/\/www.ufsm.br\/cursos\/pos-graduacao\/santa-maria\/ppgacc\/wp-json\/wp\/v2\/posts\/658\/revisions"}],"wp:attachment":[{"href":"https:\/\/www.ufsm.br\/cursos\/pos-graduacao\/santa-maria\/ppgacc\/wp-json\/wp\/v2\/media?parent=658"}],"wp:term":[{"taxonomy":"category","embeddable":true,"href":"https:\/\/www.ufsm.br\/cursos\/pos-graduacao\/santa-maria\/ppgacc\/wp-json\/wp\/v2\/categories?post=658"},{"taxonomy":"post_tag","embeddable":true,"href":"https:\/\/www.ufsm.br\/cursos\/pos-graduacao\/santa-maria\/ppgacc\/wp-json\/wp\/v2\/tags?post=658"}],"curies":[{"name":"wp","href":"https:\/\/api.w.org\/{rel}","templated":true}]}}