{"id":1256,"date":"2026-08-27T14:35:12","date_gmt":"2026-08-27T17:35:12","guid":{"rendered":"https:\/\/www.ufsm.br\/cursos\/pos-graduacao\/santa-maria\/ppgbtox\/?p=1256"},"modified":"2026-08-27T14:35:14","modified_gmt":"2026-08-27T17:35:14","slug":"capes-global-ufsm-lanca-edital-001-2026-para-selecao-de-bolsistas-da-rede-aii","status":"publish","type":"post","link":"https:\/\/www.ufsm.br\/cursos\/pos-graduacao\/santa-maria\/ppgbtox\/2026\/08\/27\/capes-global-ufsm-lanca-edital-001-2026-para-selecao-de-bolsistas-da-rede-aii","title":{"rendered":"Capes-Global\/UFSM lan\u00e7a Edital 001\/2026 para sele\u00e7\u00e3o de bolsistas da Rede AII"},"content":{"rendered":"\n<p data-path-to-node=\"1\">O Comit\u00ea Gestor da Rede Alian\u00e7a Inter-regional Internacionaliza\u00e7\u00e3o (AII) aprovou a vers\u00e3o final do <b data-path-to-node=\"1\" data-index-in-node=\"99\">Edital \u00danico n\u00ba 001\/2026 do CAPES-GLOBAL.edu<\/b>. A chamada p\u00fablica abre oportunidades para a sele\u00e7\u00e3o de bolsistas referente \u00e0 primeira janela de 2027.<\/p>\n<p data-path-to-node=\"2\">Os documentos oficiais com todas as regras, requisitos e crit\u00e9rios de sele\u00e7\u00e3o j\u00e1 est\u00e3o dispon\u00edveis para consulta no portal da universidade:<\/p>\n<ul data-path-to-node=\"3\">\n<li>\n<p data-path-to-node=\"3,0,0\"><b data-path-to-node=\"3,0,0\" data-index-in-node=\"0\">Acesse o edital:<\/b> <a class=\"ng-star-inserted\" href=\"https:\/\/www.ufsm.br\/projetos\/institucional\/capes-global\/editais\/001-2026\" target=\"_blank\" rel=\"noopener\">ufsm.br\/projetos\/institucional\/capes-global\/editais\/001-2026<\/a><\/p>\n<\/li>\n<\/ul>\n<p data-path-to-node=\"4\">A coordena\u00e7\u00e3o do projeto refor\u00e7a que os programas de p\u00f3s-gradua\u00e7\u00e3o e seus discentes fiquem atentos aos prazos e cronogramas estabelecidos pela Capes para garantir a participa\u00e7\u00e3o no processo seletivo.<\/p>\n","protected":false},"excerpt":{"rendered":"<p>O Comit\u00ea Gestor da Rede Alian\u00e7a Inter-regional Internacionaliza\u00e7\u00e3o (AII) aprovou a vers\u00e3o final do Edital \u00danico n\u00ba 001\/2026 do CAPES-GLOBAL.edu. A chamada p\u00fablica abre oportunidades para a sele\u00e7\u00e3o de bolsistas referente \u00e0 primeira janela de 2027. Os documentos oficiais com todas as regras, requisitos e crit\u00e9rios de sele\u00e7\u00e3o j\u00e1 est\u00e3o dispon\u00edveis para consulta no portal [&hellip;]<\/p>\n","protected":false},"author":3794,"featured_media":0,"comment_status":"closed","ping_status":"closed","sticky":false,"template":"","format":"standard","meta":{"footnotes":""},"categories":[1],"tags":[],"class_list":["post-1256","post","type-post","status-publish","format-standard","hentry","category-sem-categoria"],"acf":[],"_links":{"self":[{"href":"https:\/\/www.ufsm.br\/cursos\/pos-graduacao\/santa-maria\/ppgbtox\/wp-json\/wp\/v2\/posts\/1256","targetHints":{"allow":["GET"]}}],"collection":[{"href":"https:\/\/www.ufsm.br\/cursos\/pos-graduacao\/santa-maria\/ppgbtox\/wp-json\/wp\/v2\/posts"}],"about":[{"href":"https:\/\/www.ufsm.br\/cursos\/pos-graduacao\/santa-maria\/ppgbtox\/wp-json\/wp\/v2\/types\/post"}],"author":[{"embeddable":true,"href":"https:\/\/www.ufsm.br\/cursos\/pos-graduacao\/santa-maria\/ppgbtox\/wp-json\/wp\/v2\/users\/3794"}],"replies":[{"embeddable":true,"href":"https:\/\/www.ufsm.br\/cursos\/pos-graduacao\/santa-maria\/ppgbtox\/wp-json\/wp\/v2\/comments?post=1256"}],"version-history":[{"count":0,"href":"https:\/\/www.ufsm.br\/cursos\/pos-graduacao\/santa-maria\/ppgbtox\/wp-json\/wp\/v2\/posts\/1256\/revisions"}],"wp:attachment":[{"href":"https:\/\/www.ufsm.br\/cursos\/pos-graduacao\/santa-maria\/ppgbtox\/wp-json\/wp\/v2\/media?parent=1256"}],"wp:term":[{"taxonomy":"category","embeddable":true,"href":"https:\/\/www.ufsm.br\/cursos\/pos-graduacao\/santa-maria\/ppgbtox\/wp-json\/wp\/v2\/categories?post=1256"},{"taxonomy":"post_tag","embeddable":true,"href":"https:\/\/www.ufsm.br\/cursos\/pos-graduacao\/santa-maria\/ppgbtox\/wp-json\/wp\/v2\/tags?post=1256"}],"curies":[{"name":"wp","href":"https:\/\/api.w.org\/{rel}","templated":true}]}}