{"id":2496,"date":"2016-11-17T06:35:35","date_gmt":"2016-11-17T09:35:35","guid":{"rendered":"http:\/\/w3.ufsm.br\/ppgi\/?p=2496"},"modified":"2016-11-17T06:35:35","modified_gmt":"2016-11-17T09:35:35","slug":"candidatos-selecionados-para-2a-fase","status":"publish","type":"post","link":"https:\/\/www.ufsm.br\/cursos\/pos-graduacao\/santa-maria\/ppgcc\/2016\/11\/17\/candidatos-selecionados-para-2a-fase","title":{"rendered":"Sele\u00e7\u00e3o Ingresso 2017 &#8211; Listagem Final de Classificados"},"content":{"rendered":"<h3>Lista de classificados<\/h3>\n<p>Lista de classificados por orientador.<\/p>\n<ul>\n<li><a href=\"https:\/\/www.ufsm.br\/cursos\/pos-graduacao\/santa-maria\/ppgcc\/wp-content\/uploads\/sites\/567\/2017\/02\/AprovadosPorOrientador.pdf\">Lista final dos selecionados<\/a><\/li>\n<\/ul>\n<h3>O quadro de notas est\u00e1 dispon\u00edvel na secretaria do programa para consulta dos interessados.<\/h3>\n<p>&nbsp;<\/p>\n<h3>Resultados dos Recursos.<\/h3>\n<p>Conforme o previsto em edital todos os rercursos apresentados \u00e0 Comiss\u00e3o de Sele\u00e7\u00e3o foram indeferidos.<\/p>\n<h3><\/h3>\n<h3>Local para realiza\u00e7\u00e3o da Prova Escrita.<\/h3>\n<p>Conforme o previsto em edital a prova escrita ser\u00e1 realiza no dia\u00a0<b><span style=\"color: red\">25 de novembro<\/span><\/b>, con in\u00edcio \u00e0s<b> <\/b><span style=\"color: red\"><b>9 h e t\u00e9rmino \u00e0s 12h30min<\/b><\/span>, na\u00a0<span style=\"color: red\"><b>sala 111, Bloco F, Col\u00e9gio Polit\u00e9cnico da UFSM, Pr\u00e9dio 70<\/b><\/span>.<\/p>\n<ul>\n<li><a href=\"https:\/\/www.ufsm.br\/cursos\/pos-graduacao\/santa-maria\/ppgcc\/wp-content\/uploads\/sites\/567\/2016\/11\/Cronogrma-Entrevistas-ByOrientador.pdf\">Selecionados para 2\u00aa Etapa &#8211; Entrevistas<\/a><\/li>\n<\/ul>\n<ul>\n<li><a href=\"https:\/\/www.ufsm.br\/cursos\/pos-graduacao\/santa-maria\/ppgcc\/wp-content\/uploads\/sites\/567\/2016\/11\/Selecionados-Fase-1-Opcao-Prova-Escrita.pdf\">Selecionados para 2\u00aa Etapa &#8211; Op\u00e7\u00e3o Prova Escrita<\/a><\/li>\n<li><a href=\"https:\/\/www.ufsm.br\/cursos\/pos-graduacao\/santa-maria\/ppgcc\/wp-content\/uploads\/sites\/567\/2016\/11\/Selecionados-Fase-1-Opcao-POSCOMP.pdf\">Selecionados para 2\u00aa Etapa &#8211; Op\u00e7\u00e3o POSCOMP<\/a><\/li>\n<\/ul>\n<p>&nbsp;<\/p>\n<h3>Candidatos selecionados para 2\u00aa fase<\/h3>\n<p>A Comiss\u00e3o de Sele\u00e7\u00e3o divulga os candidatos selecionados para a 2\u00aa Etapa do\u00a0processo seletivo para ingresso no\u00a0Programa de P\u00f3s-Gradua\u00e7\u00e3o em Inform\u00e1tica.<\/p>\n<ul>\n<li><a href=\"https:\/\/www.ufsm.br\/cursos\/pos-graduacao\/santa-maria\/ppgcc\/wp-content\/uploads\/sites\/567\/2016\/11\/selecionados-2-Fase.pdf\">PPGI &#8211; Selecao Ingresso 2017 &#8211; Selecionados para 2\u00aa Etapa<\/a><\/li>\n<\/ul>\n","protected":false},"excerpt":{"rendered":"<p>Lista de classificados Lista de classificados por orientador. Lista final dos selecionados O quadro de notas est\u00e1 dispon\u00edvel na secretaria do programa para consulta dos interessados. &nbsp; Resultados dos Recursos. Conforme o previsto em edital todos os rercursos apresentados \u00e0 Comiss\u00e3o de Sele\u00e7\u00e3o foram indeferidos. Local para realiza\u00e7\u00e3o da Prova Escrita. Conforme o previsto em [&hellip;]<\/p>\n","protected":false},"author":25,"featured_media":0,"comment_status":"closed","ping_status":"closed","sticky":false,"template":"","format":"standard","meta":{"footnotes":""},"categories":[2],"tags":[],"class_list":["post-2496","post","type-post","status-publish","format-standard","hentry","category-noticias"],"acf":[],"_links":{"self":[{"href":"https:\/\/www.ufsm.br\/cursos\/pos-graduacao\/santa-maria\/ppgcc\/wp-json\/wp\/v2\/posts\/2496","targetHints":{"allow":["GET"]}}],"collection":[{"href":"https:\/\/www.ufsm.br\/cursos\/pos-graduacao\/santa-maria\/ppgcc\/wp-json\/wp\/v2\/posts"}],"about":[{"href":"https:\/\/www.ufsm.br\/cursos\/pos-graduacao\/santa-maria\/ppgcc\/wp-json\/wp\/v2\/types\/post"}],"author":[{"embeddable":true,"href":"https:\/\/www.ufsm.br\/cursos\/pos-graduacao\/santa-maria\/ppgcc\/wp-json\/wp\/v2\/users\/25"}],"replies":[{"embeddable":true,"href":"https:\/\/www.ufsm.br\/cursos\/pos-graduacao\/santa-maria\/ppgcc\/wp-json\/wp\/v2\/comments?post=2496"}],"version-history":[{"count":0,"href":"https:\/\/www.ufsm.br\/cursos\/pos-graduacao\/santa-maria\/ppgcc\/wp-json\/wp\/v2\/posts\/2496\/revisions"}],"wp:attachment":[{"href":"https:\/\/www.ufsm.br\/cursos\/pos-graduacao\/santa-maria\/ppgcc\/wp-json\/wp\/v2\/media?parent=2496"}],"wp:term":[{"taxonomy":"category","embeddable":true,"href":"https:\/\/www.ufsm.br\/cursos\/pos-graduacao\/santa-maria\/ppgcc\/wp-json\/wp\/v2\/categories?post=2496"},{"taxonomy":"post_tag","embeddable":true,"href":"https:\/\/www.ufsm.br\/cursos\/pos-graduacao\/santa-maria\/ppgcc\/wp-json\/wp\/v2\/tags?post=2496"}],"curies":[{"name":"wp","href":"https:\/\/api.w.org\/{rel}","templated":true}]}}