{"id":3297,"date":"2019-08-30T16:39:52","date_gmt":"2019-08-30T19:39:52","guid":{"rendered":"https:\/\/www.ufsm.br\/cursos\/pos-graduacao\/santa-maria\/ppgcc\/?p=3297"},"modified":"2019-08-30T16:39:56","modified_gmt":"2019-08-30T19:39:56","slug":"seminario-sobre-melhoria-da-qualidade-do-ppgcc","status":"publish","type":"post","link":"https:\/\/www.ufsm.br\/cursos\/pos-graduacao\/santa-maria\/ppgcc\/2019\/08\/30\/seminario-sobre-melhoria-da-qualidade-do-ppgcc","title":{"rendered":"Semin\u00e1rio Sobre Melhoria da Qualidade do PPGCC"},"content":{"rendered":"\n<p class=\"western\"><span style=\"font-family: 'Times New Roman', serif;font-size: medium\">A <\/span><span style=\"font-family: 'Times New Roman', serif;font-size: medium\">C<\/span><span style=\"font-family: 'Times New Roman', serif;font-size: medium\">oordena\u00e7\u00e3o do <\/span><span style=\"font-family: 'Times New Roman', serif;font-size: medium\">P<\/span><span style=\"font-family: 'Times New Roman', serif;font-size: medium\">rograma de P\u00f3s-Gradua\u00e7\u00e3o em Ci\u00eancia da Computa\u00e7\u00e3o (<\/span><span style=\"font-family: 'Times New Roman', serif;font-size: medium\">P<\/span><span style=\"font-family: 'Times New Roman', serif;font-size: medium\">P<\/span><span style=\"font-family: 'Times New Roman', serif;font-size: medium\">GCC<\/span><span style=\"font-family: 'Times New Roman', serif;font-size: medium\">) <\/span><span style=\"font-family: 'Times New Roman', serif;font-size: medium\">c<\/span><span style=\"font-family: 'Times New Roman', serif;font-size: medium\">onvida a comunidade\u00a0<\/span><span style=\"font-family: Times New Roman, serif;font-size: medium\">acad\u00eamica\u00a0<\/span><span style=\"font-family: 'Times New Roman', serif;font-size: medium\">do PPGCC<\/span><span style=\"font-family: 'Times New Roman', serif;font-size: medium\"> para participar do<\/span><span style=\"font-family: 'Times New Roman', serif;font-size: medium\"> Semin\u00e1rio Sobre <\/span><span style=\"font-family: 'Times New Roman', serif;font-size: medium\">M<\/span><span style=\"font-family: 'Times New Roman', serif;font-size: medium\">elhoria da Qualidade do PPGCC, <\/span><span style=\"font-family: 'Times New Roman', serif;font-size: medium\">que<\/span> <span style=\"font-family: 'Times New Roman', serif;font-size: medium\">ser\u00e1<\/span><span style=\"font-family: 'Times New Roman', serif;font-size: medium\"> realizado no dia <\/span><span style=\"font-family: 'Times New Roman', serif;font-size: medium\">09<\/span> <span style=\"font-family: 'Times New Roman', serif;font-size: medium\">de <\/span><span style=\"font-family: 'Times New Roman', serif;font-size: medium\">setembro<\/span><span style=\"font-family: 'Times New Roman', serif;font-size: medium\"> de 2019, <\/span><span style=\"font-family: 'Times New Roman', serif;font-size: medium\">das 9:00h \u00e0s 16:00h,<\/span><span style=\"font-family: 'Times New Roman', serif;font-size: medium\"> no Audit\u00f3rio <\/span><span style=\"font-family: 'Times New Roman', serif;font-size: medium\">P\u00e9rcio Reis,<\/span> <span style=\"font-family: 'Times New Roman', serif;font-size: medium\">n<\/span><span style=\"font-family: 'Times New Roman', serif;font-size: medium\">o Centro de Tecnologia <\/span><span style=\"font-family: 'Times New Roman', serif;font-size: medium\">da UFSM<\/span><span style=\"font-family: 'Times New Roman', serif;font-size: medium\">. <\/span><span style=\"font-family: 'Times New Roman', serif;font-size: medium\">O<\/span> <span style=\"font-family: 'Times New Roman', serif;font-size: medium\">evento est\u00e1 sendo organizado pel<\/span><span style=\"font-family: 'Times New Roman', serif;font-size: medium\">a <\/span><span style=\"font-family: 'Times New Roman', serif;font-size: medium\">C<\/span><span style=\"font-family: 'Times New Roman', serif;font-size: medium\">oordena\u00e7\u00e3o do P<\/span><span style=\"font-family: 'Times New Roman', serif;font-size: medium\">rograma de P\u00f3s-Gradua\u00e7\u00e3o em Ci\u00eancia da Computa\u00e7\u00e3o <\/span><span style=\"font-family: 'Times New Roman', serif;font-size: medium\">e <\/span><span style=\"font-family: 'Times New Roman', serif;font-size: medium\">pretende<\/span><span style=\"font-family: 'Times New Roman', serif;font-size: medium\"> discutir alternativas para a melhoria da qualidade do PPGCC. <\/span><span style=\"font-family: 'Times New Roman', serif;font-size: medium\">C<\/span><span style=\"font-family: 'Times New Roman', serif;font-size: medium\">om este intuito, ser\u00e3o realizadas palestras, reuni\u00f5es e outras atividades durante <\/span><span style=\"font-family: 'Times New Roman', serif;font-size: medium\">o<\/span><span style=\"font-family: 'Times New Roman', serif;font-size: medium\"> evento, <\/span><span style=\"font-family: 'Times New Roman', serif;font-size: medium\">que tamb\u00e9m <\/span><span style=\"font-family: 'Times New Roman', serif;font-size: medium\">contar\u00e1 com a participa\u00e7\u00e3o do professor <\/span><span style=\"font-family: 'Times New Roman', serif;font-size: medium\">Avelino Francisco Zorzo <\/span><span style=\"font-family: 'Times New Roman', serif;font-size: medium\">(PUC\/RS), <\/span><span style=\"font-family: 'Times New Roman', serif;font-size: medium\">membro<\/span><span style=\"font-family: 'Times New Roman', serif;font-size: medium\"> da Comiss\u00e3o de \u00c1rea d<\/span><span style=\"font-family: 'Times New Roman', serif;font-size: medium\">a<\/span><span style=\"font-family: 'Times New Roman', serif;font-size: medium\"> Ci\u00eancia da Computa\u00e7\u00e3o <\/span><span style=\"font-family: 'Times New Roman', serif;font-size: medium\">n<\/span><span style=\"font-family: 'Times New Roman', serif;font-size: medium\">a CAPES, <\/span><span style=\"font-family: 'Times New Roman', serif;font-size: medium\">do professor Thiago Machado Ardenghi, Coordenador de P\u00f3s-Gradua\u00e7\u00e3o da UFSM (CPG\/PRPGP), e do professor Tiago Marchesan, Diretor do Centro de Tecnologia (CT\/UFSM).<br \/><br \/>O folder do evento pode ser acessado <a href=\"https:\/\/www.ufsm.br\/cursos\/pos-graduacao\/santa-maria\/ppgcc\/wp-content\/uploads\/sites\/567\/2019\/08\/folder-seminario-ppgcc.pdf\">AQUI<\/a><br \/><br \/><strong>PROGRAMA\u00c7\u00c3O:\u00a0<\/strong><\/span><\/p>\n<p class=\"western\">(09:00 &#8211; 09:30) &#8211; Abertura de atividades com a presen\u00e7a de representantes da PRPGP e dire\u00e7\u00e3o do Centro de Tecnologia da UFSM;<br \/>(09:30 &#8211; 10:30) \u2013 Planejamento da \u00e1rea da Ci\u00eancia da Computa\u00e7\u00e3o para o quadri\u00eanio de avalia\u00e7\u00e3o 2017-2020;<br \/>(10:30 \u2013 11:00) \u2013 Coffee Break;<br \/>(11:00 \u2013 11:30) \u2013 Apresenta\u00e7\u00e3o dos representantes das 4 linhas de pesquisa do PPGCC;<br \/>(11:30 \u2013 12:00) &#8211; Apresenta\u00e7\u00e3o da coordena\u00e7\u00e3o do PPGCC sobre os resultados obtidos at\u00e9 o momento neste quadri\u00eanio;<br \/>(12:00 &#8211; 13:30) \u2013 Intervalo para almo\u00e7o;<br \/>(13:30 &#8211; 14:30) \u2013 Palestra com o professor Avelino Francismo Zorzo (PUC\/RS);<br \/>(14:30 &#8211; 16:00) \u2013 Reuni\u00e3o com os docentes do programa;<\/p>\n<p class=\"western\"><span style=\"font-family: 'Times New Roman', serif;font-size: medium\"><br \/><br \/><br \/><\/span><\/p>\n","protected":false},"excerpt":{"rendered":"<p>A Coordena\u00e7\u00e3o do Programa de P\u00f3s-Gradua\u00e7\u00e3o em Ci\u00eancia da Computa\u00e7\u00e3o (PPGCC) convida a comunidade\u00a0acad\u00eamica\u00a0do PPGCC para participar do Semin\u00e1rio Sobre Melhoria da Qualidade do PPGCC, que ser\u00e1 realizado no dia 09 de setembro de 2019, das 9:00h \u00e0s 16:00h, no Audit\u00f3rio P\u00e9rcio Reis, no Centro de Tecnologia da UFSM. O evento est\u00e1 sendo organizado pela [&hellip;]<\/p>\n","protected":false},"author":936,"featured_media":0,"comment_status":"closed","ping_status":"closed","sticky":false,"template":"","format":"standard","meta":{"footnotes":""},"categories":[1],"tags":[],"class_list":["post-3297","post","type-post","status-publish","format-standard","hentry","category-sem-categoria"],"acf":[],"_links":{"self":[{"href":"https:\/\/www.ufsm.br\/cursos\/pos-graduacao\/santa-maria\/ppgcc\/wp-json\/wp\/v2\/posts\/3297","targetHints":{"allow":["GET"]}}],"collection":[{"href":"https:\/\/www.ufsm.br\/cursos\/pos-graduacao\/santa-maria\/ppgcc\/wp-json\/wp\/v2\/posts"}],"about":[{"href":"https:\/\/www.ufsm.br\/cursos\/pos-graduacao\/santa-maria\/ppgcc\/wp-json\/wp\/v2\/types\/post"}],"author":[{"embeddable":true,"href":"https:\/\/www.ufsm.br\/cursos\/pos-graduacao\/santa-maria\/ppgcc\/wp-json\/wp\/v2\/users\/936"}],"replies":[{"embeddable":true,"href":"https:\/\/www.ufsm.br\/cursos\/pos-graduacao\/santa-maria\/ppgcc\/wp-json\/wp\/v2\/comments?post=3297"}],"version-history":[{"count":0,"href":"https:\/\/www.ufsm.br\/cursos\/pos-graduacao\/santa-maria\/ppgcc\/wp-json\/wp\/v2\/posts\/3297\/revisions"}],"wp:attachment":[{"href":"https:\/\/www.ufsm.br\/cursos\/pos-graduacao\/santa-maria\/ppgcc\/wp-json\/wp\/v2\/media?parent=3297"}],"wp:term":[{"taxonomy":"category","embeddable":true,"href":"https:\/\/www.ufsm.br\/cursos\/pos-graduacao\/santa-maria\/ppgcc\/wp-json\/wp\/v2\/categories?post=3297"},{"taxonomy":"post_tag","embeddable":true,"href":"https:\/\/www.ufsm.br\/cursos\/pos-graduacao\/santa-maria\/ppgcc\/wp-json\/wp\/v2\/tags?post=3297"}],"curies":[{"name":"wp","href":"https:\/\/api.w.org\/{rel}","templated":true}]}}