{"id":357,"date":"2010-11-16T13:54:56","date_gmt":"2010-11-16T16:54:56","guid":{"rendered":"http:\/\/w3.ufsm.br\/ppgi\/?p=357"},"modified":"2010-11-16T13:54:56","modified_gmt":"2010-11-16T16:54:56","slug":"selecao-ppgi-2011-deferidos","status":"publish","type":"post","link":"https:\/\/www.ufsm.br\/cursos\/pos-graduacao\/santa-maria\/ppgcc\/2010\/11\/16\/selecao-ppgi-2011-deferidos","title":{"rendered":"Sele\u00e7\u00e3o PPGI 2011 &#8211; Deferidos"},"content":{"rendered":"<p>2011 &#8211; Inscri\u00e7\u00f5es Deferidas\u00a0<\/p>\n<p>ADRIANO PEREIRA\u00a0<br \/>\nALECSON MILTON ALMEIDA DOS SANTOS\u00a0<br \/>\nALEXANDRE PIRES VARGAS BOLZAN\u00a0<br \/>\nALIANE LOUREIRO KRASSMANN\u00a0<br \/>\nALINE PACHECO PRIM\u00c3O\u00a0<br \/>\nARTON PEREIRA DORNELES\u00a0<br \/>\nBRUNO CRESTANI CALEGARO\u00a0<br \/>\nCAMILA CEREZER POSSOBOM\u00a0<br \/>\nCARLOS ALBERTO SANOS DOS SANTOS JUNIOR<br \/>\nCATIANE PRISCILA BARBOSA ARENHARDT\u00a0<br \/>\nCESAR AUGUSTO GUERRA DE SOUZA\u00a0<br \/>\nCIRINEU PINHEIRO DELAVECHIA\u00a0<br \/>\nCLEBER RIGHI\u00a0<br \/>\nCRISTIANO DE FAVARI\u00a0<br \/>\nEDERSON BASTIANI\u00a0<br \/>\nEDMAR PESSOA ARAUJO NETO\u00a0<br \/>\nELIANE FATIMA NUNES DE SOUZA\u00a0<br \/>\nF\u00c1BIO WEBER ALBIERO\u00a0<br \/>\nFABR\u00cdCIO DESBESSEL\u00a0<br \/>\nFABR\u00cdCIO SEVERO DE SEVERO\u00a0<br \/>\nFELIPE MORAES HENES\u00a0<br \/>\nFERNANDO QUATRIN CAMPAGNOLO\u00a0<br \/>\nFLAVIO BOHRER FLORES\u00a0<br \/>\nGIANI PETRI\u00a0<br \/>\nGUILHERME STREB DOS SANTOS\u00a0<br \/>\nGUSTAVO KOEHLER\u00a0<br \/>\nJORGE LUIZ TITONELI PINTO FILHO\u00a0<br \/>\nJOS\u00c9 ARLINDO FAGUNDES CORREA DE BARROS\u00a0<br \/>\nJ\u00daILO CEZAR BEAL J\u00daNIOR\u00a0<br \/>\nKARLISE SOARES NASCIMENTO\u00a0<br \/>\nLEONARDO MINELLI\u00a0<br \/>\nLUCAS ANTUNES TAMBARA\u00a0<br \/>\nLUIS FABIO FACCIN\u00a0<br \/>\nMARCELO TOMCZAK\u00a0<br \/>\nMARIANI AQUINO NUNES\u00a0<br \/>\nMARTA BREUNIG\u00a0<br \/>\nPATRICIA DA SILVA BARRERO\u00a0<br \/>\nRAFAEL BALDIATI PARIZI\u00a0<br \/>\nRAFAEL GIL FERQUES\u00a0<br \/>\nREGIS RODOLFO SCHUCH\u00a0<br \/>\nREGIS TITON\u00a0<br \/>\nRICARDO TOMBESI MACEDO\u00a0<br \/>\nROBERT TORREL\u00a0<br \/>\nROBERTA DE CARVALHO NOBRE PALAU\u00a0<br \/>\nROBERTO WIEST\u00a0<br \/>\nRODRIGO AITA DELL\u2019AGLIO<br \/>\nROGER LUIS HOFF LAVARDA\u00a0<br \/>\nSIDNEI BARBIERI\u00a0<br \/>\nTACIANO BALARDIN DE OLIVEIRA\u00a0<br \/>\nTASSIANA KAUTZMANN\u00a0<br \/>\nTIAGO LUIS CESA SEIBEL\u00a0<br \/>\nTIAGO NONOAI FLORES CORR\u00caA\u00a0<br \/>\nTOBIAS DE CAMPOS ANDRADE<br \/>\nVICTOR CHITOLINA SCHETINGER\u00a0<br \/>\nVIN\u00cdCIUS GARCIA PINTO\u00a0<br \/>\nVIN\u00cdCIUS MICHEL GOTTIN\u00a0<br \/>\nVITOR ANGELO POZZATTI RIGHI\u00a0<br \/>\nWILLIAM DO NASCIMENTO GUARESCHI<\/p>\n","protected":false},"excerpt":{"rendered":"<p>Incri\u00e7\u00f5es Deferidas no Processo Seletivo 2011<\/p>\n","protected":false},"author":25,"featured_media":361,"comment_status":"open","ping_status":"open","sticky":false,"template":"","format":"standard","meta":{"footnotes":""},"categories":[1],"tags":[],"class_list":["post-357","post","type-post","status-publish","format-standard","has-post-thumbnail","hentry","category-sem-categoria"],"acf":[],"_links":{"self":[{"href":"https:\/\/www.ufsm.br\/cursos\/pos-graduacao\/santa-maria\/ppgcc\/wp-json\/wp\/v2\/posts\/357","targetHints":{"allow":["GET"]}}],"collection":[{"href":"https:\/\/www.ufsm.br\/cursos\/pos-graduacao\/santa-maria\/ppgcc\/wp-json\/wp\/v2\/posts"}],"about":[{"href":"https:\/\/www.ufsm.br\/cursos\/pos-graduacao\/santa-maria\/ppgcc\/wp-json\/wp\/v2\/types\/post"}],"author":[{"embeddable":true,"href":"https:\/\/www.ufsm.br\/cursos\/pos-graduacao\/santa-maria\/ppgcc\/wp-json\/wp\/v2\/users\/25"}],"replies":[{"embeddable":true,"href":"https:\/\/www.ufsm.br\/cursos\/pos-graduacao\/santa-maria\/ppgcc\/wp-json\/wp\/v2\/comments?post=357"}],"version-history":[{"count":0,"href":"https:\/\/www.ufsm.br\/cursos\/pos-graduacao\/santa-maria\/ppgcc\/wp-json\/wp\/v2\/posts\/357\/revisions"}],"wp:featuredmedia":[{"embeddable":true,"href":"https:\/\/www.ufsm.br\/cursos\/pos-graduacao\/santa-maria\/ppgcc\/wp-json\/wp\/v2\/media\/361"}],"wp:attachment":[{"href":"https:\/\/www.ufsm.br\/cursos\/pos-graduacao\/santa-maria\/ppgcc\/wp-json\/wp\/v2\/media?parent=357"}],"wp:term":[{"taxonomy":"category","embeddable":true,"href":"https:\/\/www.ufsm.br\/cursos\/pos-graduacao\/santa-maria\/ppgcc\/wp-json\/wp\/v2\/categories?post=357"},{"taxonomy":"post_tag","embeddable":true,"href":"https:\/\/www.ufsm.br\/cursos\/pos-graduacao\/santa-maria\/ppgcc\/wp-json\/wp\/v2\/tags?post=357"}],"curies":[{"name":"wp","href":"https:\/\/api.w.org\/{rel}","templated":true}]}}