{"id":3784,"date":"2025-02-24T10:05:01","date_gmt":"2025-02-24T13:05:01","guid":{"rendered":"https:\/\/www.ufsm.br\/cursos\/pos-graduacao\/santa-maria\/ppgcc\/?p=3784"},"modified":"2025-02-24T10:05:01","modified_gmt":"2025-02-24T13:05:01","slug":"confirmacao-de-vaga-1a-janela-do-processo-seletivo-para-ingresso-no-mestrado-em-ciencia-da-computacao-em-2025","status":"publish","type":"post","link":"https:\/\/www.ufsm.br\/cursos\/pos-graduacao\/santa-maria\/ppgcc\/2025\/02\/24\/confirmacao-de-vaga-1a-janela-do-processo-seletivo-para-ingresso-no-mestrado-em-ciencia-da-computacao-em-2025","title":{"rendered":"Confirma\u00e7\u00e3o de vaga \u2013 1\u00aa janela do Processo Seletivo para ingresso no Mestrado em Ci\u00eancia da Computa\u00e7\u00e3o em 2025"},"content":{"rendered":"\n<p class=\"wp-block-paragraph\"><a href=\"https:\/\/api.whatsapp.com\/send?text=Confirma%C3%A7%C3%A3o%20de%20vaga%20%E2%80%93%203%C2%AA%20janela%20do%20Processo%20Seletivo%20para%20ingresso%20no%20Mestrado%20em%20Ci%C3%AAncia%20da%20Computa%C3%A7%C3%A3o%20em%202024%20Acesse:%20https:\/\/www.ufsm.br\/cursos\/pos-graduacao\/santa-maria\/ppgcc\/2024\/09\/09\/confirmacao-de-vaga-3a-janela-do-processo-seletivo-para-ingresso-no-mestrado-em-ciencia-da-computacao-em-2024\" target=\"_blank\" rel=\"noreferrer noopener\"><\/a><\/p>\n\n\n\n<p>Hoje (24\/02) inicia o processo de confirma\u00e7\u00e3o de vaga da 1\u00aa janela do edital de ingresso na p\u00f3s-gradua\u00e7\u00e3o da UFSM em 2025. A confirma\u00e7\u00e3o da vaga pode ser feita at\u00e9 amanh\u00e3 (25\/02), conforme o Edital Geral. As orienta\u00e7\u00f5es sobre a confirma\u00e7\u00e3o da vaga podem ser acessadas no Anexo 2 do <a href=\"https:\/\/www.ufsm.br\/app\/uploads\/sites\/345\/2024\/09\/EDITGERAL_065_2024_retif.pdf\">Edital Geral<\/a>.<br \/><br \/>A primeira matr\u00edcula no PPGCC pode ser solicitada por e-mail para a secretaria do programa, ap\u00f3s o candidato confirmar a vaga e receber o n\u00famero de matr\u00edcula.<br \/><br \/>A lista final com os candidatos classificados na 1\u00aa janela de sele\u00e7\u00e3o de ingresso na p\u00f3s-gradua\u00e7\u00e3o da UFSM pode ser acessada na <a href=\"https:\/\/www.ufsm.br\/pro-reitorias\/prpgp\/editais\/065-2024\">p\u00e1gina do edital<\/a>.<\/p>\n","protected":false},"excerpt":{"rendered":"<p>Hoje (24\/02) inicia o processo de confirma\u00e7\u00e3o de vaga da 1\u00aa janela do edital de ingresso na p\u00f3s-gradua\u00e7\u00e3o da UFSM em 2025. A confirma\u00e7\u00e3o da vaga pode ser feita at\u00e9 amanh\u00e3 (25\/02), conforme o Edital Geral. As orienta\u00e7\u00f5es sobre a confirma\u00e7\u00e3o da vaga podem ser acessadas no Anexo 2 do Edital Geral. A primeira matr\u00edcula [&hellip;]<\/p>\n","protected":false},"author":936,"featured_media":0,"comment_status":"closed","ping_status":"closed","sticky":false,"template":"","format":"standard","meta":{"footnotes":""},"categories":[1],"tags":[],"class_list":["post-3784","post","type-post","status-publish","format-standard","hentry","category-sem-categoria"],"acf":[],"_links":{"self":[{"href":"https:\/\/www.ufsm.br\/cursos\/pos-graduacao\/santa-maria\/ppgcc\/wp-json\/wp\/v2\/posts\/3784","targetHints":{"allow":["GET"]}}],"collection":[{"href":"https:\/\/www.ufsm.br\/cursos\/pos-graduacao\/santa-maria\/ppgcc\/wp-json\/wp\/v2\/posts"}],"about":[{"href":"https:\/\/www.ufsm.br\/cursos\/pos-graduacao\/santa-maria\/ppgcc\/wp-json\/wp\/v2\/types\/post"}],"author":[{"embeddable":true,"href":"https:\/\/www.ufsm.br\/cursos\/pos-graduacao\/santa-maria\/ppgcc\/wp-json\/wp\/v2\/users\/936"}],"replies":[{"embeddable":true,"href":"https:\/\/www.ufsm.br\/cursos\/pos-graduacao\/santa-maria\/ppgcc\/wp-json\/wp\/v2\/comments?post=3784"}],"version-history":[{"count":0,"href":"https:\/\/www.ufsm.br\/cursos\/pos-graduacao\/santa-maria\/ppgcc\/wp-json\/wp\/v2\/posts\/3784\/revisions"}],"wp:attachment":[{"href":"https:\/\/www.ufsm.br\/cursos\/pos-graduacao\/santa-maria\/ppgcc\/wp-json\/wp\/v2\/media?parent=3784"}],"wp:term":[{"taxonomy":"category","embeddable":true,"href":"https:\/\/www.ufsm.br\/cursos\/pos-graduacao\/santa-maria\/ppgcc\/wp-json\/wp\/v2\/categories?post=3784"},{"taxonomy":"post_tag","embeddable":true,"href":"https:\/\/www.ufsm.br\/cursos\/pos-graduacao\/santa-maria\/ppgcc\/wp-json\/wp\/v2\/tags?post=3784"}],"curies":[{"name":"wp","href":"https:\/\/api.w.org\/{rel}","templated":true}]}}