{"id":3930,"date":"2026-09-03T11:26:17","date_gmt":"2026-09-03T14:26:17","guid":{"rendered":"https:\/\/www.ufsm.br\/cursos\/pos-graduacao\/santa-maria\/ppgcc\/?p=3930"},"modified":"2026-09-03T11:26:18","modified_gmt":"2026-09-03T14:26:18","slug":"programa-capes-global-edu-rede-coonexa-selecao-e-priorizacao-de-candidaturas-internas-do-ppgcc","status":"publish","type":"post","link":"https:\/\/www.ufsm.br\/cursos\/pos-graduacao\/santa-maria\/ppgcc\/2026\/09\/03\/programa-capes-global-edu-rede-coonexa-selecao-e-priorizacao-de-candidaturas-internas-do-ppgcc","title":{"rendered":"Programa CAPES-Global.Edu \u2013 Rede Coonexa \u2013 Sele\u00e7\u00e3o e prioriza\u00e7\u00e3o de candidaturas internas do PPGCC"},"content":{"rendered":"\n<p>O Coordenador do PPGCC, no uso de suas atribui\u00e7\u00f5es, torna p\u00fablica a presente chamada interna para sele\u00e7\u00e3o e prioriza\u00e7\u00e3o de candidaturas de discentes e docentes vinculados ao Programa, com vistas \u00e0 indica\u00e7\u00e3o \u00e0s coordena\u00e7\u00f5es dos projetos Fundamentos de Intelig\u00eancia Artificial e Aplica\u00e7\u00f5es Interdisciplinares de Intelig\u00eancia Artificial, integrantes do Tema Tecnologias emergentes para inova\u00e7\u00e3o sustent\u00e1vel da Rede Coonexa, no \u00e2mbito do Programa Redes para Internacionaliza\u00e7\u00e3o Institucional \u2013 CAPES-Global.Edu.<\/p>\n<p>Esta chamada observa, em especial, o Edital Coonexa n\u00ba 01\/2026, o Edital CAPES n\u00ba 13\/2025, a Portaria CAPES n\u00ba 289\/2018, a Portaria CAPES n\u00ba 74\/2025 e os demais atos normativos aplic\u00e1veis, sem preju\u00edzo de normas posteriores que os alterem ou substituam.<br \/><br \/>O edital pode ser acessado <a href=\"https:\/\/www.ufsm.br\/cursos\/pos-graduacao\/santa-maria\/ppgcc\/editais\/002-2026\">aqui<\/a>.<\/p>\n","protected":false},"excerpt":{"rendered":"<p>O Coordenador do PPGCC, no uso de suas atribui\u00e7\u00f5es, torna p\u00fablica a presente chamada interna para sele\u00e7\u00e3o e prioriza\u00e7\u00e3o de candidaturas de discentes e docentes vinculados ao Programa, com vistas \u00e0 indica\u00e7\u00e3o \u00e0s coordena\u00e7\u00f5es dos projetos Fundamentos de Intelig\u00eancia Artificial e Aplica\u00e7\u00f5es Interdisciplinares de Intelig\u00eancia Artificial, integrantes do Tema Tecnologias emergentes para inova\u00e7\u00e3o sustent\u00e1vel da [&hellip;]<\/p>\n","protected":false},"author":936,"featured_media":0,"comment_status":"closed","ping_status":"closed","sticky":false,"template":"","format":"standard","meta":{"footnotes":""},"categories":[1],"tags":[],"class_list":["post-3930","post","type-post","status-publish","format-standard","hentry","category-sem-categoria"],"acf":[],"_links":{"self":[{"href":"https:\/\/www.ufsm.br\/cursos\/pos-graduacao\/santa-maria\/ppgcc\/wp-json\/wp\/v2\/posts\/3930","targetHints":{"allow":["GET"]}}],"collection":[{"href":"https:\/\/www.ufsm.br\/cursos\/pos-graduacao\/santa-maria\/ppgcc\/wp-json\/wp\/v2\/posts"}],"about":[{"href":"https:\/\/www.ufsm.br\/cursos\/pos-graduacao\/santa-maria\/ppgcc\/wp-json\/wp\/v2\/types\/post"}],"author":[{"embeddable":true,"href":"https:\/\/www.ufsm.br\/cursos\/pos-graduacao\/santa-maria\/ppgcc\/wp-json\/wp\/v2\/users\/936"}],"replies":[{"embeddable":true,"href":"https:\/\/www.ufsm.br\/cursos\/pos-graduacao\/santa-maria\/ppgcc\/wp-json\/wp\/v2\/comments?post=3930"}],"version-history":[{"count":0,"href":"https:\/\/www.ufsm.br\/cursos\/pos-graduacao\/santa-maria\/ppgcc\/wp-json\/wp\/v2\/posts\/3930\/revisions"}],"wp:attachment":[{"href":"https:\/\/www.ufsm.br\/cursos\/pos-graduacao\/santa-maria\/ppgcc\/wp-json\/wp\/v2\/media?parent=3930"}],"wp:term":[{"taxonomy":"category","embeddable":true,"href":"https:\/\/www.ufsm.br\/cursos\/pos-graduacao\/santa-maria\/ppgcc\/wp-json\/wp\/v2\/categories?post=3930"},{"taxonomy":"post_tag","embeddable":true,"href":"https:\/\/www.ufsm.br\/cursos\/pos-graduacao\/santa-maria\/ppgcc\/wp-json\/wp\/v2\/tags?post=3930"}],"curies":[{"name":"wp","href":"https:\/\/api.w.org\/{rel}","templated":true}]}}