{"id":1249,"date":"2026-09-01T18:01:04","date_gmt":"2026-09-01T21:01:04","guid":{"rendered":"https:\/\/www.ufsm.br\/cursos\/pos-graduacao\/santa-maria\/ppgcf\/?p=1249"},"modified":"2026-09-01T18:03:48","modified_gmt":"2026-09-01T21:03:48","slug":"o-programa-de-pos-graduacao-em-ciencias-farmacuticas-divulga-resultado-da-selecao-interna-para-o-edital-profix-2026","status":"publish","type":"post","link":"https:\/\/www.ufsm.br\/cursos\/pos-graduacao\/santa-maria\/ppgcf\/2026\/09\/01\/o-programa-de-pos-graduacao-em-ciencias-farmacuticas-divulga-resultado-da-selecao-interna-para-o-edital-profix-2026","title":{"rendered":"O Programa de P\u00f3s-gradua\u00e7\u00e3o em Ci\u00eancias Farmac\u00eauticas divulga o resultado da sele\u00e7\u00e3o interna para o Edital PROFIX 2026."},"content":{"rendered":"\n<p class=\"wp-block-paragraph\">A Comiss\u00e3o de Avalia\u00e7\u00e3o do Programa de P\u00f3s-Gradua\u00e7\u00e3o em Ci\u00eancias Farmac\u00eauticas (PPGCF) da Universidade Federal de Santa Maria reuniu-se no dia 31 de agosto de 2026 para definir a proposta que representar\u00e1 o Programa no Edital FAPERGS\/CNPq\/CAPES 06\/2026 \u2013 Programa de Apoio \u00e0 Fixa\u00e7\u00e3o de Doutores no Brasil (PROFIX-CB).<\/p>\n\n\n\n<p>Para acessar o resultado, <a href=\"https:\/\/www.ufsm.br\/cursos\/pos-graduacao\/santa-maria\/ppgcf\/editais\/003-2026\">clique aqui<\/a>.<\/p>\n\n\n","protected":false},"excerpt":{"rendered":"<p>A Comiss\u00e3o de Avalia\u00e7\u00e3o do Programa de P\u00f3s-Gradua\u00e7\u00e3o em Ci\u00eancias Farmac\u00eauticas (PPGCF) da Universidade Federal de Santa Maria reuniu-se no dia 31 de agosto de 2026 para definir a proposta que representar\u00e1 o Programa no Edital FAPERGS\/CNPq\/CAPES 06\/2026 \u2013 Programa de Apoio \u00e0 Fixa\u00e7\u00e3o de Doutores no Brasil (PROFIX-CB). Para acessar o resultado, clique aqui.<\/p>\n","protected":false},"author":6830,"featured_media":0,"comment_status":"closed","ping_status":"closed","sticky":false,"template":"","format":"standard","meta":{"footnotes":""},"categories":[9,2],"tags":[56,48],"class_list":["post-1249","post","type-post","status-publish","format-standard","hentry","category-destaques","category-noticias","tag-ppgcf","tag-processo-seletivo"],"acf":[],"_links":{"self":[{"href":"https:\/\/www.ufsm.br\/cursos\/pos-graduacao\/santa-maria\/ppgcf\/wp-json\/wp\/v2\/posts\/1249","targetHints":{"allow":["GET"]}}],"collection":[{"href":"https:\/\/www.ufsm.br\/cursos\/pos-graduacao\/santa-maria\/ppgcf\/wp-json\/wp\/v2\/posts"}],"about":[{"href":"https:\/\/www.ufsm.br\/cursos\/pos-graduacao\/santa-maria\/ppgcf\/wp-json\/wp\/v2\/types\/post"}],"author":[{"embeddable":true,"href":"https:\/\/www.ufsm.br\/cursos\/pos-graduacao\/santa-maria\/ppgcf\/wp-json\/wp\/v2\/users\/6830"}],"replies":[{"embeddable":true,"href":"https:\/\/www.ufsm.br\/cursos\/pos-graduacao\/santa-maria\/ppgcf\/wp-json\/wp\/v2\/comments?post=1249"}],"version-history":[{"count":0,"href":"https:\/\/www.ufsm.br\/cursos\/pos-graduacao\/santa-maria\/ppgcf\/wp-json\/wp\/v2\/posts\/1249\/revisions"}],"wp:attachment":[{"href":"https:\/\/www.ufsm.br\/cursos\/pos-graduacao\/santa-maria\/ppgcf\/wp-json\/wp\/v2\/media?parent=1249"}],"wp:term":[{"taxonomy":"category","embeddable":true,"href":"https:\/\/www.ufsm.br\/cursos\/pos-graduacao\/santa-maria\/ppgcf\/wp-json\/wp\/v2\/categories?post=1249"},{"taxonomy":"post_tag","embeddable":true,"href":"https:\/\/www.ufsm.br\/cursos\/pos-graduacao\/santa-maria\/ppgcf\/wp-json\/wp\/v2\/tags?post=1249"}],"curies":[{"name":"wp","href":"https:\/\/api.w.org\/{rel}","templated":true}]}}