{"id":908,"date":"2024-11-19T10:24:04","date_gmt":"2024-11-19T13:24:04","guid":{"rendered":"https:\/\/www.ufsm.br\/cursos\/pos-graduacao\/santa-maria\/ppgcf\/?p=908"},"modified":"2024-11-19T10:26:20","modified_gmt":"2024-11-19T13:26:20","slug":"divulgacao-da-data-e-horarios-para-a-apresentacao-dos-projetos-e-entrevistas-do-processo-de-selecao-mestrado-5","status":"publish","type":"post","link":"https:\/\/www.ufsm.br\/cursos\/pos-graduacao\/santa-maria\/ppgcf\/2024\/11\/19\/divulgacao-da-data-e-horarios-para-a-apresentacao-dos-projetos-e-entrevistas-do-processo-de-selecao-mestrado-5","title":{"rendered":"Divulga\u00e7\u00e3o da data e hor\u00e1rios para a apresenta\u00e7\u00e3o dos projetos e entrevistas do Processo de Sele\u00e7\u00e3o \u2013 MESTRADO"},"content":{"rendered":"\n<p>A comiss\u00e3o de sele\u00e7\u00e3o de mestrado do Programa de P\u00f3s-gradua\u00e7\u00e3o em Ci\u00eancias Farmac\u00eauticas da UFSM, gostaria de inform\u00e1-los que a apresenta\u00e7\u00e3o do projeto\/entrevista ser\u00e1 feita de forma remota pelo google meet. na ter\u00e7a-feira dia 26 de novembro de 2024.<\/p>\n<p>\u00a0<\/p>\n<p><span style=\"font-weight: 400\">Sele\u00e7\u00e3o Mestrado PPGCF-UFSM\u00a0<\/span><\/p>\n<p><span style=\"font-weight: 400\">Data entrevista: 26\/11\/2024 (Google meet)\u00a0<\/span><\/p>\n<table style=\"width: 100%;height: 1001px\">\n<tbody>\n<tr style=\"height: 49px\">\n<td style=\"height: 49px\">\n<p><span style=\"font-weight: 400\">CANDIDATOS\u00a0<\/span><\/p>\n<\/td>\n<td style=\"height: 49px\">\n<p><span style=\"font-weight: 400\">HOR\u00c1RIOS<\/span><\/p>\n<\/td>\n<\/tr>\n<tr style=\"height: 68px\">\n<td style=\"height: 68px\">\n<p><span style=\"font-weight: 400\">1. ANDRIELI ARDENGHI CARDOSO\u00a0<\/span><\/p>\n<\/td>\n<td style=\"height: 68px\">\n<p><span style=\"font-weight: 400\">9:00-9:20<\/span><\/p>\n<\/td>\n<\/tr>\n<tr style=\"height: 68px\">\n<td style=\"height: 68px\">\n<p><span style=\"font-weight: 400\">2. CEC\u00cdLIA DE FARIAS DUTRA\u00a0<\/span><\/p>\n<\/td>\n<td style=\"height: 68px\">\n<p><span style=\"font-weight: 400\">9:20-9:40<\/span><\/p>\n<\/td>\n<\/tr>\n<tr style=\"height: 68px\">\n<td style=\"height: 68px\">\n<p><span style=\"font-weight: 400\">3. DAIANE BATISTELA COSTA\u00a0<\/span><\/p>\n<\/td>\n<td style=\"height: 68px\">\n<p><span style=\"font-weight: 400\">9:40-10:00<\/span><\/p>\n<\/td>\n<\/tr>\n<tr style=\"height: 68px\">\n<td style=\"height: 68px\">\n<p><span style=\"font-weight: 400\">4. ISIS APOLO SILVEIRA DE BORBA\u00a0<\/span><\/p>\n<\/td>\n<td style=\"height: 68px\">\n<p><span style=\"font-weight: 400\">10:00-10:20<\/span><\/p>\n<\/td>\n<\/tr>\n<tr style=\"height: 68px\">\n<td style=\"height: 68px\">\n<p><span style=\"font-weight: 400\">5. TA\u00cdS BALDISSERA PIETA\u00a0<\/span><\/p>\n<\/td>\n<td style=\"height: 68px\">\n<p><span style=\"font-weight: 400\">10:40-11:00<\/span><\/p>\n<\/td>\n<\/tr>\n<tr style=\"height: 68px\">\n<td style=\"height: 68px\">\n<p><span style=\"font-weight: 400\">6. THAISE DILL FUSSINGER\u00a0<\/span><\/p>\n<\/td>\n<td style=\"height: 68px\">\n<p><span style=\"font-weight: 400\">11:00-11:20<\/span><\/p>\n<\/td>\n<\/tr>\n<tr style=\"height: 68px\">\n<td style=\"height: 68px\">\n<p><span style=\"font-weight: 400\">7. VANESSA NEUENSCHWANDER CUST\u00d3DIO\u00a0<\/span><\/p>\n<\/td>\n<td style=\"height: 68px\">\n<p><span style=\"font-weight: 400\">11:20-11:40<\/span><\/p>\n<\/td>\n<\/tr>\n<tr style=\"height: 68px\">\n<td style=\"height: 68px\">\n<p><span style=\"font-weight: 400\">8. ABBAS RAZA MALIK\u00a0<\/span><\/p>\n<\/td>\n<td style=\"height: 68px\">\n<p><span style=\"font-weight: 400\">14:00-14:20<\/span><\/p>\n<\/td>\n<\/tr>\n<tr style=\"height: 68px\">\n<td style=\"height: 68px\">\n<p><span style=\"font-weight: 400\">9. IQRA BATOOL\u00a0<\/span><\/p>\n<\/td>\n<td style=\"height: 68px\">\n<p><span style=\"font-weight: 400\">14:20-14:40<\/span><\/p>\n<\/td>\n<\/tr>\n<tr style=\"height: 68px\">\n<td style=\"height: 68px\">\n<p><span style=\"font-weight: 400\">10. JOY CHIOMA ABANDY\u00a0<\/span><\/p>\n<\/td>\n<td style=\"height: 68px\">\n<p><span style=\"font-weight: 400\">14:40-15:00<\/span><\/p>\n<\/td>\n<\/tr>\n<tr style=\"height: 68px\">\n<td style=\"height: 68px\">\n<p><span style=\"font-weight: 400\">11. NATIQ ABBAS\u00a0<\/span><\/p>\n<\/td>\n<td style=\"height: 68px\">\n<p><span style=\"font-weight: 400\">15:00-15:20<\/span><\/p>\n<\/td>\n<\/tr>\n<tr style=\"height: 68px\">\n<td style=\"height: 68px\">\n<p><span style=\"font-weight: 400\">12. SAYED NAWSHAD AKBAR\u00a0<\/span><\/p>\n<\/td>\n<td style=\"height: 68px\">\n<p><span style=\"font-weight: 400\">15:20-15:40<\/span><\/p>\n<\/td>\n<\/tr>\n<tr style=\"height: 68px\">\n<td style=\"height: 68px\">\n<p><span style=\"font-weight: 400\">13. TEMITOPE OLUWOLE AJIBORO\u00a0<\/span><\/p>\n<\/td>\n<td style=\"height: 68px\">\n<p><span style=\"font-weight: 400\">15:40-16:00<\/span><\/p>\n<\/td>\n<\/tr>\n<tr style=\"height: 68px\">\n<td style=\"height: 68px\">\n<p><span style=\"font-weight: 400\">14. UMAR FAROOQ RASHID\u00a0<\/span><\/p>\n<\/td>\n<td style=\"height: 68px\">\n<p><span style=\"font-weight: 400\">16:00-16:20<\/span><\/p>\n<\/td>\n<\/tr>\n<\/tbody>\n<\/table>\n<p>Um e-mail foi enviado aos candidatos com o link do google meet.\u00a0<\/p>\n","protected":false},"excerpt":{"rendered":"<p>A comiss\u00e3o de sele\u00e7\u00e3o de mestrado do Programa de P\u00f3s-gradua\u00e7\u00e3o em Ci\u00eancias Farmac\u00eauticas da UFSM, gostaria de inform\u00e1-los que a apresenta\u00e7\u00e3o do projeto\/entrevista ser\u00e1 feita de forma remota pelo google meet. na ter\u00e7a-feira dia 26 de novembro de 2024. \u00a0 Sele\u00e7\u00e3o Mestrado PPGCF-UFSM\u00a0 Data entrevista: 26\/11\/2024 (Google meet)\u00a0 CANDIDATOS\u00a0 HOR\u00c1RIOS 1. ANDRIELI ARDENGHI CARDOSO\u00a0 9:00-9:20 [&hellip;]<\/p>\n","protected":false},"author":890,"featured_media":0,"comment_status":"closed","ping_status":"closed","sticky":false,"template":"","format":"standard","meta":{"footnotes":""},"categories":[2],"tags":[],"class_list":["post-908","post","type-post","status-publish","format-standard","hentry","category-noticias"],"acf":[],"_links":{"self":[{"href":"https:\/\/www.ufsm.br\/cursos\/pos-graduacao\/santa-maria\/ppgcf\/wp-json\/wp\/v2\/posts\/908","targetHints":{"allow":["GET"]}}],"collection":[{"href":"https:\/\/www.ufsm.br\/cursos\/pos-graduacao\/santa-maria\/ppgcf\/wp-json\/wp\/v2\/posts"}],"about":[{"href":"https:\/\/www.ufsm.br\/cursos\/pos-graduacao\/santa-maria\/ppgcf\/wp-json\/wp\/v2\/types\/post"}],"author":[{"embeddable":true,"href":"https:\/\/www.ufsm.br\/cursos\/pos-graduacao\/santa-maria\/ppgcf\/wp-json\/wp\/v2\/users\/890"}],"replies":[{"embeddable":true,"href":"https:\/\/www.ufsm.br\/cursos\/pos-graduacao\/santa-maria\/ppgcf\/wp-json\/wp\/v2\/comments?post=908"}],"version-history":[{"count":0,"href":"https:\/\/www.ufsm.br\/cursos\/pos-graduacao\/santa-maria\/ppgcf\/wp-json\/wp\/v2\/posts\/908\/revisions"}],"wp:attachment":[{"href":"https:\/\/www.ufsm.br\/cursos\/pos-graduacao\/santa-maria\/ppgcf\/wp-json\/wp\/v2\/media?parent=908"}],"wp:term":[{"taxonomy":"category","embeddable":true,"href":"https:\/\/www.ufsm.br\/cursos\/pos-graduacao\/santa-maria\/ppgcf\/wp-json\/wp\/v2\/categories?post=908"},{"taxonomy":"post_tag","embeddable":true,"href":"https:\/\/www.ufsm.br\/cursos\/pos-graduacao\/santa-maria\/ppgcf\/wp-json\/wp\/v2\/tags?post=908"}],"curies":[{"name":"wp","href":"https:\/\/api.w.org\/{rel}","templated":true}]}}