{"id":887,"date":"2023-09-25T15:37:12","date_gmt":"2023-09-25T18:37:12","guid":{"rendered":"https:\/\/www.ufsm.br\/cursos\/pos-graduacao\/santa-maria\/ppgco\/?p=887"},"modified":"2023-09-25T15:37:14","modified_gmt":"2023-09-25T18:37:14","slug":"evento-de-integracao-ppgo-atitus-ppgco-ufsm","status":"publish","type":"post","link":"https:\/\/www.ufsm.br\/cursos\/pos-graduacao\/santa-maria\/ppgco\/2023\/09\/25\/evento-de-integracao-ppgo-atitus-ppgco-ufsm","title":{"rendered":"Evento de Integra\u00e7\u00e3o PPGO-ATITUS\/PPGCO-UFSM"},"content":{"rendered":"\n<p class=\"wp-block-paragraph\">Prezados discentes, docentes, comunidade do curso de Odontologia, n\u00edveis gradua\u00e7\u00e3o e p\u00f3s-gradua\u00e7\u00e3o.<\/p>\n\n\n\n<p class=\"wp-block-paragraph\">\u00c9 com muito prazer que convidamos a todos para o Evento de Integra\u00e7\u00e3o PPGO-ATITUS\/PPGCO-UFSM, nos dias 09 e 10 de outubro, conforme programa\u00e7\u00e3o descrita em anexo no folder do evento.<\/p>\n\n\n\n<p class=\"wp-block-paragraph\">Contaremos com a presen\u00e7a dos Prof. Dr. Rafael Sarkis-Onofre, Docente Permanente e Coordenador do Programa de P\u00f3s-gradua\u00e7\u00e3o em Odontologia da Atitus Educa\u00e7\u00e3o, Passo Fundo; e do Prof. Dr. Bernardo Antonio Agostini, tamb\u00e9m Docente Permanente da mesma institui\u00e7\u00e3o.<\/p>\n\n\n\n<p class=\"wp-block-paragraph\">A inscri\u00e7\u00e3o para o evento pode ser realizada pelo link <a href=\"https:\/\/forms.gle\/DE7pxp1h1Ca7PRPv9\">https:\/\/forms.gle\/DE7pxp1h1Ca7PRPv9<\/a><\/p>\n\n\n\n<p class=\"wp-block-paragraph\">Os certificados ser\u00e3o disponibilizados em formato on-line, via e-mail, ap\u00f3s a realiza\u00e7\u00e3o do evento e confirma\u00e7\u00e3o da presen\u00e7a.<\/p>\n\n\n\n<p class=\"wp-block-paragraph\">As palestras ser\u00e3o realizadas no Audit\u00f3rio do CCS, Pr\u00e9dio 26B. Ademais ocorrer\u00e1 um hands-on com vagas limitadas (20 vagas), por ordem de inscri\u00e7\u00e3o, que ser\u00e1 realizada na sala 315, do NUDEMA, pr\u00e9dio 26H.<\/p>\n\n\n\n<p class=\"wp-block-paragraph\">Maiores informa\u00e7\u00f5es podem ser obtidas no site do PPGCO, no campo de not\u00edcias (<a href=\"https:\/\/www.ufsm.br\/cursos\/pos-graduacao\/santa-maria\/ppgco\" target=\"_blank\" rel=\"noreferrer noopener\">https:\/\/www.ufsm.br\/cursos\/pos-graduacao\/santa-maria\/ppgco<\/a>), os certificados ser\u00e3o tamb\u00e9m disponibilizados nessa sess\u00e3o.<\/p>\n\n\n\n<p class=\"wp-block-paragraph\">Em caso de d\u00favidas, contatar a secretaria do PPG Ci\u00eancias Odontol\u00f3gicas via e-mail&nbsp;&nbsp;(<a rel=\"noreferrer noopener\" href=\"mailto:ppgodonto@ufsm.br\" target=\"_blank\">ppgodonto@ufsm.br<\/a>) ou telefone (55 3220-9210).<\/p>\n\n\n\n<div data-wp-interactive=\"core\/file\" class=\"wp-block-file\"><object data-wp-bind--hidden=\"!state.hasPdfPreview\" hidden class=\"wp-block-file__embed\" data=\"https:\/\/www.ufsm.br\/app\/uploads\/sites\/531\/2023\/09\/Convite.pdf\" type=\"application\/pdf\" style=\"width:100%;height:600px\" aria-label=\"Incorporado de Convite.\"><\/object><a id=\"wp-block-file--media-c5038c48-bc04-47e0-9b63-8aaa9267535e\" href=\"https:\/\/www.ufsm.br\/app\/uploads\/sites\/531\/2023\/09\/Convite.pdf\">Convite<\/a><a href=\"https:\/\/www.ufsm.br\/app\/uploads\/sites\/531\/2023\/09\/Convite.pdf\" class=\"wp-block-file__button wp-element-button\" download aria-describedby=\"wp-block-file--media-c5038c48-bc04-47e0-9b63-8aaa9267535e\">Baixar<\/a><\/div>\n","protected":false},"excerpt":{"rendered":"<p>Prezados discentes, docentes, comunidade do curso de Odontologia, n\u00edveis gradua\u00e7\u00e3o e p\u00f3s-gradua\u00e7\u00e3o. \u00c9 com muito prazer que convidamos a todos para o Evento de Integra\u00e7\u00e3o PPGO-ATITUS\/PPGCO-UFSM, nos dias 09 e 10 de outubro, conforme programa\u00e7\u00e3o descrita em anexo no folder do evento. Contaremos com a presen\u00e7a dos Prof. Dr. Rafael Sarkis-Onofre, Docente Permanente e Coordenador [&hellip;]<\/p>\n","protected":false},"author":5529,"featured_media":0,"comment_status":"closed","ping_status":"closed","sticky":false,"template":"","format":"standard","meta":{"footnotes":""},"categories":[1],"tags":[],"class_list":["post-887","post","type-post","status-publish","format-standard","hentry","category-sem-categoria"],"acf":[],"_links":{"self":[{"href":"https:\/\/www.ufsm.br\/cursos\/pos-graduacao\/santa-maria\/ppgco\/wp-json\/wp\/v2\/posts\/887","targetHints":{"allow":["GET"]}}],"collection":[{"href":"https:\/\/www.ufsm.br\/cursos\/pos-graduacao\/santa-maria\/ppgco\/wp-json\/wp\/v2\/posts"}],"about":[{"href":"https:\/\/www.ufsm.br\/cursos\/pos-graduacao\/santa-maria\/ppgco\/wp-json\/wp\/v2\/types\/post"}],"author":[{"embeddable":true,"href":"https:\/\/www.ufsm.br\/cursos\/pos-graduacao\/santa-maria\/ppgco\/wp-json\/wp\/v2\/users\/5529"}],"replies":[{"embeddable":true,"href":"https:\/\/www.ufsm.br\/cursos\/pos-graduacao\/santa-maria\/ppgco\/wp-json\/wp\/v2\/comments?post=887"}],"version-history":[{"count":0,"href":"https:\/\/www.ufsm.br\/cursos\/pos-graduacao\/santa-maria\/ppgco\/wp-json\/wp\/v2\/posts\/887\/revisions"}],"wp:attachment":[{"href":"https:\/\/www.ufsm.br\/cursos\/pos-graduacao\/santa-maria\/ppgco\/wp-json\/wp\/v2\/media?parent=887"}],"wp:term":[{"taxonomy":"category","embeddable":true,"href":"https:\/\/www.ufsm.br\/cursos\/pos-graduacao\/santa-maria\/ppgco\/wp-json\/wp\/v2\/categories?post=887"},{"taxonomy":"post_tag","embeddable":true,"href":"https:\/\/www.ufsm.br\/cursos\/pos-graduacao\/santa-maria\/ppgco\/wp-json\/wp\/v2\/tags?post=887"}],"curies":[{"name":"wp","href":"https:\/\/api.w.org\/{rel}","templated":true}]}}