{"id":676,"date":"2022-08-16T09:53:57","date_gmt":"2022-08-16T12:53:57","guid":{"rendered":"https:\/\/www.ufsm.br\/cursos\/pos-graduacao\/santa-maria\/ppgcont\/?p=676"},"modified":"2022-08-16T10:09:53","modified_gmt":"2022-08-16T13:09:53","slug":"edital-de-selecao-aluno-especial-2022-2","status":"publish","type":"post","link":"https:\/\/www.ufsm.br\/cursos\/pos-graduacao\/santa-maria\/ppgcont\/2022\/08\/16\/edital-de-selecao-aluno-especial-2022-2","title":{"rendered":"Edital de Sele\u00e7\u00e3o Aluno Especial 2022\/2"},"content":{"rendered":"\n<p class=\"wp-block-paragraph\">Est\u00e3o abertas as inscri\u00e7\u00f5es para Aluno Especial no segundo semestre letivo (2022\/02).<\/p>\n\n\n\n<p class=\"wp-block-paragraph\">As informa\u00e7\u00f5es sobre a sele\u00e7\u00e3o para aluno especial foram publicadas pela PRPGP\/UFSM, na \u00faltima semana, e encontram-se dispon\u00edveis neste endere\u00e7o eletr\u00f4nico:<\/p>\n\n\n\n<p class=\"wp-block-paragraph\"><a href=\"https:\/\/www.ufsm.br\/pro-reitorias\/prpgp\/editais\/031-2022\/\">https:\/\/www.ufsm.br\/pro-reitorias\/prpgp\/editais\/031-2022\/<\/a><\/p>\n\n\n\n<p class=\"wp-block-paragraph\">O(s) candidato(s) interessado(s) pode(m) realizar sua inscri\u00e7\u00e3o at\u00e9 o dia&nbsp;<strong>02 de setembro de 2022<\/strong>, conforme orienta\u00e7\u00f5es do referido Edital. O PPGCC\/UFSM n\u00e3o tem ger\u00eancia sobre o Edital ou o Processo Seletivo, que \u00e9 regulado e gerido pela PRPGP.<\/p>\n\n\n\n<p class=\"wp-block-paragraph\">O Regulamento&nbsp;Interno do Programa permite ao aluno cursar apenas uma disciplina por matr\u00edcula na condi\u00e7\u00e3o de aluno especial, sendo em semestres alternados permitido o curso de no m\u00e1ximo duas disciplinas eletivas nesta condi\u00e7\u00e3o.&nbsp;<\/p>\n\n\n\n<p class=\"wp-block-paragraph\">Esta(s) disciplina(s) poder\u00e1(\u00e3o) ser aproveitada(s) em caso de posterior ingresso como aluno regular no Programa, num per\u00edodo de at\u00e9 2 anos.<\/p>\n\n\n\n<p class=\"wp-block-paragraph\">As disciplinas dispon\u00edveis para Matr\u00edcula como aluno especial neste Semestre Letivo s\u00e3o:<\/p>\n\n\n\n<p class=\"wp-block-paragraph\">a) Linha de Pesquisa em Controladoria: \u201cControle de Gest\u00e3o\u201d, \u201cSistemas de Avalia\u00e7\u00e3o de Desempenho\u201d e \u201cMetodologia do Ensino em Ci\u00eancias Cont\u00e1beis\u201d (at\u00e9 10 vagas)<\/p>\n\n\n\n<p class=\"wp-block-paragraph\">b) Linha de Pesquisa em Governan\u00e7a e Sustentabilidade Organizacional: \u201cContabilidade Ambiental e Relat\u00f3rios Sociais\u201d, \u201cContabilidade e Sustentabilidade Organizacional\u201d e \u201cGovernan\u00e7a Corporativa\u201d (at\u00e9 10 vagas)<\/p>\n\n\n\n<p class=\"wp-block-paragraph\">O ingresso como aluno regular no PPGCC \u00e9 realizado por Linha de Pesquisa. Portanto, recomenda-se ao(s) candidato(s) interessado(s) verificar a Linha de Pesquisa que possui interesse em ingressar futuramente, para que possa definir sua melhor escolha.<\/p>\n\n\n\n<p class=\"wp-block-paragraph\">Recomenda-se a leitura atenta ao Edital de Sele\u00e7\u00e3o, para o atendimento aos requisitos necess\u00e1rios a realiza\u00e7\u00e3o da inscri\u00e7\u00e3o e o encaminhamento adequado da solicita\u00e7\u00e3o de inscri\u00e7\u00e3o pelo candidato.<\/p>\n\n\n\n<p class=\"wp-block-paragraph\">A n\u00e3o observ\u00e2ncia a tais quest\u00f5es implica no indeferimento da solicita\u00e7\u00e3o de inscri\u00e7\u00e3o apresentada.<\/p>\n\n\n\n<p class=\"wp-block-paragraph\">A previs\u00e3o de in\u00edcio das aulas do pr\u00f3ximo semestre letivo \u00e9 de 12\/09\/2022, conforme o Calend\u00e1rio Acad\u00eamico da UFSM.\u00a0<\/p>\n\n\n\n<p class=\"wp-block-paragraph\"><a href=\"https:\/\/www.ufsm.br\/calendario\">https:\/\/www.ufsm.br\/calendario<\/a><\/p>\n\n\n\n<p class=\"wp-block-paragraph\">A oferta destas disciplinas ocorre em modo presencial. A data e hor\u00e1rios definidos encontram-se dispon\u00edveis no link abaixo (Hor\u00e1rios), na aba \u201cPr\u00e9via do Pr\u00f3ximo Semestre Letivo\u201d.<\/p>\n\n\n\n<p class=\"wp-block-paragraph\"><a href=\"https:\/\/www.ufsm.br\/cursos\/pos-graduacao\/santa-maria\/ppgcont\/horarios\">https:\/\/www.ufsm.br\/cursos\/pos-graduacao\/santa-maria\/ppgcont\/horarios<\/a><\/p>\n","protected":false},"excerpt":{"rendered":"<p>Est\u00e3o abertas as inscri\u00e7\u00f5es para Aluno Especial no segundo semestre letivo (2022\/02). As informa\u00e7\u00f5es sobre a sele\u00e7\u00e3o para aluno especial foram publicadas pela PRPGP\/UFSM, na \u00faltima semana, e encontram-se dispon\u00edveis neste endere\u00e7o eletr\u00f4nico: https:\/\/www.ufsm.br\/pro-reitorias\/prpgp\/editais\/031-2022\/ O(s) candidato(s) interessado(s) pode(m) realizar sua inscri\u00e7\u00e3o at\u00e9 o dia&nbsp;02 de setembro de 2022, conforme orienta\u00e7\u00f5es do referido Edital. O PPGCC\/UFSM [&hellip;]<\/p>\n","protected":false},"author":2721,"featured_media":0,"comment_status":"closed","ping_status":"closed","sticky":false,"template":"","format":"standard","meta":{"footnotes":""},"categories":[18,1],"tags":[88,22,21],"class_list":["post-676","post","type-post","status-publish","format-standard","hentry","category-processo-seletivo","category-sem-categoria","tag-aluno-especial","tag-ingresso-ppgcc","tag-processo-seletivo"],"acf":[],"_links":{"self":[{"href":"https:\/\/www.ufsm.br\/cursos\/pos-graduacao\/santa-maria\/ppgcont\/wp-json\/wp\/v2\/posts\/676","targetHints":{"allow":["GET"]}}],"collection":[{"href":"https:\/\/www.ufsm.br\/cursos\/pos-graduacao\/santa-maria\/ppgcont\/wp-json\/wp\/v2\/posts"}],"about":[{"href":"https:\/\/www.ufsm.br\/cursos\/pos-graduacao\/santa-maria\/ppgcont\/wp-json\/wp\/v2\/types\/post"}],"author":[{"embeddable":true,"href":"https:\/\/www.ufsm.br\/cursos\/pos-graduacao\/santa-maria\/ppgcont\/wp-json\/wp\/v2\/users\/2721"}],"replies":[{"embeddable":true,"href":"https:\/\/www.ufsm.br\/cursos\/pos-graduacao\/santa-maria\/ppgcont\/wp-json\/wp\/v2\/comments?post=676"}],"version-history":[{"count":0,"href":"https:\/\/www.ufsm.br\/cursos\/pos-graduacao\/santa-maria\/ppgcont\/wp-json\/wp\/v2\/posts\/676\/revisions"}],"wp:attachment":[{"href":"https:\/\/www.ufsm.br\/cursos\/pos-graduacao\/santa-maria\/ppgcont\/wp-json\/wp\/v2\/media?parent=676"}],"wp:term":[{"taxonomy":"category","embeddable":true,"href":"https:\/\/www.ufsm.br\/cursos\/pos-graduacao\/santa-maria\/ppgcont\/wp-json\/wp\/v2\/categories?post=676"},{"taxonomy":"post_tag","embeddable":true,"href":"https:\/\/www.ufsm.br\/cursos\/pos-graduacao\/santa-maria\/ppgcont\/wp-json\/wp\/v2\/tags?post=676"}],"curies":[{"name":"wp","href":"https:\/\/api.w.org\/{rel}","templated":true}]}}