{"id":1216,"date":"2026-08-30T18:52:04","date_gmt":"2026-08-30T21:52:04","guid":{"rendered":"https:\/\/www.ufsm.br\/cursos\/pos-graduacao\/santa-maria\/ppgcs\/?p=1216"},"modified":"2026-08-30T18:54:17","modified_gmt":"2026-08-30T21:54:17","slug":"docentes-do-ppgcs-participam-de-seminario-regional-sobre-resiliencia-do-solo-as-adversidades-climaticas","status":"publish","type":"post","link":"https:\/\/www.ufsm.br\/cursos\/pos-graduacao\/santa-maria\/ppgcs\/2026\/08\/30\/docentes-do-ppgcs-participam-de-seminario-regional-sobre-resiliencia-do-solo-as-adversidades-climaticas","title":{"rendered":"Docentes do PPGCS participam de semin\u00e1rio regional sobre resili\u00eancia do solo \u00e0s adversidades clim\u00e1ticas"},"content":{"rendered":"\n<p class=\"isSelectedEnd\">Os professores <strong>Jean Paolo Gomes Minella<\/strong> e <strong>Sandro Jos\u00e9 Giacomini<\/strong>, do Programa de P\u00f3s-Gradua\u00e7\u00e3o em Ci\u00eancia do Solo da Universidade Federal de Santa Maria (PPGCS\/UFSM), participaram, como palestrantes, do Semin\u00e1rio Regional <strong>\u201cCapacidade de suporte do solo frente \u00e0s adversidades clim\u00e1ticas\u201d<\/strong>.<\/p>\n<p class=\"isSelectedEnd\">Promovido pela <strong>Emater\/RS-Ascar<\/strong>, o evento foi realizado no dia <strong>28 de agosto de 2026<\/strong>, no Sal\u00e3o de Atos da Universidade Regional Integrada do Alto Uruguai e das Miss\u00f5es (URI), em Frederico Westphalen\/RS. O semin\u00e1rio reuniu aproximadamente <strong>300 participantes<\/strong>, principalmente produtores rurais, profissionais da assist\u00eancia t\u00e9cnica e estudantes, para discutir pr\u00e1ticas capazes de aumentar a resili\u00eancia dos sistemas produtivos, manter sua capacidade produtiva e reduzir os impactos ambientais.<\/p>\n<p class=\"isSelectedEnd\">O professor <strong>Jean Paolo Gomes Minella<\/strong> abordou os &#8220;<strong>Desafios e as oportunidades relacionados \u00e0 conserva\u00e7\u00e3o do solo e da \u00e1gua em plantio direto<\/strong>&#8220;. Em sua apresenta\u00e7\u00e3o, destacou a import\u00e2ncia do manejo conservacionista para a redu\u00e7\u00e3o da eros\u00e3o, o controle do escoamento superficial e a preserva\u00e7\u00e3o da capacidade produtiva dos solos.<\/p>\n<p class=\"isSelectedEnd\">O professor <strong>Sandro Jos\u00e9 Giacomini<\/strong> ministrou a palestra <strong>\u201cPlantas de cobertura: construindo solos mais resilientes \u00e0s adversidades clim\u00e1ticas\u201d<\/strong>. A apresenta\u00e7\u00e3o destacou o papel das plantas de cobertura na prote\u00e7\u00e3o do solo, na melhoria da infiltra\u00e7\u00e3o e do armazenamento de \u00e1gua, na ciclagem de nutrientes e no aumento da mat\u00e9ria org\u00e2nica e da atividade biol\u00f3gica.<\/p>\n<p>A participa\u00e7\u00e3o dos docentes refor\u00e7a a atua\u00e7\u00e3o do PPGCS\/UFSM na produ\u00e7\u00e3o e na difus\u00e3o de conhecimentos voltados ao manejo sustent\u00e1vel do solo e \u00e0 adapta\u00e7\u00e3o dos sistemas agropecu\u00e1rios diante da crescente ocorr\u00eancia de eventos clim\u00e1ticos extremos.<\/p>\n","protected":false},"excerpt":{"rendered":"<p>Os professores Jean Paolo Gomes Minella e Sandro Jos\u00e9 Giacomini, do Programa de P\u00f3s-Gradua\u00e7\u00e3o em Ci\u00eancia do Solo da Universidade Federal de Santa Maria (PPGCS\/UFSM), participaram, como palestrantes, do Semin\u00e1rio Regional \u201cCapacidade de suporte do solo frente \u00e0s adversidades clim\u00e1ticas\u201d. Promovido pela Emater\/RS-Ascar, o evento foi realizado no dia 28 de agosto de 2026, no [&hellip;]<\/p>\n","protected":false},"author":7690,"featured_media":0,"comment_status":"closed","ping_status":"closed","sticky":false,"template":"","format":"standard","meta":{"footnotes":""},"categories":[2],"tags":[],"class_list":["post-1216","post","type-post","status-publish","format-standard","hentry","category-noticias"],"acf":[],"_links":{"self":[{"href":"https:\/\/www.ufsm.br\/cursos\/pos-graduacao\/santa-maria\/ppgcs\/wp-json\/wp\/v2\/posts\/1216","targetHints":{"allow":["GET"]}}],"collection":[{"href":"https:\/\/www.ufsm.br\/cursos\/pos-graduacao\/santa-maria\/ppgcs\/wp-json\/wp\/v2\/posts"}],"about":[{"href":"https:\/\/www.ufsm.br\/cursos\/pos-graduacao\/santa-maria\/ppgcs\/wp-json\/wp\/v2\/types\/post"}],"author":[{"embeddable":true,"href":"https:\/\/www.ufsm.br\/cursos\/pos-graduacao\/santa-maria\/ppgcs\/wp-json\/wp\/v2\/users\/7690"}],"replies":[{"embeddable":true,"href":"https:\/\/www.ufsm.br\/cursos\/pos-graduacao\/santa-maria\/ppgcs\/wp-json\/wp\/v2\/comments?post=1216"}],"version-history":[{"count":0,"href":"https:\/\/www.ufsm.br\/cursos\/pos-graduacao\/santa-maria\/ppgcs\/wp-json\/wp\/v2\/posts\/1216\/revisions"}],"wp:attachment":[{"href":"https:\/\/www.ufsm.br\/cursos\/pos-graduacao\/santa-maria\/ppgcs\/wp-json\/wp\/v2\/media?parent=1216"}],"wp:term":[{"taxonomy":"category","embeddable":true,"href":"https:\/\/www.ufsm.br\/cursos\/pos-graduacao\/santa-maria\/ppgcs\/wp-json\/wp\/v2\/categories?post=1216"},{"taxonomy":"post_tag","embeddable":true,"href":"https:\/\/www.ufsm.br\/cursos\/pos-graduacao\/santa-maria\/ppgcs\/wp-json\/wp\/v2\/tags?post=1216"}],"curies":[{"name":"wp","href":"https:\/\/api.w.org\/{rel}","templated":true}]}}