{"id":1217,"date":"2026-09-01T21:34:45","date_gmt":"2026-09-02T00:34:45","guid":{"rendered":"https:\/\/www.ufsm.br\/cursos\/pos-graduacao\/santa-maria\/ppgcs\/?p=1217"},"modified":"2026-09-01T21:36:11","modified_gmt":"2026-09-02T00:36:11","slug":"subprojeto-coordenado-pelo-ppgcs-e-aprovado-no-proinfra-2025-com-recursos-de-r-486-milhoes","status":"publish","type":"post","link":"https:\/\/www.ufsm.br\/cursos\/pos-graduacao\/santa-maria\/ppgcs\/2026\/09\/01\/subprojeto-coordenado-pelo-ppgcs-e-aprovado-no-proinfra-2025-com-recursos-de-r-486-milhoes","title":{"rendered":"Subprojeto coordenado pelo PPGCS \u00e9 aprovado no Proinfra 2025 com recursos de R$ 4,86 milh\u00f5es"},"content":{"rendered":"\n<p><strong>Proposta para amplia\u00e7\u00e3o da Central Anal\u00edtica do Departamento de Solos obteve a terceira coloca\u00e7\u00e3o geral no pa\u00eds<\/strong><\/p>\n<p>O subprojeto <strong>\u201cAmplia\u00e7\u00e3o da infraestrutura multiusu\u00e1ria da Central Anal\u00edtica do Departamento de Solos\u201d<\/strong>, coordenado pelo professor <strong>Gustavo Brunetto<\/strong>, do Programa de P\u00f3s-Gradua\u00e7\u00e3o em Ci\u00eancia do Solo da Universidade Federal de Santa Maria (PPGCS-UFSM), foi aprovado na <strong>Chamada P\u00fablica MCTI\/Finep\/FNDCT \u2013 Infraestrutura de Pesquisa \u2013 Proinfra 2025 Expans\u00e3o<\/strong>, com recursos de <strong>R$ 4.863.314,98<\/strong>.<\/p>\n<p>A proposta integra um conjunto de quatro subprojetos que comp\u00f5em o projeto institucional submetido pela UFSM \u00e0 chamada p\u00fablica. Al\u00e9m da aprova\u00e7\u00e3o dos recursos, o subprojeto coordenado pelo PPGCS alcan\u00e7ou a <strong>terceira coloca\u00e7\u00e3o geral entre as propostas avaliadas em todo o pa\u00eds<\/strong>, evidenciando sua relev\u00e2ncia cient\u00edfica, tecnol\u00f3gica e institucional.<\/p>\n<p>O resultado da Chamada P\u00fablica MCTI\/Finep\/FNDCT \u2013 Proinfra 2025 Expans\u00e3o pode ser consultado neste link:\u00a0<a href=\"https:\/\/www.finep.gov.br\/e\/chamada-publica\/222684\/754250\">Proinfra 2025<\/a><\/p>\n<p>A equipe respons\u00e1vel re\u00fane sete docentes do PPGCS e tr\u00eas professores vinculados aos programas de p\u00f3s-gradua\u00e7\u00e3o em Engenharia Florestal e F\u00edsica. A participa\u00e7\u00e3o de pesquisadores de diferentes \u00e1reas refor\u00e7a o car\u00e1ter interdisciplinar e multiusu\u00e1rio da proposta.<\/p>\n<p><strong>Moderniza\u00e7\u00e3o da infraestrutura de pesquisa<\/strong><\/p>\n<p>O principal objetivo do subprojeto \u00e9 ampliar e modernizar a infraestrutura da <strong>Central Anal\u00edtica do Departamento de Solos (CADS)<\/strong>, fortalecendo sua capacidade de atendimento a projetos de pesquisa, forma\u00e7\u00e3o de recursos humanos e presta\u00e7\u00e3o de servi\u00e7os anal\u00edticos.\u00a0Os recursos aprovados permitir\u00e3o a aquisi\u00e7\u00e3o de equipamentos multiusu\u00e1rios de m\u00e9dio e grande porte.<\/p>\n<p><strong>Pesquisas estrat\u00e9gicas para o Bioma Pampa<\/strong><\/p>\n<p>A amplia\u00e7\u00e3o da CADS ter\u00e1 papel estrat\u00e9gico no desenvolvimento de pesquisas voltadas \u00e0 conserva\u00e7\u00e3o, ao uso sustent\u00e1vel e \u00e0 recupera\u00e7\u00e3o do <strong>Bioma Pampa<\/strong>, especialmente diante do avan\u00e7o da convers\u00e3o dos campos nativos para outros usos da terra e da intensifica\u00e7\u00e3o dos eventos clim\u00e1ticos extremos.<\/p>\n<p>O Pampa ocupa aproximadamente 63% do territ\u00f3rio do Rio Grande do Sul e apresenta elevada biodiversidade. Sua vegeta\u00e7\u00e3o natural contribui para a prote\u00e7\u00e3o do solo, a infiltra\u00e7\u00e3o de \u00e1gua, a ciclagem de nutrientes, a regula\u00e7\u00e3o da temperatura e a manuten\u00e7\u00e3o dos estoques de carbono.<\/p>\n<p><strong>Impacto institucional e regional<\/strong><\/p>\n<p>A aprova\u00e7\u00e3o fortalece a infraestrutura de pesquisa da UFSM e amplia as possibilidades de coopera\u00e7\u00e3o entre programas de p\u00f3s-gradua\u00e7\u00e3o, institui\u00e7\u00f5es de ensino e pesquisa, \u00f3rg\u00e3os p\u00fablicos e o setor produtivo. Os novos equipamentos tamb\u00e9m contribuir\u00e3o para a forma\u00e7\u00e3o de estudantes de gradua\u00e7\u00e3o, mestrado, doutorado e p\u00f3s-doutorado.<\/p>\n<p>O subprojeto est\u00e1 alinhado ao Plano de Desenvolvimento Institucional da UFSM, especialmente aos eixos relacionados \u00e0 inova\u00e7\u00e3o e gera\u00e7\u00e3o de conhecimento, ao desenvolvimento regional e nacional e \u00e0 gest\u00e3o ambiental. A proposta tamb\u00e9m apresenta converg\u00eancia com os Objetivos de Desenvolvimento Sustent\u00e1vel da Agenda 2030, particularmente aqueles relacionados \u00e0 agricultura sustent\u00e1vel, \u00e0 gest\u00e3o da \u00e1gua, ao uso eficiente dos recursos naturais, ao enfrentamento das mudan\u00e7as clim\u00e1ticas e \u00e0 conserva\u00e7\u00e3o dos ecossistemas terrestres.<\/p>\n<p>A aprova\u00e7\u00e3o de aproximadamente <strong>R$ 4,86 milh\u00f5es<\/strong> na Chamada P\u00fablica Proinfra 2025 Expans\u00e3o e a terceira coloca\u00e7\u00e3o nacional representam um importante reconhecimento \u00e0 qualidade da proposta, \u00e0 atua\u00e7\u00e3o integrada dos pesquisadores e \u00e0 trajet\u00f3ria do PPGCS-UFSM na produ\u00e7\u00e3o de conhecimento cient\u00edfico e na forma\u00e7\u00e3o de recursos humanos de excel\u00eancia.<br \/><br \/><\/p>\n\n\n","protected":false},"excerpt":{"rendered":"<p>Proposta para amplia\u00e7\u00e3o da Central Anal\u00edtica do Departamento de Solos obteve a terceira coloca\u00e7\u00e3o geral no pa\u00eds O subprojeto \u201cAmplia\u00e7\u00e3o da infraestrutura multiusu\u00e1ria da Central Anal\u00edtica do Departamento de Solos\u201d, coordenado pelo professor Gustavo Brunetto, do Programa de P\u00f3s-Gradua\u00e7\u00e3o em Ci\u00eancia do Solo da Universidade Federal de Santa Maria (PPGCS-UFSM), foi aprovado na Chamada P\u00fablica [&hellip;]<\/p>\n","protected":false},"author":7690,"featured_media":0,"comment_status":"closed","ping_status":"closed","sticky":false,"template":"","format":"standard","meta":{"footnotes":""},"categories":[2],"tags":[],"class_list":["post-1217","post","type-post","status-publish","format-standard","hentry","category-noticias"],"acf":[],"_links":{"self":[{"href":"https:\/\/www.ufsm.br\/cursos\/pos-graduacao\/santa-maria\/ppgcs\/wp-json\/wp\/v2\/posts\/1217","targetHints":{"allow":["GET"]}}],"collection":[{"href":"https:\/\/www.ufsm.br\/cursos\/pos-graduacao\/santa-maria\/ppgcs\/wp-json\/wp\/v2\/posts"}],"about":[{"href":"https:\/\/www.ufsm.br\/cursos\/pos-graduacao\/santa-maria\/ppgcs\/wp-json\/wp\/v2\/types\/post"}],"author":[{"embeddable":true,"href":"https:\/\/www.ufsm.br\/cursos\/pos-graduacao\/santa-maria\/ppgcs\/wp-json\/wp\/v2\/users\/7690"}],"replies":[{"embeddable":true,"href":"https:\/\/www.ufsm.br\/cursos\/pos-graduacao\/santa-maria\/ppgcs\/wp-json\/wp\/v2\/comments?post=1217"}],"version-history":[{"count":0,"href":"https:\/\/www.ufsm.br\/cursos\/pos-graduacao\/santa-maria\/ppgcs\/wp-json\/wp\/v2\/posts\/1217\/revisions"}],"wp:attachment":[{"href":"https:\/\/www.ufsm.br\/cursos\/pos-graduacao\/santa-maria\/ppgcs\/wp-json\/wp\/v2\/media?parent=1217"}],"wp:term":[{"taxonomy":"category","embeddable":true,"href":"https:\/\/www.ufsm.br\/cursos\/pos-graduacao\/santa-maria\/ppgcs\/wp-json\/wp\/v2\/categories?post=1217"},{"taxonomy":"post_tag","embeddable":true,"href":"https:\/\/www.ufsm.br\/cursos\/pos-graduacao\/santa-maria\/ppgcs\/wp-json\/wp\/v2\/tags?post=1217"}],"curies":[{"name":"wp","href":"https:\/\/api.w.org\/{rel}","templated":true}]}}