{"id":1218,"date":"2026-09-02T07:32:57","date_gmt":"2026-09-02T10:32:57","guid":{"rendered":"https:\/\/www.ufsm.br\/cursos\/pos-graduacao\/santa-maria\/ppgcs\/?p=1218"},"modified":"2026-09-02T07:33:41","modified_gmt":"2026-09-02T10:33:41","slug":"ppgcs-recebe-pesquisador-do-instituto-florestal-da-eslovenia","status":"publish","type":"post","link":"https:\/\/www.ufsm.br\/cursos\/pos-graduacao\/santa-maria\/ppgcs\/2026\/09\/02\/ppgcs-recebe-pesquisador-do-instituto-florestal-da-eslovenia","title":{"rendered":"PPGCS recebe pesquisador do Instituto Florestal da Eslov\u00eania"},"content":{"rendered":"\n<p>Entre os dias <strong>26 e 28 de agosto<\/strong>, o Programa de P\u00f3s-Gradua\u00e7\u00e3o em Ci\u00eancia do Solo da Universidade Federal de Santa Maria (PPGCS\/UFSM) recebeu a visita do pesquisador <strong>Tine Grebenc<\/strong>, do Instituto Florestal da Eslov\u00eania (<strong>Slovenian Forestry Institute<\/strong>). Durante a passagem pela UFSM, o pesquisador participou de atividades de pesquisa, reuni\u00e3o com produtores e banca de defesa de doutorado.<\/p>\n<p>Na manh\u00e3 do dia 27, Tine Grebenc, juntamente com pesquisadores e estudantes do grupo coordenado pela professora <strong>Zaida In\u00eas Antoniolli<\/strong>, visitou um experimento de longa dura\u00e7\u00e3o instalado na \u00e1rea experimental do Col\u00e9gio Polit\u00e9cnico da UFSM. O estudo, desenvolvido em parceria entre o Instituto Florestal da Eslov\u00eania, o Col\u00e9gio Polit\u00e9cnico e o Laborat\u00f3rio de Biologia do Solo da UFSM, utiliza plantas de nogueira-pec\u00e3 inoculadas com esp\u00e9cies europeias de trufas para avaliar o estabelecimento e a adapta\u00e7\u00e3o desses fungos \u00e0s condi\u00e7\u00f5es do Sul do Brasil.<\/p>\n<p>A coopera\u00e7\u00e3o entre as institui\u00e7\u00f5es tamb\u00e9m envolve estudos sobre ecologia e biologia de fungos ectomicorr\u00edzicos, incluindo <em>Tuber floridanum<\/em>, al\u00e9m de pesquisas com esp\u00e9cies de <em>Pinus<\/em> e eucalipto.<\/p>\n<p>Na tarde do dia 27, o grupo participou de uma <strong>reuni\u00e3o on-line com produtores de nogueira-pec\u00e3<\/strong> parceiros dos projetos da UFSM. Foram apresentados resultados de an\u00e1lises f\u00edsico-qu\u00edmicas dos solos dos pomares e discutidas pr\u00e1ticas de manejo, como uso de plantas de cobertura, corre\u00e7\u00e3o da acidez e manejo da fertilidade do solo.<\/p>\n<p>No dia 28, Tine Grebenc integrou a banca de defesa de doutorado do acad\u00eamico Juliano Borela, cuja tese foi intitulada \u201c<strong>Ecology, Management and Nematodes in Pecan: Seedling Production, Ectomycorrhizas of the Genus <em>Tuber<\/em>, Phosphorus and <em>Mesocriconema<\/em> spp.<\/strong>\u201d.<\/p>\n<p>A visita refor\u00e7a a coopera\u00e7\u00e3o de longa dura\u00e7\u00e3o entre o grupo da professora Zaida In\u00eas Antoniolli e o Instituto Florestal da Eslov\u00eania. Tine Grebenc tamb\u00e9m atua como coorientador de doutorando do PPGCS, contribuindo para as a\u00e7\u00f5es de pesquisa e internacionaliza\u00e7\u00e3o do Programa.<\/p>\n<p><img fetchpriority=\"high\" decoding=\"async\" class=\"alignnone size-medium wp-image-1219\" src=\"https:\/\/www.ufsm.br\/app\/uploads\/sites\/524\/2026\/09\/Campo_Tine-225x300.jpeg\" alt=\"\" width=\"225\" height=\"300\" srcset=\"https:\/\/www.ufsm.br\/app\/uploads\/sites\/524\/2026\/09\/Campo_Tine-225x300.jpeg 225w, https:\/\/www.ufsm.br\/app\/uploads\/sites\/524\/2026\/09\/Campo_Tine-768x1024.jpeg 768w, https:\/\/www.ufsm.br\/app\/uploads\/sites\/524\/2026\/09\/Campo_Tine-1152x1536.jpeg 1152w, https:\/\/www.ufsm.br\/app\/uploads\/sites\/524\/2026\/09\/Campo_Tine-1536x2048.jpeg 1536w, https:\/\/www.ufsm.br\/app\/uploads\/sites\/524\/2026\/09\/Campo_Tine.jpeg 1920w\" sizes=\"(max-width: 225px) 100vw, 225px\" \/><img decoding=\"async\" class=\"alignnone size-medium wp-image-1220\" src=\"https:\/\/www.ufsm.br\/app\/uploads\/sites\/524\/2026\/09\/Defesa_Juliano-300x225.jpeg\" alt=\"\" width=\"300\" height=\"225\" srcset=\"https:\/\/www.ufsm.br\/app\/uploads\/sites\/524\/2026\/09\/Defesa_Juliano-300x225.jpeg 300w, https:\/\/www.ufsm.br\/app\/uploads\/sites\/524\/2026\/09\/Defesa_Juliano-1024x768.jpeg 1024w, https:\/\/www.ufsm.br\/app\/uploads\/sites\/524\/2026\/09\/Defesa_Juliano-768x576.jpeg 768w, https:\/\/www.ufsm.br\/app\/uploads\/sites\/524\/2026\/09\/Defesa_Juliano-1536x1152.jpeg 1536w, https:\/\/www.ufsm.br\/app\/uploads\/sites\/524\/2026\/09\/Defesa_Juliano.jpeg 1600w\" sizes=\"(max-width: 300px) 100vw, 300px\" \/><\/p>\n","protected":false},"excerpt":{"rendered":"<p>Entre os dias 26 e 28 de agosto, o Programa de P\u00f3s-Gradua\u00e7\u00e3o em Ci\u00eancia do Solo da Universidade Federal de Santa Maria (PPGCS\/UFSM) recebeu a visita do pesquisador Tine Grebenc, do Instituto Florestal da Eslov\u00eania (Slovenian Forestry Institute). Durante a passagem pela UFSM, o pesquisador participou de atividades de pesquisa, reuni\u00e3o com produtores e banca [&hellip;]<\/p>\n","protected":false},"author":7690,"featured_media":0,"comment_status":"closed","ping_status":"closed","sticky":false,"template":"","format":"standard","meta":{"footnotes":""},"categories":[2],"tags":[],"class_list":["post-1218","post","type-post","status-publish","format-standard","hentry","category-noticias"],"acf":[],"_links":{"self":[{"href":"https:\/\/www.ufsm.br\/cursos\/pos-graduacao\/santa-maria\/ppgcs\/wp-json\/wp\/v2\/posts\/1218","targetHints":{"allow":["GET"]}}],"collection":[{"href":"https:\/\/www.ufsm.br\/cursos\/pos-graduacao\/santa-maria\/ppgcs\/wp-json\/wp\/v2\/posts"}],"about":[{"href":"https:\/\/www.ufsm.br\/cursos\/pos-graduacao\/santa-maria\/ppgcs\/wp-json\/wp\/v2\/types\/post"}],"author":[{"embeddable":true,"href":"https:\/\/www.ufsm.br\/cursos\/pos-graduacao\/santa-maria\/ppgcs\/wp-json\/wp\/v2\/users\/7690"}],"replies":[{"embeddable":true,"href":"https:\/\/www.ufsm.br\/cursos\/pos-graduacao\/santa-maria\/ppgcs\/wp-json\/wp\/v2\/comments?post=1218"}],"version-history":[{"count":0,"href":"https:\/\/www.ufsm.br\/cursos\/pos-graduacao\/santa-maria\/ppgcs\/wp-json\/wp\/v2\/posts\/1218\/revisions"}],"wp:attachment":[{"href":"https:\/\/www.ufsm.br\/cursos\/pos-graduacao\/santa-maria\/ppgcs\/wp-json\/wp\/v2\/media?parent=1218"}],"wp:term":[{"taxonomy":"category","embeddable":true,"href":"https:\/\/www.ufsm.br\/cursos\/pos-graduacao\/santa-maria\/ppgcs\/wp-json\/wp\/v2\/categories?post=1218"},{"taxonomy":"post_tag","embeddable":true,"href":"https:\/\/www.ufsm.br\/cursos\/pos-graduacao\/santa-maria\/ppgcs\/wp-json\/wp\/v2\/tags?post=1218"}],"curies":[{"name":"wp","href":"https:\/\/api.w.org\/{rel}","templated":true}]}}