{"id":1076,"date":"2021-12-01T12:48:34","date_gmt":"2021-12-01T15:48:34","guid":{"rendered":"https:\/\/www.ufsm.br\/cursos\/pos-graduacao\/santa-maria\/ppgcsociais\/?p=1076"},"modified":"2021-12-01T12:48:36","modified_gmt":"2021-12-01T15:48:36","slug":"encontro-discente-das-ciencias-sociais-ufsm","status":"publish","type":"post","link":"https:\/\/www.ufsm.br\/cursos\/pos-graduacao\/santa-maria\/ppgcsociais\/2021\/12\/01\/encontro-discente-das-ciencias-sociais-ufsm","title":{"rendered":"Encontro Discente das Ci\u00eancias Sociais &#8211; UFSM"},"content":{"rendered":"\n<div><span style=\"font-family: arial, sans-serif\">O I Encontro Discente de Ci\u00eancias Sociais ocorrer\u00e1 de forma online e gratuita, entre os dias 17 e 21 de janeiro de 2022.<\/span>\u00a0O evento tem por p\u00fablico alvo estudantes de gradua\u00e7\u00e3o e p\u00f3s-gradua\u00e7\u00e3o de diversas \u00e1reas, bem como pessoas ligadas \u00e0 movimentos sociais, professores de ensino b\u00e1sico e atores da sociedade civil. Sendo assim,<b>\u00a0solicitamos a\u00a0ampla<\/b><b>\u00a0divulga\u00e7\u00e3o<\/b>\u00a0para que seja entregue \u00e0 todas e todos interessados.<span style=\"font-family: arial, sans-serif\"><br \/><br \/>O EDICS est\u00e1 com inscri\u00e7\u00f5es abertas para submiss\u00f5es de trabalhos at\u00e9 o dia 05\/12 e vai contar com publica\u00e7\u00e3o em anais. Todas informa\u00e7\u00f5es poder\u00e3o ser acessadas em:<\/span>\u00a0<a href=\"https:\/\/doity.com.br\/encontro-discente-das-ciencias-sociais-ufsm\" target=\"_blank\" rel=\"noopener\" data-saferedirecturl=\"https:\/\/www.google.com\/url?q=https:\/\/doity.com.br\/encontro-discente-das-ciencias-sociais-ufsm&amp;source=gmail&amp;ust=1638459990137000&amp;usg=AOvVaw26sQvf-kDjExngOn7uPK7E\">https:\/\/doity.com.br\/encontro-discente-das-ciencias-sociais-ufsm<\/a>\u00a0\u00a0<\/div>\n<div><span style=\"font-family: arial, sans-serif\"><br \/>Segue abaixo o resumo dos GTS:<br \/><br \/><b>GT 01 &#8211; Rela\u00e7\u00f5es Raciais e Etnicidade<\/b><br \/>O GT Rela\u00e7\u00f5es Raciais e Etnicidade tem o objetivo de propiciar um debate ampliado acerca das desigualdades raciais, tema fundamental de an\u00e1lise nas ci\u00eancias sociais para a compreens\u00e3o de processos hist\u00f3rico-estruturais e subjetivos que incidem no meio social. Com foco em pesquisas e reflex\u00f5es sobre ra\u00e7a, racismo, branquitude, rela\u00e7\u00f5es \u00e9tnico-raciais e movimentos sociais negros, ind\u00edgenas, amarelos, racializados em geral, buscamos, al\u00e9m de aprofundar e revisar tem\u00e1ticas tradicionais, fortalecer discuss\u00f5es te\u00f3ricas e emp\u00edricas sobre conflitos e resist\u00eancias atuais. Deste modo, este GT procura estimular um di\u00e1logo cr\u00edtico atrav\u00e9s de m\u00faltiplas abordagens e localidades sociais, culturais e pol\u00edticas que possam impulsionar a produ\u00e7\u00e3o de conhecimento sobre as rela\u00e7\u00f5es raciais na sociedade brasileira, bem como de outros territ\u00f3rios marcados historicamente por processos coloniais.<br \/><br \/>Coordena\u00e7\u00e3o: Nuncia Gabriele Guimar\u00e3es Escobar, Lu\u00edsa Paim Martins e Andressa Mour\u00e3o Duarte<br \/><br \/><b>GT 02 &#8211; G\u00eanero e Sexualidade: Trajet\u00f3rias, Disputas e Rupturas<\/b><br \/>Com o prop\u00f3sito de receber trabalhos que partam dos estudos de g\u00eanero e sexualidade, este GT pretende reunir resumos de pesquisas j\u00e1 conclu\u00eddas, em andamento, ou at\u00e9 mesmo em etapa de projeto, assim como relatos de experi\u00eancia de pessoas pesquisadoras e ativistas n\u00e3o vinculadas a Institui\u00e7\u00f5es de Ensino Superior. Al\u00e9m disso, incentiva-se o debate interdisciplinar a partir de pesquisas situadas nas diferentes \u00e1reas das Ci\u00eancias Sociais bem como de outros cursos e \u00e1reas de estudos. Ser\u00e3o bem-vindos trabalhos que questionem as constru\u00e7\u00f5es sociais generificadas sobre os significados de \u201cser\u201d homem e \u201cser\u201d mulher, compreendendo g\u00eanero enquanto performance e pr\u00e1tica discursiva reiterada nas diferentes esferas sociais, buscamos tensionar a cis-normatividade que incide sobre corpos dissidentes contribuindo para a marginaliza\u00e7\u00e3o desses sujeitos; al\u00e9m de discutir as disputas por narrativas que compreendem uma corporifica\u00e7\u00e3o na arena reprodutiva, especialmente ao usar da biologia como ponto de constru\u00e7\u00e3o de hierarquias sociais que produzem desigualdades, nas quais estabelecem formas de divis\u00e3o sexual do trabalho. Tamb\u00e9m incentivamos trabalhos que tratem da sexualidade para al\u00e9m da l\u00f3gica da monossexualidade (ou seja, para al\u00e9m do binarismo h\u00e9tero e homossexual), valorizando contribui\u00e7\u00f5es que busquem tensionar essa leitura historicamente bin\u00e1ria da sexualidade, a qual traz consequ\u00eancias para a express\u00e3o da afetividade e outras viol\u00eancias. Entendemos que tension\u00e1-la permite questionar tamb\u00e9m estere\u00f3tipos que contribuem para invisibilizar identidades monodissidentes como a bissexualidade e a pansexualidade, por exemplo. Destacamos que os trabalhos submetidos podem partir de an\u00e1lises te\u00f3ricas e de pesquisas emp\u00edricas ou sobre produtos culturais (document\u00e1rios, s\u00e9ries, filmes, literatura, m\u00fasica, jogos) em que as tens\u00f5es de g\u00eanero e\/ou sexualidade estejam em evid\u00eancia. De maneira geral, poss\u00edveis temas a serem tratados s\u00e3o: Masculinidades; Transexualidades, Travestilidades e Identidades N\u00e3o-bin\u00e1rias; Bissexualidades e Monodissid\u00eancia; Lesbianidades; Homossociabilidades; Movimento LGBTQIA+; Ativismo e identidades pol\u00edticas; Movimentos Feministas e de Mulheres; Sociologia da Fam\u00edlia; Estudos Maternos; Divis\u00e3o Sexual do Trabalho; Viol\u00eancia contra as Mulheres; Novas rela\u00e7\u00f5es familiares e suas din\u00e2micas de g\u00eanero; G\u00eanero e sexualidade na constru\u00e7\u00e3o do conhecimento cient\u00edfico: pesquisa corporificada.<br \/><br \/>Coordena\u00e7\u00e3o: Danieli Klidzio, Carolina Guimar\u00e3es Farneze, Daniel da Silva Stack e Fernanda Sena Fernandes<br \/><br \/><b>GT 03 &#8211; Ensino, Aprendizagem e Educa\u00e7\u00e3o<\/b><br \/>Engana-se aquela(e) que pensa que a educa\u00e7\u00e3o se tornou objeto das Ci\u00eancias Sociais quando esta entra enquanto disciplina no Ensino B\u00e1sico brasileiro por interm\u00e9dio da Sociologia. A educa\u00e7\u00e3o \u00e9 um dos temas mais cl\u00e1ssicos na forma\u00e7\u00e3o de cientistas sociais, que v\u00e3o desde as discuss\u00f5es de \u00c9mile Durkheim a Tim Ingold na contemporaneidade, abrangendo junto a Sociologia, a Ci\u00eancia Pol\u00edtica e a Antropologia. Vale-se da concep\u00e7\u00e3o de Carlos Rodrigues Brand\u00e3o de que a educa\u00e7\u00e3o abrange os processos formativos que se desenvolvem na vida familiar, na conviv\u00eancia humana, no trabalho, nas institui\u00e7\u00f5es de ensino e pesquisa, nos movimentos sociais e organiza\u00e7\u00f5es da sociedade civil e nas manifesta\u00e7\u00f5es culturais. Neste sentido, o Grupo de Trabalho est\u00e1 aberto a propostas que abordem temas relacionados ao ensino, aprendizagem e educa\u00e7\u00e3o nas suas mais variadas formas e abordagens nas Ci\u00eancias Sociais: relatos de experi\u00eancias; produtos de disciplinas (artigos, ensaios etc.); relat\u00f3rios de est\u00e1gios; projetos \/ trabalhos de conclus\u00e3o de curso ; projetos e pesquisas de inicia\u00e7\u00e3o cient\u00edfica; e ainda, trabalhos de p\u00f3s-gradua\u00e7\u00e3o. \u00a0<br \/><br \/>Coordena\u00e7\u00e3o: Gabriel Claro da Rosa e Renata Colbeich da Silva<br \/><br \/><b>GT 04 &#8211; \u00a0O Trabalho na Contemporaneidade: Rela\u00e7\u00f5es de Produ\u00e7\u00e3o, Conflitos, Direitos e Modos de Vida<\/b><br \/>O objetivo deste Grupo de Trabalho (GT) \u00e9 acolher e discutir pesquisas que abordem as diferentes interfaces do mundo do trabalho na contemporaneidade. As transforma\u00e7\u00f5es laborais em escala global, por efeito da crise estrutural capitalista, suscitaram novas ideologias que acentuaram os conflitos sociais, que impactam tanto a dimens\u00e3o objetiva do trabalho, quanto a subjetividade da classe trabalhadora. O recente modelo flex\u00edvel vem acompanhado da desregulamenta\u00e7\u00e3o radical do labor, que enseja diferentes modalidades empregat\u00edcias e impulsiona maior instabilidade, inseguran\u00e7a, degrada\u00e7\u00e3o da sa\u00fade e fragiliza\u00e7\u00e3o dos v\u00ednculos sociais. Diferentes formas de controle e intensifica\u00e7\u00e3o laboral emergem e elevam a (super)explora\u00e7\u00e3o da for\u00e7a de trabalho, al\u00e9m de demandar novos padr\u00f5es de a\u00e7\u00e3o sindical e de lutas mais amplas da classe trabalhadora. Neste novo panorama do trabalho, as no\u00e7\u00f5es de empregabilidade e empreendedorismo tamb\u00e9m se tornam expressivas, sendo associadas aos processos de reconvers\u00e3o produtiva e de acumula\u00e7\u00e3o econ\u00f4mica. As desigualdades sistem\u00e1ticas de g\u00eanero e ra\u00e7a definem a posi\u00e7\u00e3o social na esfera de produ\u00e7\u00e3o. A esfera rural, por sua vez, tamb\u00e9m abarca novas configura\u00e7\u00f5es laborais pela mecaniza\u00e7\u00e3o agr\u00edcola e as exig\u00eancias pela m\u00e3o de obra qualificada. Outras caracter\u00edsticas deste segmento s\u00e3o as din\u00e2micas da promo\u00e7\u00e3o cultural e turismo rural; a produ\u00e7\u00e3o e consumo de trabalhos com valor simb\u00f3lico agregado, assim como a agroindustrializa\u00e7\u00e3o familiar. Por conseguinte, o mundo do trabalho expressa, a partir das mudan\u00e7as produtivas, a precariedade laboral e da vida social como todo. Assim, o GT pretende incorporar pesquisas que contemplem reflex\u00f5es sobre: a) o trabalho e as rela\u00e7\u00f5es de g\u00eanero e ra\u00e7a; b) o impacto da flexibilidade na vida da classe trabalhadora; c) a flexibiliza\u00e7\u00e3o e a precariza\u00e7\u00e3o das rela\u00e7\u00f5es trabalhistas; d) as formas de controle e (super)explora\u00e7\u00e3o da for\u00e7a de trabalho; e) as pr\u00e1ticas de resist\u00eancias e os conflitos de categorias tradicionais e novas categorias de trabalhadores(as); f) as novas formas de organiza\u00e7\u00e3o pol\u00edtica do sindicato e sindicalismo; g) as novas configura\u00e7\u00f5es do trabalho no mundo rural; h) as no\u00e7\u00f5es de empregabilidade e empreendedorismo nos diferentes segmentos laborais; i) as condi\u00e7\u00f5es laborais flex\u00edveis e os impactos da pandemia da Covid-19.<br \/><br \/>Coordena\u00e7\u00e3o: Marconi Severo, Giovana Duarte e \u00cdngrid Schmidt Visentini<br \/><br \/><b>GT 05 &#8211; \u00a0Sociedade, Cultura e Poder<\/b><br \/>O presente Grupo de Trabalho pretende fomentar discuss\u00f5es sobre as interfaces entre \u00a0a sociedade, cultura e poder, a partir das perspectivas sociol\u00f3gicas e antropol\u00f3gicas contempor\u00e2neas. O objetivo \u00e9 discutir sobre a rela\u00e7\u00e3o que os indiv\u00edduos, coletivos sociais, grupos \u00e9tnicos, entre outros, estabelecem com as pr\u00e1ticas associadas ao poder, sejam estas pertencentes \u00e0 esfera cotidiana, ou em uma escala macro-estrutural. Entende-se o poder enquanto pr\u00e1tica sociohist\u00f3rica e uma vari\u00e1vel capaz de explicar como se produzem os saberes, subjetividades, discursos e a pr\u00f3pria cultura. Temos a pretens\u00e3o de receber trabalhos de variadas tem\u00e1ticas, como por exemplo, rela\u00e7\u00f5es de poder, \u00a0micropol\u00edticas, agenciamentos, resist\u00eancias, subjetividades, constru\u00e7\u00f5es identit\u00e1rias, transforma\u00e7\u00f5es sociais, movimentos migrat\u00f3rios, bem como outras abordagens dedicadas \u00e0 an\u00e1lise das multiplicidades que abarcam a contemporaneidade. Dessa forma pretendemos ampliar o espa\u00e7o de trocas, reflex\u00f5es, questionamentos e debates. Etnografias, trabalhos te\u00f3ricos e\/ou emp\u00edricos, pesquisas conclu\u00eddas, em andamento ou em etapa de projeto, realizados por graduandos, profissionais, mestrandos, mestres, doutorandos, e doutores ser\u00e3o muito bem-vindos.<br \/><br \/>Coordena\u00e7\u00e3o: Ver\u00f4nica Bonotto Crestani, Diana Patr\u00edcia Bola\u00f1os Erazo, Jeniffer Hubner<br \/><br \/><b>GT 06 &#8211; Estudos e Pesquisas em Ci\u00eancia Pol\u00edtica<\/b><br \/>A proposta do GT Estudos e Pesquisas em Ci\u00eancia Pol\u00edtica \u00e9 promover o debate te\u00f3rico, metodol\u00f3gico e emp\u00edrico relacionado \u00e0s distintas \u00e1reas da Ci\u00eancia Pol\u00edtica, tendo como norte a experi\u00eancia brasileira. Nesse sentido, abre-se espa\u00e7o \u00e0 diversidade de temas que englobam o fen\u00f4meno pol\u00edtico em suas diversas acep\u00e7\u00f5es e perspectivas. Sob tal perspectiva, o GT receber\u00e1 trabalhos sobre os seguintes temas: partidos e sistemas partid\u00e1rios; elei\u00e7\u00f5es e sistemas eleitorais; sistema federativo e pol\u00edticas p\u00fablicas; rela\u00e7\u00e3o entre poderes e poderes individualmente; cidadania e participa\u00e7\u00e3o pol\u00edtica; democracia participativa, deliberativa e direta; cidadania e direitos humanos; Estado e movimentos sociais; elites pol\u00edticas; comunica\u00e7\u00e3o pol\u00edtica; pol\u00edtica internacional; entre outros.<br \/><br \/>Coordena\u00e7\u00e3o: Gustavo Oliveira Kwiatkowski e Mateus Coelho Martins de Albuquerque<br \/><br \/><b>GT 07 &#8211; Pesquisa em M\u00eddias Digitais<\/b><br \/>A expans\u00e3o dos diversos usos e apropria\u00e7\u00f5es das tecnologias digitais, internet e dispositivos m\u00f3veis na Am\u00e9rica Latina e em outros continentes, tem conectado sujeitos em diferentes intensidades de forma que fronteiras, identidades e interesses t\u00eam sido reelaborados. Em fluxo live streaming, por meio de redes sociais digitais, sites de relacionamentos, f\u00f3runs, programas de mensagens instant\u00e2neas, jogos online, ambientes de realidade artificial, outras formas de se relacionar demonstram mudan\u00e7as significativas em aspectos da vida social, cultural, pol\u00edtica e subjetiva das sociedades contempor\u00e2neas. O presente GT intitulado como Pesquisa em M\u00eddias Digitais tem como objetivo articular pesquisas sobre as mais diversas tem\u00e1ticas que marcam a sociedade atual atrav\u00e9s da emerg\u00eancia das m\u00eddias digitais. Com a ascens\u00e3o e populariza\u00e7\u00e3o da Internet via smartphones, por exemplo, observamos que os in\u00fameros grupos sociais passaram a se relacionar de maneiras diferentes. Dessa maneira, temos como pretens\u00e3o receber pesquisas em andamento ou mesmo conclu\u00eddas que abordem as diversas sociabilidades possibilitadas pelos, nos e atrav\u00e9s dos ambientes digitais: como relacionadas a a\u00e7\u00f5es algor\u00edtmicas, discuss\u00f5es sobre materialidades, ambientes, plataformas, fluxos, fronteiras, sociabilidades, sexualidades, corporalidades, subjetividades, privacidades, moralidades, afetividades, pol\u00edticas e discuss\u00f5es metodol\u00f3gicas que abordem \u00a0experi\u00eancias de campo em ambientes digitais potencializadas pelo contexto pand\u00eamico.<br \/><br \/>Coordena\u00e7\u00e3o: Marcelo Simionato Salamoni, Ra\u00edra Bohrer dos Santos, Di\u00e9ssica Shaiene Gaige<\/span><br \/>\n<div>\n<div>\u00a0<\/div>\n<\/div>\n<\/div>\n<div>Com os melhores cumprimentos,<\/div>\n<div>Organiza\u00e7\u00e3o EDICS<\/div>\n","protected":false},"excerpt":{"rendered":"<p>O I Encontro Discente de Ci\u00eancias Sociais ocorrer\u00e1 de forma online e gratuita, entre os dias 17 e 21 de janeiro de 2022.\u00a0O evento tem por p\u00fablico alvo estudantes de gradua\u00e7\u00e3o e p\u00f3s-gradua\u00e7\u00e3o de diversas \u00e1reas, bem como pessoas ligadas \u00e0 movimentos sociais, professores de ensino b\u00e1sico e atores da sociedade civil. Sendo assim,\u00a0solicitamos a\u00a0ampla\u00a0divulga\u00e7\u00e3o\u00a0para [&hellip;]<\/p>\n","protected":false},"author":905,"featured_media":0,"comment_status":"closed","ping_status":"closed","sticky":false,"template":"","format":"standard","meta":{"footnotes":""},"categories":[1],"tags":[],"class_list":["post-1076","post","type-post","status-publish","format-standard","hentry","category-sem-categoria"],"acf":[],"_links":{"self":[{"href":"https:\/\/www.ufsm.br\/cursos\/pos-graduacao\/santa-maria\/ppgcsociais\/wp-json\/wp\/v2\/posts\/1076","targetHints":{"allow":["GET"]}}],"collection":[{"href":"https:\/\/www.ufsm.br\/cursos\/pos-graduacao\/santa-maria\/ppgcsociais\/wp-json\/wp\/v2\/posts"}],"about":[{"href":"https:\/\/www.ufsm.br\/cursos\/pos-graduacao\/santa-maria\/ppgcsociais\/wp-json\/wp\/v2\/types\/post"}],"author":[{"embeddable":true,"href":"https:\/\/www.ufsm.br\/cursos\/pos-graduacao\/santa-maria\/ppgcsociais\/wp-json\/wp\/v2\/users\/905"}],"replies":[{"embeddable":true,"href":"https:\/\/www.ufsm.br\/cursos\/pos-graduacao\/santa-maria\/ppgcsociais\/wp-json\/wp\/v2\/comments?post=1076"}],"version-history":[{"count":0,"href":"https:\/\/www.ufsm.br\/cursos\/pos-graduacao\/santa-maria\/ppgcsociais\/wp-json\/wp\/v2\/posts\/1076\/revisions"}],"wp:attachment":[{"href":"https:\/\/www.ufsm.br\/cursos\/pos-graduacao\/santa-maria\/ppgcsociais\/wp-json\/wp\/v2\/media?parent=1076"}],"wp:term":[{"taxonomy":"category","embeddable":true,"href":"https:\/\/www.ufsm.br\/cursos\/pos-graduacao\/santa-maria\/ppgcsociais\/wp-json\/wp\/v2\/categories?post=1076"},{"taxonomy":"post_tag","embeddable":true,"href":"https:\/\/www.ufsm.br\/cursos\/pos-graduacao\/santa-maria\/ppgcsociais\/wp-json\/wp\/v2\/tags?post=1076"}],"curies":[{"name":"wp","href":"https:\/\/api.w.org\/{rel}","templated":true}]}}