{"id":1391,"date":"2022-10-04T10:23:52","date_gmt":"2022-10-04T13:23:52","guid":{"rendered":"https:\/\/www.ufsm.br\/cursos\/pos-graduacao\/santa-maria\/ppgcsociais\/?p=1391"},"modified":"2022-10-05T18:02:49","modified_gmt":"2022-10-05T21:02:49","slug":"edital-selecao-2022-2-para-ingresso-em-2023-1-para-mestrado-e-doutorado-em-ciencias-sociais","status":"publish","type":"post","link":"https:\/\/www.ufsm.br\/cursos\/pos-graduacao\/santa-maria\/ppgcsociais\/2022\/10\/04\/edital-selecao-2022-2-para-ingresso-em-2023-1-para-mestrado-e-doutorado-em-ciencias-sociais","title":{"rendered":"Abertura dos Editais de Sele\u00e7\u00e3o 2022\/2 de Mestrado e Doutorado em Ci\u00eancias Sociais, para ingresso em 2023\/1"},"content":{"rendered":"\n<p><img fetchpriority=\"high\" decoding=\"async\" class=\"aligncenter wp-image-1396 size-large\" src=\"https:\/\/www.ufsm.br\/app\/uploads\/sites\/532\/2022\/10\/PPGCS-cartaz-1024x1024.jpg\" alt=\"\" width=\"1024\" height=\"1024\" srcset=\"https:\/\/www.ufsm.br\/app\/uploads\/sites\/532\/2022\/10\/PPGCS-cartaz-1024x1024.jpg 1024w, https:\/\/www.ufsm.br\/app\/uploads\/sites\/532\/2022\/10\/PPGCS-cartaz-300x300.jpg 300w, https:\/\/www.ufsm.br\/app\/uploads\/sites\/532\/2022\/10\/PPGCS-cartaz-150x150.jpg 150w, https:\/\/www.ufsm.br\/app\/uploads\/sites\/532\/2022\/10\/PPGCS-cartaz-768x768.jpg 768w, https:\/\/www.ufsm.br\/app\/uploads\/sites\/532\/2022\/10\/PPGCS-cartaz.jpg 1080w\" sizes=\"(max-width: 1024px) 100vw, 1024px\" \/><\/p>\n<p>\u00a0<\/p>\n<p><strong>OBS.:<\/strong> Os(as) candidatos(as) devem ler atentamente os Editais &#8211; Espec\u00edfico por Curso e Geral &#8211; seguindo o cronograma dos mesmos. Abaixo est\u00e3o os respectivos links dos editais e sistema de inscri\u00e7\u00e3o.<\/p>\n<ul>\n<li><strong><a href=\"https:\/\/www.ufsm.br\/app\/uploads\/sites\/532\/2022\/09\/Edital-Geral-N.o-30.2022.PRPGP-Processo-Seletivo-PPGs-para-ingresso-no-1o-semestre-de-2023-1.pdf\">Edital Geral<\/a>\u00a0 \u00a0 <\/strong><\/li>\n<li><strong><a href=\"https:\/\/www.ufsm.br\/app\/uploads\/sites\/532\/2022\/09\/Edital-Especifico-Selecao-Doutorado-em-Ciencias-Sociais-Ingresso-no-1o-semestre-de-2023.pdf\">Edital Espec\u00edfico Doutorado<\/a>\u00a0 \u00a0 \u00a0 \u00a0\u00a0<\/strong><\/li>\n<li><strong><a href=\"https:\/\/www.ufsm.br\/app\/uploads\/sites\/532\/2022\/09\/Edital-Especifico-Selecao-Mestrado-em-Ciencias-Sociais-Ingresso-no-1o-semestre-de-2023.pdf\">Edital Espec\u00edfico Mestrado<\/a>\u00a0 \u00a0 <\/strong><\/li>\n<li><strong><a href=\"https:\/\/portal.ufsm.br\/concursos\/inscricao\/opcoes.html?edicao=4561\">Sistema de Inscri\u00e7\u00e3o<\/a><\/strong><\/li>\n<\/ul>\n<p>\u00a0<\/p>\n","protected":false},"excerpt":{"rendered":"<p>\u00a0 OBS.: Os(as) candidatos(as) devem ler atentamente os Editais &#8211; Espec\u00edfico por Curso e Geral &#8211; seguindo o cronograma dos mesmos. Abaixo est\u00e3o os respectivos links dos editais e sistema de inscri\u00e7\u00e3o. Edital Geral\u00a0 \u00a0 Edital Espec\u00edfico Doutorado\u00a0 \u00a0 \u00a0 \u00a0\u00a0 Edital Espec\u00edfico Mestrado\u00a0 \u00a0 Sistema de Inscri\u00e7\u00e3o \u00a0<\/p>\n","protected":false},"author":905,"featured_media":0,"comment_status":"closed","ping_status":"closed","sticky":false,"template":"","format":"standard","meta":{"footnotes":""},"categories":[9,27,1,2],"tags":[],"class_list":["post-1391","post","type-post","status-publish","format-standard","hentry","category-destaques","category-editais","category-sem-categoria","category-noticias"],"acf":[],"_links":{"self":[{"href":"https:\/\/www.ufsm.br\/cursos\/pos-graduacao\/santa-maria\/ppgcsociais\/wp-json\/wp\/v2\/posts\/1391","targetHints":{"allow":["GET"]}}],"collection":[{"href":"https:\/\/www.ufsm.br\/cursos\/pos-graduacao\/santa-maria\/ppgcsociais\/wp-json\/wp\/v2\/posts"}],"about":[{"href":"https:\/\/www.ufsm.br\/cursos\/pos-graduacao\/santa-maria\/ppgcsociais\/wp-json\/wp\/v2\/types\/post"}],"author":[{"embeddable":true,"href":"https:\/\/www.ufsm.br\/cursos\/pos-graduacao\/santa-maria\/ppgcsociais\/wp-json\/wp\/v2\/users\/905"}],"replies":[{"embeddable":true,"href":"https:\/\/www.ufsm.br\/cursos\/pos-graduacao\/santa-maria\/ppgcsociais\/wp-json\/wp\/v2\/comments?post=1391"}],"version-history":[{"count":0,"href":"https:\/\/www.ufsm.br\/cursos\/pos-graduacao\/santa-maria\/ppgcsociais\/wp-json\/wp\/v2\/posts\/1391\/revisions"}],"wp:attachment":[{"href":"https:\/\/www.ufsm.br\/cursos\/pos-graduacao\/santa-maria\/ppgcsociais\/wp-json\/wp\/v2\/media?parent=1391"}],"wp:term":[{"taxonomy":"category","embeddable":true,"href":"https:\/\/www.ufsm.br\/cursos\/pos-graduacao\/santa-maria\/ppgcsociais\/wp-json\/wp\/v2\/categories?post=1391"},{"taxonomy":"post_tag","embeddable":true,"href":"https:\/\/www.ufsm.br\/cursos\/pos-graduacao\/santa-maria\/ppgcsociais\/wp-json\/wp\/v2\/tags?post=1391"}],"curies":[{"name":"wp","href":"https:\/\/api.w.org\/{rel}","templated":true}]}}