{"id":1597,"date":"2023-01-20T10:47:46","date_gmt":"2023-01-20T13:47:46","guid":{"rendered":"https:\/\/www.ufsm.br\/cursos\/pos-graduacao\/santa-maria\/ppgcsociais\/?p=1597"},"modified":"2023-01-24T15:11:11","modified_gmt":"2023-01-24T18:11:11","slug":"coordenacao-do-programa-de-pos-graduacao-em-ciencias-sociais-publica-resultado-final-dos-processos-seletivos-em-niveis-de-mestrado-e-doutorado-do-ppgcs-ingresso-no-1o-semestre-de-2023","status":"publish","type":"post","link":"https:\/\/www.ufsm.br\/cursos\/pos-graduacao\/santa-maria\/ppgcsociais\/2023\/01\/20\/coordenacao-do-programa-de-pos-graduacao-em-ciencias-sociais-publica-resultado-final-dos-processos-seletivos-em-niveis-de-mestrado-e-doutorado-do-ppgcs-ingresso-no-1o-semestre-de-2023","title":{"rendered":"Coordena\u00e7\u00e3o do Programa de P\u00f3s-Gradua\u00e7\u00e3o em Ci\u00eancias Sociais publica resultado final dos processos seletivos em n\u00edveis de Mestrado e Doutorado do PPGCS \u2013 Ingresso no 1\u00ba semestre de 2023"},"content":{"rendered":"\n<p style=\"text-align: justify\">A Coordena\u00e7\u00e3o do Programa de P\u00f3s-Gradua\u00e7\u00e3o em Ci\u00eancia Sociais da UFSM gostaria de anunciar aos(\u00e0s) candidatos(as) inscritos(as) nas sele\u00e7\u00f5es para os n\u00edveis de Mestrado e Doutorado do PPGCS, regulada pelo Edital n.\u00ba 030\/2022\/PRPGP, o <strong>resultado final de sele\u00e7\u00e3o <\/strong>por n\u00edvel.<\/p>\n<p style=\"text-align: justify\">Conforme disposi\u00e7\u00f5es do Edital de Abertura, os resultados homologados pelas Comiss\u00f5es de Sele\u00e7\u00e3o do Programa ser\u00e3o encaminhados \u00e0 Pr\u00f3-Reitoria de P\u00f3s-Gradua\u00e7\u00e3o (PRPGP\/UFSM) at\u00e9 o dia 23 de janeiro, para divulga\u00e7\u00e3o da <span id=\"page11R_mcid27\" class=\"markedContent\"><span dir=\"ltr\" role=\"presentation\">rela\u00e7\u00e3o geral de candidato(as) classific<\/span><span dir=\"ltr\" role=\"presentation\">ados(as) e <\/span><span dir=\"ltr\" role=\"presentation\">suplentes do Edital n.\u00ba 030\/2022\/PRPGP. A publica\u00e7\u00e3o da listagem final de resultados pela PRPGP dever\u00e1 ocorrer at\u00e9 o dia 02 de fevereiro, na se\u00e7\u00e3o Editais do site da UFSM. <\/span><\/span><\/p>\n<p style=\"text-align: justify\"><span id=\"page11R_mcid28\" class=\"markedContent\">A partir da atual publica\u00e7\u00e3o de resultados dos Editais Espec\u00edficos por n\u00edvel, <\/span>os(as) candidatos(as) dever\u00e3o passar a acompanhar o <strong>cronograma geral<\/strong> do <a href=\"https:\/\/portal.ufsm.br\/documentos\/download.html?action=arquivosIndexados&amp;id=14413362&amp;download=false\" target=\"_blank\" rel=\"noopener\">Edital n.\u00ba 030\/2022\/PRPGP<\/a> no que concerne as demais fases do processo, tais como interposi\u00e7\u00e3o de recursos administrativos, <span id=\"page3R_mcid9\" class=\"markedContent\"><span dir=\"ltr\" role=\"presentation\">orienta\u00e7\u00f5es para <\/span><span dir=\"ltr\" role=\"presentation\">confirma\u00e7\u00e3o de vaga, prazos e orienta\u00e7\u00f5es para <\/span><span dir=\"ltr\" role=\"presentation\">envio de documentos, orienta\u00e7\u00f5es sobre matr\u00edcula e in\u00edcio das aulas presenciais.<\/span><\/span><span id=\"page10R_mcid29\" class=\"markedContent\"> <\/span><\/p>\n<p style=\"text-align: justify\">O resultado final das sele\u00e7\u00f5es por n\u00edvel do PPGCS pode ser acessado atrav\u00e9s da se\u00e7\u00e3o de Editais deste s\u00edtio eletr\u00f4nico, ou clicando abaixo.<\/p>\n<ul>\n<li><strong>MESTRADO<\/strong> EM CI\u00caNCIAS SOCIAIS \u2013 <a href=\"https:\/\/www.ufsm.br\/app\/uploads\/sites\/532\/2022\/09\/Resultado-FINAL-da-Selecao-MESTRADO-PPGCS.pdf\">Resultado FINAL da Sele\u00e7\u00e3o &#8211; MESTRADO PPGCS<\/a><\/li>\n<li><strong>DOUTORADO<\/strong>\u00a0EM CI\u00caNCIAS SOCIAIS \u2013 <a href=\"https:\/\/www.ufsm.br\/app\/uploads\/sites\/532\/2022\/09\/Resultado-FINAL-da-Selecao-DOUTORADO-PPGCS.pdf\">Resultado FINAL da Sele\u00e7\u00e3o &#8211; DOUTORADO PPGCS<\/a><\/li>\n<\/ul>\n","protected":false},"excerpt":{"rendered":"<p>A Coordena\u00e7\u00e3o do Programa de P\u00f3s-Gradua\u00e7\u00e3o em Ci\u00eancia Sociais da UFSM gostaria de anunciar aos(\u00e0s) candidatos(as) inscritos(as) nas sele\u00e7\u00f5es para os n\u00edveis de Mestrado e Doutorado do PPGCS, regulada pelo Edital n.\u00ba 030\/2022\/PRPGP, o resultado final de sele\u00e7\u00e3o por n\u00edvel. Conforme disposi\u00e7\u00f5es do Edital de Abertura, os resultados homologados pelas Comiss\u00f5es de Sele\u00e7\u00e3o do Programa [&hellip;]<\/p>\n","protected":false},"author":586,"featured_media":0,"comment_status":"closed","ping_status":"closed","sticky":false,"template":"","format":"standard","meta":{"footnotes":""},"categories":[9,2],"tags":[],"class_list":["post-1597","post","type-post","status-publish","format-standard","hentry","category-destaques","category-noticias"],"acf":[],"_links":{"self":[{"href":"https:\/\/www.ufsm.br\/cursos\/pos-graduacao\/santa-maria\/ppgcsociais\/wp-json\/wp\/v2\/posts\/1597","targetHints":{"allow":["GET"]}}],"collection":[{"href":"https:\/\/www.ufsm.br\/cursos\/pos-graduacao\/santa-maria\/ppgcsociais\/wp-json\/wp\/v2\/posts"}],"about":[{"href":"https:\/\/www.ufsm.br\/cursos\/pos-graduacao\/santa-maria\/ppgcsociais\/wp-json\/wp\/v2\/types\/post"}],"author":[{"embeddable":true,"href":"https:\/\/www.ufsm.br\/cursos\/pos-graduacao\/santa-maria\/ppgcsociais\/wp-json\/wp\/v2\/users\/586"}],"replies":[{"embeddable":true,"href":"https:\/\/www.ufsm.br\/cursos\/pos-graduacao\/santa-maria\/ppgcsociais\/wp-json\/wp\/v2\/comments?post=1597"}],"version-history":[{"count":0,"href":"https:\/\/www.ufsm.br\/cursos\/pos-graduacao\/santa-maria\/ppgcsociais\/wp-json\/wp\/v2\/posts\/1597\/revisions"}],"wp:attachment":[{"href":"https:\/\/www.ufsm.br\/cursos\/pos-graduacao\/santa-maria\/ppgcsociais\/wp-json\/wp\/v2\/media?parent=1597"}],"wp:term":[{"taxonomy":"category","embeddable":true,"href":"https:\/\/www.ufsm.br\/cursos\/pos-graduacao\/santa-maria\/ppgcsociais\/wp-json\/wp\/v2\/categories?post=1597"},{"taxonomy":"post_tag","embeddable":true,"href":"https:\/\/www.ufsm.br\/cursos\/pos-graduacao\/santa-maria\/ppgcsociais\/wp-json\/wp\/v2\/tags?post=1597"}],"curies":[{"name":"wp","href":"https:\/\/api.w.org\/{rel}","templated":true}]}}