{"id":1658,"date":"2023-04-14T13:41:17","date_gmt":"2023-04-14T16:41:17","guid":{"rendered":"https:\/\/www.ufsm.br\/cursos\/pos-graduacao\/santa-maria\/ppgcsociais\/?p=1658"},"modified":"2023-05-19T16:11:23","modified_gmt":"2023-05-19T19:11:23","slug":"ciclo-de-palestras-ppgcsociais-palestra-dia-19-04-2023-cade-os-nossos-filhos","status":"publish","type":"post","link":"https:\/\/www.ufsm.br\/cursos\/pos-graduacao\/santa-maria\/ppgcsociais\/2023\/04\/14\/ciclo-de-palestras-ppgcsociais-palestra-dia-19-04-2023-cade-os-nossos-filhos","title":{"rendered":"CICLO DE PALESTRAS PPGCSociais &#8211; Palestra dia 19\/04\/2023: Cad\u00ea os nossos filhos?"},"content":{"rendered":"\n<p>&nbsp; A Coordena\u00e7\u00e3o do Programa de P\u00f3s-Gradua\u00e7\u00e3o em Ci\u00eancia Sociais da UFSM convida para a Palestra: Cad\u00ea os nossos filhos? Reivindica\u00e7\u00f5es coletivas pela restitui\u00e7\u00e3o dos filhos de m\u00e3es em situa\u00e7\u00e3o de vulnerabilidade.<\/p>\n\n\n\n<p><img fetchpriority=\"high\" decoding=\"async\" class=\"aligncenter wp-image-1659 size-full\" src=\"https:\/\/www.ufsm.br\/app\/uploads\/sites\/532\/2023\/04\/palestra_NataliaLarrea.jpg\" alt=\"\" width=\"790\" height=\"500\" srcset=\"https:\/\/www.ufsm.br\/app\/uploads\/sites\/532\/2023\/04\/palestra_NataliaLarrea.jpg 790w, https:\/\/www.ufsm.br\/app\/uploads\/sites\/532\/2023\/04\/palestra_NataliaLarrea-300x190.jpg 300w, https:\/\/www.ufsm.br\/app\/uploads\/sites\/532\/2023\/04\/palestra_NataliaLarrea-768x486.jpg 768w\" sizes=\"(max-width: 790px) 100vw, 790px\" \/><\/p>\n","protected":false},"excerpt":{"rendered":"<p>&nbsp; A Coordena\u00e7\u00e3o do Programa de P\u00f3s-Gradua\u00e7\u00e3o em Ci\u00eancia Sociais da UFSM convida para a Palestra: Cad\u00ea os nossos filhos? Reivindica\u00e7\u00f5es coletivas pela restitui\u00e7\u00e3o dos filhos de m\u00e3es em situa\u00e7\u00e3o de vulnerabilidade.<\/p>\n","protected":false},"author":905,"featured_media":1662,"comment_status":"closed","ping_status":"closed","sticky":false,"template":"","format":"standard","meta":{"footnotes":""},"categories":[9,1,2],"tags":[],"class_list":["post-1658","post","type-post","status-publish","format-standard","has-post-thumbnail","hentry","category-destaques","category-sem-categoria","category-noticias"],"acf":[],"_links":{"self":[{"href":"https:\/\/www.ufsm.br\/cursos\/pos-graduacao\/santa-maria\/ppgcsociais\/wp-json\/wp\/v2\/posts\/1658","targetHints":{"allow":["GET"]}}],"collection":[{"href":"https:\/\/www.ufsm.br\/cursos\/pos-graduacao\/santa-maria\/ppgcsociais\/wp-json\/wp\/v2\/posts"}],"about":[{"href":"https:\/\/www.ufsm.br\/cursos\/pos-graduacao\/santa-maria\/ppgcsociais\/wp-json\/wp\/v2\/types\/post"}],"author":[{"embeddable":true,"href":"https:\/\/www.ufsm.br\/cursos\/pos-graduacao\/santa-maria\/ppgcsociais\/wp-json\/wp\/v2\/users\/905"}],"replies":[{"embeddable":true,"href":"https:\/\/www.ufsm.br\/cursos\/pos-graduacao\/santa-maria\/ppgcsociais\/wp-json\/wp\/v2\/comments?post=1658"}],"version-history":[{"count":0,"href":"https:\/\/www.ufsm.br\/cursos\/pos-graduacao\/santa-maria\/ppgcsociais\/wp-json\/wp\/v2\/posts\/1658\/revisions"}],"wp:featuredmedia":[{"embeddable":true,"href":"https:\/\/www.ufsm.br\/cursos\/pos-graduacao\/santa-maria\/ppgcsociais\/wp-json\/wp\/v2\/media\/1662"}],"wp:attachment":[{"href":"https:\/\/www.ufsm.br\/cursos\/pos-graduacao\/santa-maria\/ppgcsociais\/wp-json\/wp\/v2\/media?parent=1658"}],"wp:term":[{"taxonomy":"category","embeddable":true,"href":"https:\/\/www.ufsm.br\/cursos\/pos-graduacao\/santa-maria\/ppgcsociais\/wp-json\/wp\/v2\/categories?post=1658"},{"taxonomy":"post_tag","embeddable":true,"href":"https:\/\/www.ufsm.br\/cursos\/pos-graduacao\/santa-maria\/ppgcsociais\/wp-json\/wp\/v2\/tags?post=1658"}],"curies":[{"name":"wp","href":"https:\/\/api.w.org\/{rel}","templated":true}]}}