{"id":2129,"date":"2023-11-27T11:28:30","date_gmt":"2023-11-27T14:28:30","guid":{"rendered":"https:\/\/www.ufsm.br\/cursos\/pos-graduacao\/santa-maria\/ppgcsociais\/?p=2129"},"modified":"2023-11-27T11:28:31","modified_gmt":"2023-11-27T14:28:31","slug":"seminario-aberto-do-grupo-trabalho-agricultura-e-movimentos-sociais-tramas-28-11-2023","status":"publish","type":"post","link":"https:\/\/www.ufsm.br\/cursos\/pos-graduacao\/santa-maria\/ppgcsociais\/2023\/11\/27\/seminario-aberto-do-grupo-trabalho-agricultura-e-movimentos-sociais-tramas-28-11-2023","title":{"rendered":"Semin\u00e1rio aberto do Grupo Trabalho, Agricultura e Movimentos Sociais (Tramas) 28\/11\/2023"},"content":{"rendered":"\n<div style=\"text-align: justify\"><span style=\"color: #000000;font-family: arial, sans-serif\">Na pr\u00f3xima ter\u00e7a-feira (28) ocorrer\u00e1 o Semin\u00e1rio aberto do Grupo Trabalho, Agricultura e Movimentos Sociais (Tramas), vinculado ao Programa de P\u00f3s-Gradua\u00e7\u00e3o em Ci\u00eancias Sociais da UFSM em conjunto com o <\/span><span style=\"font-family: arial, sans-serif\">Instituto de Estudios Sociales (INES), Consejo Nacional de Investigaciones Cient\u00edficas y T\u00e9cnicas, Universidad Nacional de Entre Rios (UNER),\u00a0\u00a0Argentina.<\/span><span style=\"color: #000000;font-family: arial, sans-serif\"><br \/><\/span><img decoding=\"async\" class=\"an1 CToWUd\" src=\"https:\/\/fonts.gstatic.com\/s\/e\/notoemoji\/15.0\/1f4cc\/32.png\" alt=\"\ud83d\udccc\" data-emoji=\"\ud83d\udccc\" aria-label=\"\ud83d\udccc\" data-bit=\"iit\" \/>: Pr\u00e9dio 74A (CCSH), sala 2243.<br \/><img decoding=\"async\" class=\"an1 CToWUd\" src=\"https:\/\/fonts.gstatic.com\/s\/e\/notoemoji\/15.0\/23f0\/32.png\" alt=\"\u23f0\" data-emoji=\"\u23f0\" aria-label=\"\u23f0\" data-bit=\"iit\" \/>: 28\/11 \u00e0s 14h30<span style=\"color: #000000;font-family: arial, sans-serif\"><br \/>Enviamos em anexo os cards de divulga\u00e7\u00e3o.<\/span><\/div>\n<div><span style=\"color: #000000;font-family: arial, sans-serif\">\u00a0<\/span><\/div>\n<div><span style=\"color: #000000;font-family: arial, sans-serif\">Link Tramas:\u00a0<\/span><a href=\"https:\/\/www.instagram.com\/p\/C0AFfTxvvu3\/\" target=\"_blank\" rel=\"noopener\" data-saferedirecturl=\"https:\/\/www.google.com\/url?q=https:\/\/www.instagram.com\/p\/C0AFfTxvvu3\/&amp;source=gmail&amp;ust=1701167392690000&amp;usg=AOvVaw04WCEX5rhVVIzm4IvwD-RA\">https:\/\/www.instagram.com\/p\/C0AFfTxvvu3\/<\/a><\/div>\n<div><img fetchpriority=\"high\" decoding=\"async\" class=\"wp-image-2130  alignleft\" src=\"https:\/\/www.ufsm.br\/app\/uploads\/sites\/532\/2023\/11\/grupoTramas.jpg\" alt=\"\" width=\"481\" height=\"481\" srcset=\"https:\/\/www.ufsm.br\/app\/uploads\/sites\/532\/2023\/11\/grupoTramas.jpg 480w, https:\/\/www.ufsm.br\/app\/uploads\/sites\/532\/2023\/11\/grupoTramas-300x300.jpg 300w, https:\/\/www.ufsm.br\/app\/uploads\/sites\/532\/2023\/11\/grupoTramas-150x150.jpg 150w\" sizes=\"(max-width: 481px) 100vw, 481px\" \/><\/div>\n<div><img decoding=\"async\" class=\"wp-image-2131  alignleft\" src=\"https:\/\/www.ufsm.br\/app\/uploads\/sites\/532\/2023\/11\/image-tramas-2-300x300.jpg\" alt=\"\" width=\"479\" height=\"479\" srcset=\"https:\/\/www.ufsm.br\/app\/uploads\/sites\/532\/2023\/11\/image-tramas-2-300x300.jpg 300w, https:\/\/www.ufsm.br\/app\/uploads\/sites\/532\/2023\/11\/image-tramas-2-1024x1024.jpg 1024w, https:\/\/www.ufsm.br\/app\/uploads\/sites\/532\/2023\/11\/image-tramas-2-150x150.jpg 150w, https:\/\/www.ufsm.br\/app\/uploads\/sites\/532\/2023\/11\/image-tramas-2-768x768.jpg 768w, https:\/\/www.ufsm.br\/app\/uploads\/sites\/532\/2023\/11\/image-tramas-2.jpg 1080w\" sizes=\"(max-width: 479px) 100vw, 479px\" \/><\/div>\n<div>\u00a0<\/div>\n","protected":false},"excerpt":{"rendered":"<p>Na pr\u00f3xima ter\u00e7a-feira (28) ocorrer\u00e1 o Semin\u00e1rio aberto do Grupo Trabalho, Agricultura e Movimentos Sociais (Tramas), vinculado ao Programa de P\u00f3s-Gradua\u00e7\u00e3o em Ci\u00eancias Sociais da UFSM em conjunto com o Instituto de Estudios Sociales (INES), Consejo Nacional de Investigaciones Cient\u00edficas y T\u00e9cnicas, Universidad Nacional de Entre Rios (UNER),\u00a0\u00a0Argentina.: Pr\u00e9dio 74A (CCSH), sala 2243.: 28\/11 \u00e0s [&hellip;]<\/p>\n","protected":false},"author":905,"featured_media":2130,"comment_status":"closed","ping_status":"closed","sticky":false,"template":"","format":"standard","meta":{"footnotes":""},"categories":[9,92,2],"tags":[],"class_list":["post-2129","post","type-post","status-publish","format-standard","has-post-thumbnail","hentry","category-destaques","category-eventos","category-noticias"],"acf":[],"_links":{"self":[{"href":"https:\/\/www.ufsm.br\/cursos\/pos-graduacao\/santa-maria\/ppgcsociais\/wp-json\/wp\/v2\/posts\/2129","targetHints":{"allow":["GET"]}}],"collection":[{"href":"https:\/\/www.ufsm.br\/cursos\/pos-graduacao\/santa-maria\/ppgcsociais\/wp-json\/wp\/v2\/posts"}],"about":[{"href":"https:\/\/www.ufsm.br\/cursos\/pos-graduacao\/santa-maria\/ppgcsociais\/wp-json\/wp\/v2\/types\/post"}],"author":[{"embeddable":true,"href":"https:\/\/www.ufsm.br\/cursos\/pos-graduacao\/santa-maria\/ppgcsociais\/wp-json\/wp\/v2\/users\/905"}],"replies":[{"embeddable":true,"href":"https:\/\/www.ufsm.br\/cursos\/pos-graduacao\/santa-maria\/ppgcsociais\/wp-json\/wp\/v2\/comments?post=2129"}],"version-history":[{"count":0,"href":"https:\/\/www.ufsm.br\/cursos\/pos-graduacao\/santa-maria\/ppgcsociais\/wp-json\/wp\/v2\/posts\/2129\/revisions"}],"wp:featuredmedia":[{"embeddable":true,"href":"https:\/\/www.ufsm.br\/cursos\/pos-graduacao\/santa-maria\/ppgcsociais\/wp-json\/wp\/v2\/media\/2130"}],"wp:attachment":[{"href":"https:\/\/www.ufsm.br\/cursos\/pos-graduacao\/santa-maria\/ppgcsociais\/wp-json\/wp\/v2\/media?parent=2129"}],"wp:term":[{"taxonomy":"category","embeddable":true,"href":"https:\/\/www.ufsm.br\/cursos\/pos-graduacao\/santa-maria\/ppgcsociais\/wp-json\/wp\/v2\/categories?post=2129"},{"taxonomy":"post_tag","embeddable":true,"href":"https:\/\/www.ufsm.br\/cursos\/pos-graduacao\/santa-maria\/ppgcsociais\/wp-json\/wp\/v2\/tags?post=2129"}],"curies":[{"name":"wp","href":"https:\/\/api.w.org\/{rel}","templated":true}]}}