{"id":2225,"date":"2024-02-22T10:03:29","date_gmt":"2024-02-22T13:03:29","guid":{"rendered":"https:\/\/www.ufsm.br\/cursos\/pos-graduacao\/santa-maria\/ppgcsociais\/?p=2225"},"modified":"2024-02-22T10:06:56","modified_gmt":"2024-02-22T13:06:56","slug":"edital-aluno-especial-aberto","status":"publish","type":"post","link":"https:\/\/www.ufsm.br\/cursos\/pos-graduacao\/santa-maria\/ppgcsociais\/2024\/02\/22\/edital-aluno-especial-aberto","title":{"rendered":"EDITAL ALUNO ESPECIAL &#8211; ABERTO"},"content":{"rendered":"\n\n\n<h1 style=\"text-align: center\"><strong>Venha fazer uma disciplina conosco.<\/strong>\u00a0<\/h1>\n<p>\u00a0 \u00a0 \u00a0 \u00a0 \u00a0 \u00a0 \u00a0 \u00a0 \u00a0 \u00a0 \u00a0 \u00a0 \u00a0 \u00a0 \u00a0 \u00a0 \u00a0 \u00a0 As inscri\u00e7\u00f5es est\u00e3o abertas at\u00e9 o dia 3 de mar\u00e7o<\/p>\n<p><blockquote class=\"wp-embedded-content\" data-secret=\"y5P0MUyG8l\"><a href=\"https:\/\/www.ufsm.br\/pro-reitorias\/prpgp\/editais\/003-2024\">003\/2024 &#8211; Edital de Aluno Especial de P\u00f3s-Gradua\u00e7\u00e3o \u2013 1\u00ba Semestre Letivo de 2024<\/a><\/blockquote><iframe class=\"wp-embedded-content\" sandbox=\"allow-scripts\" security=\"restricted\" style=\"position: absolute; clip: rect(1px, 1px, 1px, 1px);\" title=\"&#8220;003\/2024 &#8211; Edital de Aluno Especial de P\u00f3s-Gradua\u00e7\u00e3o \u2013 1\u00ba Semestre Letivo de 2024&#8221; &#8212; PRPGP\" src=\"https:\/\/www.ufsm.br\/pro-reitorias\/prpgp\/editais\/003-2024\/embed#?secret=RU9fK0az07#?secret=y5P0MUyG8l\" data-secret=\"y5P0MUyG8l\" width=\"500\" height=\"282\" frameborder=\"0\" marginwidth=\"0\" marginheight=\"0\" scrolling=\"no\"><\/iframe><\/p>\n<p>\u00a0<\/p>\n","protected":false},"excerpt":{"rendered":"<p>Venha fazer uma disciplina conosco.\u00a0 \u00a0 \u00a0 \u00a0 \u00a0 \u00a0 \u00a0 \u00a0 \u00a0 \u00a0 \u00a0 \u00a0 \u00a0 \u00a0 \u00a0 \u00a0 \u00a0 \u00a0 \u00a0 As inscri\u00e7\u00f5es est\u00e3o abertas at\u00e9 o dia 3 de mar\u00e7o 003\/2024 &#8211; Edital de Aluno Especial de P\u00f3s-Gradua\u00e7\u00e3o \u2013 1\u00ba Semestre Letivo de 2024 \u00a0<\/p>\n","protected":false},"author":4506,"featured_media":0,"comment_status":"closed","ping_status":"closed","sticky":false,"template":"","format":"standard","meta":{"footnotes":""},"categories":[1],"tags":[],"class_list":["post-2225","post","type-post","status-publish","format-standard","hentry","category-sem-categoria"],"acf":[],"_links":{"self":[{"href":"https:\/\/www.ufsm.br\/cursos\/pos-graduacao\/santa-maria\/ppgcsociais\/wp-json\/wp\/v2\/posts\/2225","targetHints":{"allow":["GET"]}}],"collection":[{"href":"https:\/\/www.ufsm.br\/cursos\/pos-graduacao\/santa-maria\/ppgcsociais\/wp-json\/wp\/v2\/posts"}],"about":[{"href":"https:\/\/www.ufsm.br\/cursos\/pos-graduacao\/santa-maria\/ppgcsociais\/wp-json\/wp\/v2\/types\/post"}],"author":[{"embeddable":true,"href":"https:\/\/www.ufsm.br\/cursos\/pos-graduacao\/santa-maria\/ppgcsociais\/wp-json\/wp\/v2\/users\/4506"}],"replies":[{"embeddable":true,"href":"https:\/\/www.ufsm.br\/cursos\/pos-graduacao\/santa-maria\/ppgcsociais\/wp-json\/wp\/v2\/comments?post=2225"}],"version-history":[{"count":0,"href":"https:\/\/www.ufsm.br\/cursos\/pos-graduacao\/santa-maria\/ppgcsociais\/wp-json\/wp\/v2\/posts\/2225\/revisions"}],"wp:attachment":[{"href":"https:\/\/www.ufsm.br\/cursos\/pos-graduacao\/santa-maria\/ppgcsociais\/wp-json\/wp\/v2\/media?parent=2225"}],"wp:term":[{"taxonomy":"category","embeddable":true,"href":"https:\/\/www.ufsm.br\/cursos\/pos-graduacao\/santa-maria\/ppgcsociais\/wp-json\/wp\/v2\/categories?post=2225"},{"taxonomy":"post_tag","embeddable":true,"href":"https:\/\/www.ufsm.br\/cursos\/pos-graduacao\/santa-maria\/ppgcsociais\/wp-json\/wp\/v2\/tags?post=2225"}],"curies":[{"name":"wp","href":"https:\/\/api.w.org\/{rel}","templated":true}]}}