{"id":2819,"date":"2024-12-11T14:45:12","date_gmt":"2024-12-11T17:45:12","guid":{"rendered":"https:\/\/www.ufsm.br\/cursos\/pos-graduacao\/santa-maria\/ppgcsociais\/?p=2819"},"modified":"2024-12-16T15:48:19","modified_gmt":"2024-12-16T18:48:19","slug":"defesa-de-mestrado-mateus-campos-de-azevedo","status":"publish","type":"post","link":"https:\/\/www.ufsm.br\/cursos\/pos-graduacao\/santa-maria\/ppgcsociais\/2024\/12\/11\/defesa-de-mestrado-mateus-campos-de-azevedo","title":{"rendered":"Defesa de Mestrado \u2013 Mateus Campos de Azevedo"},"content":{"rendered":"\n<p style=\"text-align: justify\">O Programa de P\u00f3s-Gradua\u00e7\u00e3o em Ci\u00eancias Sociais divulga a banca de defesa de mestrado do aluno <strong>Mateus Campos de Azevedo<\/strong>, com o t\u00edtulo \u201c<strong>A representa\u00e7\u00e3o das mulheres na presid\u00eancia e na vice-presid\u00eancia da mesa diretora e das comiss\u00f5es permanentes da C\u00e2mara de Vereadores de Santa Maria\/RS no per\u00edodo entre 1996 e 2020<\/strong>\u201c, que ocorrer\u00e1 no dia 27 de dezembro, \u00e0s 14h30min, na UFSM, atrav\u00e9s do link : <a href=\"https:\/\/meet.google.com\/fqq-vikh-woc\">https:\/\/meet.google.com\/fqq-vikh-woc\u00a0<\/a><\/p>\n<p><img fetchpriority=\"high\" decoding=\"async\" class=\"alignnone wp-image-2859 size-full\" src=\"https:\/\/www.ufsm.br\/app\/uploads\/sites\/532\/2024\/12\/PPGCS-D.-de-Mestrado-Mateus-Campos-de-Azevedo-1.jpg\" alt=\"\" width=\"1080\" height=\"1080\" srcset=\"https:\/\/www.ufsm.br\/app\/uploads\/sites\/532\/2024\/12\/PPGCS-D.-de-Mestrado-Mateus-Campos-de-Azevedo-1.jpg 1080w, https:\/\/www.ufsm.br\/app\/uploads\/sites\/532\/2024\/12\/PPGCS-D.-de-Mestrado-Mateus-Campos-de-Azevedo-1-300x300.jpg 300w, https:\/\/www.ufsm.br\/app\/uploads\/sites\/532\/2024\/12\/PPGCS-D.-de-Mestrado-Mateus-Campos-de-Azevedo-1-1024x1024.jpg 1024w, https:\/\/www.ufsm.br\/app\/uploads\/sites\/532\/2024\/12\/PPGCS-D.-de-Mestrado-Mateus-Campos-de-Azevedo-1-150x150.jpg 150w, https:\/\/www.ufsm.br\/app\/uploads\/sites\/532\/2024\/12\/PPGCS-D.-de-Mestrado-Mateus-Campos-de-Azevedo-1-768x768.jpg 768w\" sizes=\"(max-width: 1080px) 100vw, 1080px\" \/><\/p>\n","protected":false},"excerpt":{"rendered":"<p>O Programa de P\u00f3s-Gradua\u00e7\u00e3o em Ci\u00eancias Sociais divulga a banca de defesa de mestrado do aluno Mateus Campos de Azevedo, com o t\u00edtulo \u201cA representa\u00e7\u00e3o das mulheres na presid\u00eancia e na vice-presid\u00eancia da mesa diretora e das comiss\u00f5es permanentes da C\u00e2mara de Vereadores de Santa Maria\/RS no per\u00edodo entre 1996 e 2020\u201c, que ocorrer\u00e1 no [&hellip;]<\/p>\n","protected":false},"author":8361,"featured_media":0,"comment_status":"closed","ping_status":"closed","sticky":false,"template":"","format":"standard","meta":{"footnotes":""},"categories":[81,2],"tags":[],"class_list":["post-2819","post","type-post","status-publish","format-standard","hentry","category-defesas","category-noticias"],"acf":[],"_links":{"self":[{"href":"https:\/\/www.ufsm.br\/cursos\/pos-graduacao\/santa-maria\/ppgcsociais\/wp-json\/wp\/v2\/posts\/2819","targetHints":{"allow":["GET"]}}],"collection":[{"href":"https:\/\/www.ufsm.br\/cursos\/pos-graduacao\/santa-maria\/ppgcsociais\/wp-json\/wp\/v2\/posts"}],"about":[{"href":"https:\/\/www.ufsm.br\/cursos\/pos-graduacao\/santa-maria\/ppgcsociais\/wp-json\/wp\/v2\/types\/post"}],"author":[{"embeddable":true,"href":"https:\/\/www.ufsm.br\/cursos\/pos-graduacao\/santa-maria\/ppgcsociais\/wp-json\/wp\/v2\/users\/8361"}],"replies":[{"embeddable":true,"href":"https:\/\/www.ufsm.br\/cursos\/pos-graduacao\/santa-maria\/ppgcsociais\/wp-json\/wp\/v2\/comments?post=2819"}],"version-history":[{"count":0,"href":"https:\/\/www.ufsm.br\/cursos\/pos-graduacao\/santa-maria\/ppgcsociais\/wp-json\/wp\/v2\/posts\/2819\/revisions"}],"wp:attachment":[{"href":"https:\/\/www.ufsm.br\/cursos\/pos-graduacao\/santa-maria\/ppgcsociais\/wp-json\/wp\/v2\/media?parent=2819"}],"wp:term":[{"taxonomy":"category","embeddable":true,"href":"https:\/\/www.ufsm.br\/cursos\/pos-graduacao\/santa-maria\/ppgcsociais\/wp-json\/wp\/v2\/categories?post=2819"},{"taxonomy":"post_tag","embeddable":true,"href":"https:\/\/www.ufsm.br\/cursos\/pos-graduacao\/santa-maria\/ppgcsociais\/wp-json\/wp\/v2\/tags?post=2819"}],"curies":[{"name":"wp","href":"https:\/\/api.w.org\/{rel}","templated":true}]}}