{"id":2892,"date":"2025-02-21T12:33:09","date_gmt":"2025-02-21T15:33:09","guid":{"rendered":"https:\/\/www.ufsm.br\/cursos\/pos-graduacao\/santa-maria\/ppgcsociais\/?p=2892"},"modified":"2025-02-21T12:33:11","modified_gmt":"2025-02-21T15:33:11","slug":"defesa-de-mestrado-matheus-braz-horstmann","status":"publish","type":"post","link":"https:\/\/www.ufsm.br\/cursos\/pos-graduacao\/santa-maria\/ppgcsociais\/2025\/02\/21\/defesa-de-mestrado-matheus-braz-horstmann","title":{"rendered":"Defesa de mestrado \u2013 Matheus Braz Horstmann"},"content":{"rendered":"\n<p style=\"text-align: justify\">O Programa de P\u00f3s-Gradua\u00e7\u00e3o em Ci\u00eancias Sociais divulga a banca de defesa de mestrado do aluno <strong>Matheus Braz Horstmann<\/strong>, com o t\u00edtulo \u201c<strong>Din\u00e2micas de poder e pr\u00e1ticas associativas: estudo do habitus de classe dos catadores de materiais recicl\u00e1veis<\/strong>\u201c, que ocorrer\u00e1 no dia 28 de fevereiro de 2025, \u00e0s 14 horas.<\/p>\n<p><strong>Link para acesso \u00e0 videoconfer\u00eancia: <\/strong><a href=\"https:\/\/meet.google.com\/bce-nbeh-ddw\">https:\/\/meet.google.com\/bce-nbeh-ddw<\/a>.<\/p>\n<p><img fetchpriority=\"high\" decoding=\"async\" class=\"alignnone size-full wp-image-2893\" src=\"https:\/\/www.ufsm.br\/app\/uploads\/sites\/532\/2025\/02\/PPGCS-D.-Mestrado-Matheus-Braz-Horstmann.jpg\" alt=\"\" width=\"1080\" height=\"1080\" srcset=\"https:\/\/www.ufsm.br\/app\/uploads\/sites\/532\/2025\/02\/PPGCS-D.-Mestrado-Matheus-Braz-Horstmann.jpg 1080w, https:\/\/www.ufsm.br\/app\/uploads\/sites\/532\/2025\/02\/PPGCS-D.-Mestrado-Matheus-Braz-Horstmann-300x300.jpg 300w, https:\/\/www.ufsm.br\/app\/uploads\/sites\/532\/2025\/02\/PPGCS-D.-Mestrado-Matheus-Braz-Horstmann-1024x1024.jpg 1024w, https:\/\/www.ufsm.br\/app\/uploads\/sites\/532\/2025\/02\/PPGCS-D.-Mestrado-Matheus-Braz-Horstmann-150x150.jpg 150w, https:\/\/www.ufsm.br\/app\/uploads\/sites\/532\/2025\/02\/PPGCS-D.-Mestrado-Matheus-Braz-Horstmann-768x768.jpg 768w\" sizes=\"(max-width: 1080px) 100vw, 1080px\" \/><\/p>\n\n\n","protected":false},"excerpt":{"rendered":"<p>O Programa de P\u00f3s-Gradua\u00e7\u00e3o em Ci\u00eancias Sociais divulga a banca de defesa de mestrado do aluno Matheus Braz Horstmann, com o t\u00edtulo \u201cDin\u00e2micas de poder e pr\u00e1ticas associativas: estudo do habitus de classe dos catadores de materiais recicl\u00e1veis\u201c, que ocorrer\u00e1 no dia 28 de fevereiro de 2025, \u00e0s 14 horas. Link para acesso \u00e0 videoconfer\u00eancia: [&hellip;]<\/p>\n","protected":false},"author":6613,"featured_media":0,"comment_status":"closed","ping_status":"closed","sticky":false,"template":"","format":"standard","meta":{"footnotes":""},"categories":[81,2],"tags":[],"class_list":["post-2892","post","type-post","status-publish","format-standard","hentry","category-defesas","category-noticias"],"acf":[],"_links":{"self":[{"href":"https:\/\/www.ufsm.br\/cursos\/pos-graduacao\/santa-maria\/ppgcsociais\/wp-json\/wp\/v2\/posts\/2892","targetHints":{"allow":["GET"]}}],"collection":[{"href":"https:\/\/www.ufsm.br\/cursos\/pos-graduacao\/santa-maria\/ppgcsociais\/wp-json\/wp\/v2\/posts"}],"about":[{"href":"https:\/\/www.ufsm.br\/cursos\/pos-graduacao\/santa-maria\/ppgcsociais\/wp-json\/wp\/v2\/types\/post"}],"author":[{"embeddable":true,"href":"https:\/\/www.ufsm.br\/cursos\/pos-graduacao\/santa-maria\/ppgcsociais\/wp-json\/wp\/v2\/users\/6613"}],"replies":[{"embeddable":true,"href":"https:\/\/www.ufsm.br\/cursos\/pos-graduacao\/santa-maria\/ppgcsociais\/wp-json\/wp\/v2\/comments?post=2892"}],"version-history":[{"count":0,"href":"https:\/\/www.ufsm.br\/cursos\/pos-graduacao\/santa-maria\/ppgcsociais\/wp-json\/wp\/v2\/posts\/2892\/revisions"}],"wp:attachment":[{"href":"https:\/\/www.ufsm.br\/cursos\/pos-graduacao\/santa-maria\/ppgcsociais\/wp-json\/wp\/v2\/media?parent=2892"}],"wp:term":[{"taxonomy":"category","embeddable":true,"href":"https:\/\/www.ufsm.br\/cursos\/pos-graduacao\/santa-maria\/ppgcsociais\/wp-json\/wp\/v2\/categories?post=2892"},{"taxonomy":"post_tag","embeddable":true,"href":"https:\/\/www.ufsm.br\/cursos\/pos-graduacao\/santa-maria\/ppgcsociais\/wp-json\/wp\/v2\/tags?post=2892"}],"curies":[{"name":"wp","href":"https:\/\/api.w.org\/{rel}","templated":true}]}}