{"id":3303,"date":"2026-09-02T17:21:42","date_gmt":"2026-09-02T20:21:42","guid":{"rendered":"https:\/\/www.ufsm.br\/cursos\/pos-graduacao\/santa-maria\/ppgcsociais\/?p=3303"},"modified":"2026-09-02T17:21:43","modified_gmt":"2026-09-02T20:21:43","slug":"qualificacao-de-doutorado-dionas-avila-pompeu","status":"publish","type":"post","link":"https:\/\/www.ufsm.br\/cursos\/pos-graduacao\/santa-maria\/ppgcsociais\/2026\/09\/02\/qualificacao-de-doutorado-dionas-avila-pompeu","title":{"rendered":"Qualifica\u00e7\u00e3o de doutorado \u2013 Dionas \u00c1vila Pompeu"},"content":{"rendered":"\n<p style=\"text-align: justify\">O Programa de P\u00f3s-Gradua\u00e7\u00e3o em Ci\u00eancias Sociais divulga a banca de qualifica\u00e7\u00e3o de doutorado do aluno <strong>Dionas \u00c1vila Pompeu<\/strong>, com o t\u00edtulo: <strong>\u201cTrabalho volunt\u00e1rio popular, experi\u00eancia de classe e neoliberalismo nas cozinhas solid\u00e1rias de Santa Maria\u201d<\/strong>, a ser realizada no dia 9 de setembro de 2026, \u00e0s 14 horas na UFSM, sala multiuso do pr\u00e9dio 74B.<\/p>\n<p><img fetchpriority=\"high\" decoding=\"async\" class=\"alignnone wp-image-3304 size-full\" src=\"https:\/\/www.ufsm.br\/app\/uploads\/sites\/532\/2026\/09\/PPGCS-D.-de-Doutorado-Dionas-Avila-Pompeu.jpg\" alt=\"\" width=\"1080\" height=\"1080\" srcset=\"https:\/\/www.ufsm.br\/app\/uploads\/sites\/532\/2026\/09\/PPGCS-D.-de-Doutorado-Dionas-Avila-Pompeu.jpg 1080w, https:\/\/www.ufsm.br\/app\/uploads\/sites\/532\/2026\/09\/PPGCS-D.-de-Doutorado-Dionas-Avila-Pompeu-300x300.jpg 300w, https:\/\/www.ufsm.br\/app\/uploads\/sites\/532\/2026\/09\/PPGCS-D.-de-Doutorado-Dionas-Avila-Pompeu-1024x1024.jpg 1024w, https:\/\/www.ufsm.br\/app\/uploads\/sites\/532\/2026\/09\/PPGCS-D.-de-Doutorado-Dionas-Avila-Pompeu-150x150.jpg 150w, https:\/\/www.ufsm.br\/app\/uploads\/sites\/532\/2026\/09\/PPGCS-D.-de-Doutorado-Dionas-Avila-Pompeu-768x768.jpg 768w\" sizes=\"(max-width: 1080px) 100vw, 1080px\" \/><\/p>\n","protected":false},"excerpt":{"rendered":"<p>O Programa de P\u00f3s-Gradua\u00e7\u00e3o em Ci\u00eancias Sociais divulga a banca de qualifica\u00e7\u00e3o de doutorado do aluno Dionas \u00c1vila Pompeu, com o t\u00edtulo: \u201cTrabalho volunt\u00e1rio popular, experi\u00eancia de classe e neoliberalismo nas cozinhas solid\u00e1rias de Santa Maria\u201d, a ser realizada no dia 9 de setembro de 2026, \u00e0s 14 horas na UFSM, sala multiuso do pr\u00e9dio [&hellip;]<\/p>\n","protected":false},"author":8077,"featured_media":0,"comment_status":"closed","ping_status":"closed","sticky":false,"template":"","format":"standard","meta":{"footnotes":""},"categories":[81,2],"tags":[],"class_list":["post-3303","post","type-post","status-publish","format-standard","hentry","category-defesas","category-noticias"],"acf":[],"_links":{"self":[{"href":"https:\/\/www.ufsm.br\/cursos\/pos-graduacao\/santa-maria\/ppgcsociais\/wp-json\/wp\/v2\/posts\/3303","targetHints":{"allow":["GET"]}}],"collection":[{"href":"https:\/\/www.ufsm.br\/cursos\/pos-graduacao\/santa-maria\/ppgcsociais\/wp-json\/wp\/v2\/posts"}],"about":[{"href":"https:\/\/www.ufsm.br\/cursos\/pos-graduacao\/santa-maria\/ppgcsociais\/wp-json\/wp\/v2\/types\/post"}],"author":[{"embeddable":true,"href":"https:\/\/www.ufsm.br\/cursos\/pos-graduacao\/santa-maria\/ppgcsociais\/wp-json\/wp\/v2\/users\/8077"}],"replies":[{"embeddable":true,"href":"https:\/\/www.ufsm.br\/cursos\/pos-graduacao\/santa-maria\/ppgcsociais\/wp-json\/wp\/v2\/comments?post=3303"}],"version-history":[{"count":0,"href":"https:\/\/www.ufsm.br\/cursos\/pos-graduacao\/santa-maria\/ppgcsociais\/wp-json\/wp\/v2\/posts\/3303\/revisions"}],"wp:attachment":[{"href":"https:\/\/www.ufsm.br\/cursos\/pos-graduacao\/santa-maria\/ppgcsociais\/wp-json\/wp\/v2\/media?parent=3303"}],"wp:term":[{"taxonomy":"category","embeddable":true,"href":"https:\/\/www.ufsm.br\/cursos\/pos-graduacao\/santa-maria\/ppgcsociais\/wp-json\/wp\/v2\/categories?post=3303"},{"taxonomy":"post_tag","embeddable":true,"href":"https:\/\/www.ufsm.br\/cursos\/pos-graduacao\/santa-maria\/ppgcsociais\/wp-json\/wp\/v2\/tags?post=3303"}],"curies":[{"name":"wp","href":"https:\/\/api.w.org\/{rel}","templated":true}]}}