{"id":3307,"date":"2026-09-03T10:26:39","date_gmt":"2026-09-03T13:26:39","guid":{"rendered":"https:\/\/www.ufsm.br\/cursos\/pos-graduacao\/santa-maria\/ppgcsociais\/?p=3307"},"modified":"2026-09-03T10:26:41","modified_gmt":"2026-09-03T13:26:41","slug":"qualificacao-de-doutorado-luiza-de-albuquerque-leite-vieira","status":"publish","type":"post","link":"https:\/\/www.ufsm.br\/cursos\/pos-graduacao\/santa-maria\/ppgcsociais\/2026\/09\/03\/qualificacao-de-doutorado-luiza-de-albuquerque-leite-vieira","title":{"rendered":"Qualifica\u00e7\u00e3o de Doutorado \u2013 Luiza de Albuquerque Leite Vieira"},"content":{"rendered":"\n<p>O Programa de P\u00f3s-Gradua\u00e7\u00e3o em Ci\u00eancias Sociais divulga a banca de qualifica\u00e7\u00e3o de doutorado da aluna <strong>Luiza de Albuquerque Leite Vieira<\/strong>, com o t\u00edtulo: <strong>\u201cDesertifica\u00e7\u00e3o e Ressurg\u00eancia: Cartografias da Habitabilidade no Sert\u00e3o Baiano\u201d<\/strong>, a ser realizada no dia 9 de setembro de 2026, \u00e0s 14 horas por videoconfer\u00eancia, acesso pelo link: <a href=\"https:\/\/meet.google.com\/xhq-csrj-zic\">https:\/\/meet.google.com\/xhq-csrj-zic<\/a><\/p>\n<p><img fetchpriority=\"high\" decoding=\"async\" class=\"alignnone wp-image-3308 size-large\" src=\"https:\/\/www.ufsm.br\/app\/uploads\/sites\/532\/2026\/09\/PPGCS-D.-de-Doutorado-Luiza-de-Albuquerque-Leite-Vieira-1024x1024.jpg\" alt=\"\" width=\"1024\" height=\"1024\" srcset=\"https:\/\/www.ufsm.br\/app\/uploads\/sites\/532\/2026\/09\/PPGCS-D.-de-Doutorado-Luiza-de-Albuquerque-Leite-Vieira-1024x1024.jpg 1024w, https:\/\/www.ufsm.br\/app\/uploads\/sites\/532\/2026\/09\/PPGCS-D.-de-Doutorado-Luiza-de-Albuquerque-Leite-Vieira-300x300.jpg 300w, https:\/\/www.ufsm.br\/app\/uploads\/sites\/532\/2026\/09\/PPGCS-D.-de-Doutorado-Luiza-de-Albuquerque-Leite-Vieira-150x150.jpg 150w, https:\/\/www.ufsm.br\/app\/uploads\/sites\/532\/2026\/09\/PPGCS-D.-de-Doutorado-Luiza-de-Albuquerque-Leite-Vieira-768x768.jpg 768w, https:\/\/www.ufsm.br\/app\/uploads\/sites\/532\/2026\/09\/PPGCS-D.-de-Doutorado-Luiza-de-Albuquerque-Leite-Vieira.jpg 1080w\" sizes=\"(max-width: 1024px) 100vw, 1024px\" \/><\/p>\n","protected":false},"excerpt":{"rendered":"<p>O Programa de P\u00f3s-Gradua\u00e7\u00e3o em Ci\u00eancias Sociais divulga a banca de qualifica\u00e7\u00e3o de doutorado da aluna Luiza de Albuquerque Leite Vieira, com o t\u00edtulo: \u201cDesertifica\u00e7\u00e3o e Ressurg\u00eancia: Cartografias da Habitabilidade no Sert\u00e3o Baiano\u201d, a ser realizada no dia 9 de setembro de 2026, \u00e0s 14 horas por videoconfer\u00eancia, acesso pelo link: https:\/\/meet.google.com\/xhq-csrj-zic<\/p>\n","protected":false},"author":8077,"featured_media":0,"comment_status":"closed","ping_status":"closed","sticky":false,"template":"","format":"standard","meta":{"footnotes":""},"categories":[81,2],"tags":[],"class_list":["post-3307","post","type-post","status-publish","format-standard","hentry","category-defesas","category-noticias"],"acf":[],"_links":{"self":[{"href":"https:\/\/www.ufsm.br\/cursos\/pos-graduacao\/santa-maria\/ppgcsociais\/wp-json\/wp\/v2\/posts\/3307","targetHints":{"allow":["GET"]}}],"collection":[{"href":"https:\/\/www.ufsm.br\/cursos\/pos-graduacao\/santa-maria\/ppgcsociais\/wp-json\/wp\/v2\/posts"}],"about":[{"href":"https:\/\/www.ufsm.br\/cursos\/pos-graduacao\/santa-maria\/ppgcsociais\/wp-json\/wp\/v2\/types\/post"}],"author":[{"embeddable":true,"href":"https:\/\/www.ufsm.br\/cursos\/pos-graduacao\/santa-maria\/ppgcsociais\/wp-json\/wp\/v2\/users\/8077"}],"replies":[{"embeddable":true,"href":"https:\/\/www.ufsm.br\/cursos\/pos-graduacao\/santa-maria\/ppgcsociais\/wp-json\/wp\/v2\/comments?post=3307"}],"version-history":[{"count":0,"href":"https:\/\/www.ufsm.br\/cursos\/pos-graduacao\/santa-maria\/ppgcsociais\/wp-json\/wp\/v2\/posts\/3307\/revisions"}],"wp:attachment":[{"href":"https:\/\/www.ufsm.br\/cursos\/pos-graduacao\/santa-maria\/ppgcsociais\/wp-json\/wp\/v2\/media?parent=3307"}],"wp:term":[{"taxonomy":"category","embeddable":true,"href":"https:\/\/www.ufsm.br\/cursos\/pos-graduacao\/santa-maria\/ppgcsociais\/wp-json\/wp\/v2\/categories?post=3307"},{"taxonomy":"post_tag","embeddable":true,"href":"https:\/\/www.ufsm.br\/cursos\/pos-graduacao\/santa-maria\/ppgcsociais\/wp-json\/wp\/v2\/tags?post=3307"}],"curies":[{"name":"wp","href":"https:\/\/api.w.org\/{rel}","templated":true}]}}