{"id":568,"date":"2017-05-09T10:35:59","date_gmt":"2017-05-09T13:35:59","guid":{"rendered":"https:\/\/www.ufsm.br\/cursos\/pos-graduacao\/santa-maria\/ppgcsociais\/2017\/05\/09\/convite-defesa-de-dissertacao-acad-jamile-dia-11-05-2017\/"},"modified":"2017-05-09T10:35:59","modified_gmt":"2017-05-09T13:35:59","slug":"convite-defesa-de-dissertacao-acad-jamile-dia-11-05-2017","status":"publish","type":"post","link":"https:\/\/www.ufsm.br\/cursos\/pos-graduacao\/santa-maria\/ppgcsociais\/2017\/05\/09\/convite-defesa-de-dissertacao-acad-jamile-dia-11-05-2017","title":{"rendered":"convite Defesa de Disserta\u00e7\u00e3o Acad. Jamile dia 11\/05\/2017"},"content":{"rendered":"<p style=\"margin-right: 1cm; text-indent: 42.55pt; line-height: 150%;\"><span style=\"line-height: 150%; font-family: Arial;\">Convidamos para a Defesa de Disserta\u00e7\u00e3o de Mestrando de <\/span><strong><span style=\"font-family: SansSerif; color: black;\">JAMILE DOS SANTOS PERERIA COSTA<\/span><\/strong> <span style=\"line-height: 150%; font-family: Arial;\">do Programa de P\u00f3s-Gradua\u00e7\u00e3o em Ci\u00eancias Sociais &#8211; Mestrado, que ocorrer\u00e1 dia 11\/052017, \u00e0s 14 horas, no audit\u00f3rio do CPD do Pr\u00e9dio 48 (ao lado da Reitoria), no Campus Universit\u00e1rio em Camobi &#8211; UFSM.<\/span><\/p>\n<p style=\"margin-right: 1cm; text-indent: 42.55pt; line-height: 150%;\"><span style=\"line-height: 150%; font-family: Arial;\">Titulo da Disserta\u00e7\u00e3o: <strong>\u201c<\/strong><\/span><strong><span style=\"text-decoration: underline;\"><span style=\"font-family: Arial;\">Dupla cidadania: \u00edtalo-brasilianidade como valoriza\u00e7\u00e3o e afirma\u00e7\u00e3o \u00e9tnica no sul do Brasil<\/span><\/span><\/strong><strong><span style=\"text-decoration: underline;\"><span style=\"line-height: 150%; font-family: Arial;\">\u201d. <\/span><\/span><\/strong><\/p>\n<p><span style=\"font-size: 14pt;\">&nbsp;&nbsp;&nbsp;&nbsp; &nbsp;&nbsp;&nbsp;<strong>Composi\u00e7\u00e3o da Banca:<\/strong><\/span><\/p>\n<p><strong>&nbsp;<\/strong><\/p>\n<p style=\"line-height: 150%;\">&nbsp;&nbsp;&nbsp;&nbsp;&nbsp;&nbsp; &nbsp; <span style=\"font-size: 12pt; line-height: 150%; font-family: Arial;\">Profa. Dra. Maria Catarina Chitolina Zanini &#8211; UFSM (orientadora)<\/span><\/p>\n<p style=\"line-height: 150%;\"><span style=\"font-size: 12pt; line-height: 150%; font-family: Arial;\">&nbsp;&nbsp;&nbsp;&nbsp;&nbsp;&nbsp;&nbsp;&nbsp; Profa. Dra. Miriam de Oliveira Santos \u2013 UFRRJ <\/span><\/p>\n<p style=\"line-height: 150%;\"><span style=\"font-size: 12pt; line-height: 150%; font-family: Arial;\">&nbsp;&nbsp; &nbsp;&nbsp;&nbsp;&nbsp;&nbsp;Profa. Dra. V\u00e2nia Beatriz Merlotti Her\u00e9dia \u2013 UCS<\/span><\/p>\n<p style=\"line-height: 150%;\"><span style=\"font-size: 12pt; line-height: 150%; font-family: Arial;\">&nbsp;&nbsp;&nbsp;&nbsp;&nbsp;&nbsp;&nbsp;&nbsp; Profa. Dra. Maria Clara Mocellin \u2013 UFSM (suplente)<\/span><\/p>\n<p style=\"line-height: 150%;\"><span style=\"font-size: 12pt; line-height: 150%; font-family: Arial;\">&nbsp;<\/span><\/p>\n<p style=\"line-height: 150%;\"><span style=\"font-size: 12pt; line-height: 150%; font-family: Arial;\">&nbsp;<\/span><\/p>\n<p style=\"margin-left: 2.85pt; text-align: center;\" align=\"center\"><span style=\"font-size: 12pt; font-family: Arial;\">Santa Maria, 09 de maio de 2017.<\/span><\/p>\n<p style=\"margin-left: 2.85pt; text-align: center;\" align=\"center\"><span style=\"font-size: 12pt; font-family: Arial;\">&nbsp;<\/span><\/p>\n<p style=\"margin-left: 2.85pt; text-align: center;\" align=\"center\"><span style=\"font-size: 12pt; font-family: Arial;\">&nbsp;<\/span><\/p>\n<h5><span style=\"font-size: 11pt; font-family: Arial; color: windowtext;\">&nbsp;&nbsp;&nbsp;&nbsp;&nbsp;&nbsp;&nbsp;&nbsp;&nbsp;&nbsp;&nbsp;&nbsp;&nbsp;&nbsp;&nbsp;&nbsp;&nbsp;&nbsp;&nbsp;&nbsp;&nbsp;&nbsp;&nbsp;&nbsp;&nbsp;&nbsp;&nbsp;&nbsp;&nbsp;&nbsp;&nbsp;&nbsp;&nbsp;&nbsp;&nbsp;&nbsp;&nbsp;&nbsp;&nbsp;&nbsp;&nbsp;&nbsp;&nbsp;&nbsp;&nbsp;&nbsp;&nbsp;&nbsp;&nbsp;&nbsp;&nbsp;&nbsp;&nbsp;&nbsp;&nbsp;&nbsp;&nbsp;&nbsp;&nbsp;&nbsp;&nbsp;&nbsp;&nbsp;&nbsp;&nbsp;&nbsp;&nbsp;&nbsp;&nbsp;&nbsp;&nbsp;&nbsp;&nbsp;&nbsp;&nbsp;&nbsp;&nbsp;&nbsp;&nbsp;&nbsp;&nbsp; Coordena\u00e7\u00e3o do Programa de P\u00f3s-Gradua\u00e7\u00e3o <\/span><\/h5>\n<p style=\"text-align: center;\" align=\"center\"><span style=\"font-size: 11pt; font-family: Arial;\">Em Ci\u00eancias Sociais<\/span><span style=\"font-size: 11pt; font-family: Arial;\"> &#8211; Mestrado<\/span><\/p>\n<p style=\"text-align: center;\" align=\"center\"><span style=\"font-size: 11pt; font-family: Arial;\">CCSH &#8211; UFSM<\/span><\/p>\n","protected":false},"excerpt":{"rendered":"<p>Convidamos para a Defesa de Disserta\u00e7\u00e3o de Mestrando de JAMILE DOS SANTOS PERERIA COSTA do Programa de P\u00f3s-Gradua\u00e7\u00e3o em Ci\u00eancias Sociais &#8211; Mestrado, que ocorrer\u00e1 dia 11\/052017, \u00e0s 14 horas, no audit\u00f3rio do CPD do Pr\u00e9dio 48 (ao lado da Reitoria), no Campus Universit\u00e1rio em Camobi &#8211; UFSM. Titulo da Disserta\u00e7\u00e3o: \u201cDupla cidadania: \u00edtalo-brasilianidade como [&hellip;]<\/p>\n","protected":false},"author":124,"featured_media":0,"comment_status":"closed","ping_status":"closed","sticky":false,"template":"","format":"standard","meta":{"footnotes":""},"categories":[2],"tags":[],"class_list":["post-568","post","type-post","status-publish","format-standard","hentry","category-noticias"],"acf":[],"_links":{"self":[{"href":"https:\/\/www.ufsm.br\/cursos\/pos-graduacao\/santa-maria\/ppgcsociais\/wp-json\/wp\/v2\/posts\/568","targetHints":{"allow":["GET"]}}],"collection":[{"href":"https:\/\/www.ufsm.br\/cursos\/pos-graduacao\/santa-maria\/ppgcsociais\/wp-json\/wp\/v2\/posts"}],"about":[{"href":"https:\/\/www.ufsm.br\/cursos\/pos-graduacao\/santa-maria\/ppgcsociais\/wp-json\/wp\/v2\/types\/post"}],"author":[{"embeddable":true,"href":"https:\/\/www.ufsm.br\/cursos\/pos-graduacao\/santa-maria\/ppgcsociais\/wp-json\/wp\/v2\/users\/124"}],"replies":[{"embeddable":true,"href":"https:\/\/www.ufsm.br\/cursos\/pos-graduacao\/santa-maria\/ppgcsociais\/wp-json\/wp\/v2\/comments?post=568"}],"version-history":[{"count":0,"href":"https:\/\/www.ufsm.br\/cursos\/pos-graduacao\/santa-maria\/ppgcsociais\/wp-json\/wp\/v2\/posts\/568\/revisions"}],"wp:attachment":[{"href":"https:\/\/www.ufsm.br\/cursos\/pos-graduacao\/santa-maria\/ppgcsociais\/wp-json\/wp\/v2\/media?parent=568"}],"wp:term":[{"taxonomy":"category","embeddable":true,"href":"https:\/\/www.ufsm.br\/cursos\/pos-graduacao\/santa-maria\/ppgcsociais\/wp-json\/wp\/v2\/categories?post=568"},{"taxonomy":"post_tag","embeddable":true,"href":"https:\/\/www.ufsm.br\/cursos\/pos-graduacao\/santa-maria\/ppgcsociais\/wp-json\/wp\/v2\/tags?post=568"}],"curies":[{"name":"wp","href":"https:\/\/api.w.org\/{rel}","templated":true}]}}