{"id":3162,"date":"2019-11-25T10:56:49","date_gmt":"2019-11-25T13:56:49","guid":{"rendered":"https:\/\/www.ufsm.br\/cursos\/pos-graduacao\/santa-maria\/ppgd\/?p=3162"},"modified":"2019-11-25T10:57:06","modified_gmt":"2019-11-25T13:57:06","slug":"resultado-da-prova-de-curriculo","status":"publish","type":"post","link":"https:\/\/www.ufsm.br\/cursos\/pos-graduacao\/santa-maria\/ppgd\/2019\/11\/25\/resultado-da-prova-de-curriculo","title":{"rendered":"Resultado da prova de curr\u00edculo"},"content":{"rendered":"\n<p>Informamos o resultado da prova de curr\u00edculo.<\/p>\n<table style=\"width: 59.9335%\" width=\"465\">\n<tbody>\n<tr>\n<td style=\"width: 55.7539%\" colspan=\"2\" width=\"465\">\n<blockquote>\n<p><strong>NOTA DA SEGUNDA FASE<\/strong><\/p>\n<p><strong>SELE\u00c7\u00c3O 2019-2020\u00a0 \u00a0 \u00a0 \u00a0 \u00a0 \u00a0 \u00a0 \u00a0 \u00a0 \u00a0 \u00a0 \u00a0 \u00a0 \u00a0 \u00a0 \u00a0 \u00a0 \u00a0 \u00a0 \u00a0 \u00a0 \u00a0 \u00a0 \u00a0 \u00a0 \u00a0 \u00a0 \u00a0 \u00a0 \u00a0 \u00a0 \u00a0 \u00a0 \u00a0 \u00a0 \u00a0 \u00a0 \u00a0 \u00a0 \u00a0 \u00a0 \u00a0 \u00a0 \u00a0<\/strong><\/p>\n<p><strong>Linha 1 &#8211; Direitos da Sociobiodiversidade e sustentatbilidade<\/strong><\/p>\n<\/blockquote>\n<\/td>\n<\/tr>\n<tr>\n<td style=\"width: 35.2543%\" width=\"319\"><strong>NOME DO CANDIDATO<\/strong><\/td>\n<td style=\"width: 20.4996%\" width=\"146\"><strong>M\u00c9DIA FINAL\u00a0\u00a0<\/strong><b>CURR\u00cdCULO<\/b><\/td>\n<\/tr>\n<tr>\n<td style=\"width: 35.2543%\">ANA CLAUDIA FAVARIN PINTO<\/td>\n<td style=\"width: 20.4996%\">7,0<\/td>\n<\/tr>\n<tr>\n<td style=\"width: 35.2543%\">ANDRESSA LAGES IRIGARAY<\/td>\n<td style=\"width: 20.4996%\">8,0<\/td>\n<\/tr>\n<tr>\n<td style=\"width: 35.2543%\">ANDRESSA SILVA SOUZA<\/td>\n<td style=\"width: 20.4996%\">8,0<\/td>\n<\/tr>\n<tr>\n<td style=\"width: 35.2543%\">ANTONELLA MAZZINE PICHININ<\/td>\n<td style=\"width: 20.4996%\">7,5<\/td>\n<\/tr>\n<tr>\n<td style=\"width: 35.2543%\">CAROLINE LOUREIRO DA SILVA<\/td>\n<td style=\"width: 20.4996%\">5,0<\/td>\n<\/tr>\n<tr>\n<td style=\"width: 35.2543%\">CAROLINA BONOTO ESPINDOLA<\/td>\n<td style=\"width: 20.4996%\">6,0<\/td>\n<\/tr>\n<tr>\n<td style=\"width: 35.2543%\">CASSIANE FORTES BUENO<\/td>\n<td style=\"width: 20.4996%\">7,0<\/td>\n<\/tr>\n<tr>\n<td style=\"width: 35.2543%\">DANIELI BORIN MENEZES TOMBESI<\/td>\n<td style=\"width: 20.4996%\">5,0<\/td>\n<\/tr>\n<tr>\n<td style=\"width: 35.2543%\">EDUARDA APARECIDA SANTOS GOULART<\/td>\n<td style=\"width: 20.4996%\">9,5<\/td>\n<\/tr>\n<tr>\n<td style=\"width: 35.2543%\">FABIANE JUNGES DUTRA<\/td>\n<td style=\"width: 20.4996%\">7,0<\/td>\n<\/tr>\n<tr>\n<td style=\"width: 35.2543%\">FREDERICO THADDEU PEDROSO<\/td>\n<td style=\"width: 20.4996%\">7,0<\/td>\n<\/tr>\n<tr>\n<td style=\"width: 35.2543%\">GABRIEL LIMA MENDES<\/td>\n<td style=\"width: 20.4996%\">5,0<\/td>\n<\/tr>\n<tr>\n<td style=\"width: 35.2543%\">GABRIELA GON\u00c7ALVES DE MEDEIROS<\/td>\n<td style=\"width: 20.4996%\">6,0<\/td>\n<\/tr>\n<tr>\n<td style=\"width: 35.2543%\">ISADORA RADDATZ TONETTO<\/td>\n<td style=\"width: 20.4996%\">5,0<\/td>\n<\/tr>\n<tr>\n<td style=\"width: 35.2543%\">JOSIANE DOS SANTOS SOUZA BORGES<\/td>\n<td style=\"width: 20.4996%\">3,0<\/td>\n<\/tr>\n<tr>\n<td style=\"width: 35.2543%\">JULIANA VARGAS PALAR<\/td>\n<td style=\"width: 20.4996%\">10,0<\/td>\n<\/tr>\n<tr>\n<td style=\"width: 35.2543%\">RAFAELA BOGADO MELCHIORS<\/td>\n<td style=\"width: 20.4996%\">8,5<\/td>\n<\/tr>\n<tr>\n<td style=\"width: 35.2543%\">TASSIA ELISABETE ELSENBACH<\/td>\n<td style=\"width: 20.4996%\">4,0<\/td>\n<\/tr>\n<\/tbody>\n<\/table>\n<p>\u00a0<\/p>\n<table style=\"width: 60.2694%\" width=\"459\">\n<tbody>\n<tr>\n<td style=\"width: 60.1114%\" colspan=\"2\" width=\"459\">\n<blockquote>\n<p><strong>NOTA DA SEGUNDA FASE<\/strong><\/p>\n<p><strong>SELE\u00c7\u00c3O 2019-2020\u00a0\u00a0\u00a0\u00a0\u00a0\u00a0\u00a0\u00a0\u00a0\u00a0\u00a0\u00a0\u00a0\u00a0\u00a0\u00a0\u00a0\u00a0\u00a0\u00a0\u00a0\u00a0\u00a0\u00a0\u00a0\u00a0\u00a0\u00a0\u00a0\u00a0\u00a0\u00a0\u00a0\u00a0\u00a0\u00a0\u00a0\u00a0\u00a0\u00a0\u00a0\u00a0\u00a0\u00a0\u00a0\u00a0\u00a0\u00a0\u00a0\u00a0\u00a0\u00a0\u00a0\u00a0\u00a0\u00a0\u00a0\u00a0\u00a0\u00a0\u00a0\u00a0\u00a0\u00a0\u00a0\u00a0\u00a0\u00a0\u00a0\u00a0\u00a0\u00a0\u00a0\u00a0\u00a0\u00a0\u00a0\u00a0\u00a0\u00a0\u00a0\u00a0\u00a0 <\/strong><\/p>\n<p><strong>Linha 2 &#8211; Direitos na Sociedade em Rede<\/strong><\/p>\n<\/blockquote>\n<\/td>\n<\/tr>\n<tr>\n<td style=\"width: 36.4478%\" width=\"309\"><strong>NOME DO CANDIDATO<\/strong><\/td>\n<td style=\"width: 23.6636%\" width=\"150\"><strong>M\u00c9DIA FINAL\u00a0\u00a0<\/strong><b>CURR\u00cdCULO<\/b><\/td>\n<\/tr>\n<tr>\n<td style=\"width: 36.4478%\">ALEXANDRE GALLINA KROB<\/td>\n<td style=\"width: 23.6636%\">8,0<\/td>\n<\/tr>\n<tr>\n<td style=\"width: 36.4478%\">AMAURI JOSE VENTURINI JUNIOR<\/td>\n<td style=\"width: 23.6636%\">6,0<\/td>\n<\/tr>\n<tr>\n<td style=\"width: 36.4478%\">ANA PAULA PILLON BORDIN<\/td>\n<td style=\"width: 23.6636%\">5,0<\/td>\n<\/tr>\n<tr>\n<td style=\"width: 36.4478%\">ANAYS MARTINS FINGER<\/td>\n<td style=\"width: 23.6636%\">7,0<\/td>\n<\/tr>\n<tr>\n<td style=\"width: 36.4478%\">ANDRESSA SIHE DRUZIAN<\/td>\n<td style=\"width: 23.6636%\">7,5<\/td>\n<\/tr>\n<tr>\n<td style=\"width: 36.4478%\">ANGELICA ERBICE MALAVOLTA<\/td>\n<td style=\"width: 23.6636%\">8,5<\/td>\n<\/tr>\n<tr>\n<td style=\"width: 36.4478%\">ARIEL ARIGONY EGUILHOR<\/td>\n<td style=\"width: 23.6636%\">9,5<\/td>\n<\/tr>\n<tr>\n<td style=\"width: 36.4478%\">ARTHUR MARQUES TEIXEIRA<\/td>\n<td style=\"width: 23.6636%\">7,0<\/td>\n<\/tr>\n<tr>\n<td style=\"width: 36.4478%\">BIANCA MASCHIO<\/td>\n<td style=\"width: 23.6636%\">5,0<\/td>\n<\/tr>\n<tr>\n<td style=\"width: 36.4478%\">BRUNA ANDRADE OBALDIA<\/td>\n<td style=\"width: 23.6636%\">7,5<\/td>\n<\/tr>\n<tr>\n<td style=\"width: 36.4478%\">BRUNO CARLI LOPES<\/td>\n<td style=\"width: 23.6636%\">2,0<\/td>\n<\/tr>\n<tr>\n<td style=\"width: 36.4478%\">CAROLINE ALBIERE PORTO<\/td>\n<td style=\"width: 23.6636%\">6,0<\/td>\n<\/tr>\n<tr>\n<td style=\"width: 36.4478%\">CAROLINE GASSEN BATISTELA<\/td>\n<td style=\"width: 23.6636%\">4,0<\/td>\n<\/tr>\n<tr>\n<td style=\"width: 36.4478%\">CATIANE MEDIANEIRA MILANI<\/td>\n<td style=\"width: 23.6636%\">6,0<\/td>\n<\/tr>\n<tr>\n<td style=\"width: 36.4478%\">CLAUDIO TEIXEIRA DAMILANO<\/td>\n<td style=\"width: 23.6636%\">8,0<\/td>\n<\/tr>\n<tr>\n<td style=\"width: 36.4478%\">DIEGO DOS SANTOS DIFANTE<\/td>\n<td style=\"width: 23.6636%\">7,0<\/td>\n<\/tr>\n<tr>\n<td style=\"width: 36.4478%\">FERNANDO BOTTEGA PERTILE<\/td>\n<td style=\"width: 23.6636%\">3,0<\/td>\n<\/tr>\n<tr>\n<td style=\"width: 36.4478%\">HENRIQUE MISSAU RUVIARO<\/td>\n<td style=\"width: 23.6636%\">8,5<\/td>\n<\/tr>\n<tr>\n<td style=\"width: 36.4478%\">HIGOR LAMEIRA GASPARETTO<\/td>\n<td style=\"width: 23.6636%\">7,5<\/td>\n<\/tr>\n<tr>\n<td style=\"width: 36.4478%\">HUMBERTO GOULART NETO<\/td>\n<td style=\"width: 23.6636%\">5,0<\/td>\n<\/tr>\n<tr>\n<td style=\"width: 36.4478%\">INGRA ETCHEPARE VIEIRA<\/td>\n<td style=\"width: 23.6636%\">7,0<\/td>\n<\/tr>\n<tr>\n<td style=\"width: 36.4478%\">IRENICE TRESSOLDI<\/td>\n<td style=\"width: 23.6636%\">6,0<\/td>\n<\/tr>\n<tr>\n<td style=\"width: 36.4478%\">ISABELA QUARTIERI DA ROSA<\/td>\n<td style=\"width: 23.6636%\">5,0<\/td>\n<\/tr>\n<tr>\n<td style=\"width: 36.4478%\">JONATHAN MARQUES DE FREITAS<\/td>\n<td style=\"width: 23.6636%\">5,0<\/td>\n<\/tr>\n<tr>\n<td style=\"width: 36.4478%\">KELLEN ROSA CRUZ<\/td>\n<td style=\"width: 23.6636%\">5,0<\/td>\n<\/tr>\n<tr>\n<td style=\"width: 36.4478%\">LAUREANI PAZZINI SILVEIRA<\/td>\n<td style=\"width: 23.6636%\">8,5<\/td>\n<\/tr>\n<tr>\n<td style=\"width: 36.4478%\">LEANDRO BRIESE DOS SANTOS<\/td>\n<td style=\"width: 23.6636%\">5,0<\/td>\n<\/tr>\n<tr>\n<td style=\"width: 36.4478%\">LEONARDO FONTANA TREVISAN<\/td>\n<td style=\"width: 23.6636%\">7,5<\/td>\n<\/tr>\n<tr>\n<td style=\"width: 36.4478%\">LOHANNE MAINARDI DE SOUZA ZAGO<\/td>\n<td style=\"width: 23.6636%\">3,0<\/td>\n<\/tr>\n<tr>\n<td style=\"width: 36.4478%\">MIRIAM CHEISSELE DOS SANTOS<\/td>\n<td style=\"width: 23.6636%\">7,0<\/td>\n<\/tr>\n<tr>\n<td style=\"width: 36.4478%\">NATHALIA ZAMPIERI ANTUNES<\/td>\n<td style=\"width: 23.6636%\">7,5<\/td>\n<\/tr>\n<tr>\n<td style=\"width: 36.4478%\">PAULO RODRIGO DE MIRANDA<\/td>\n<td style=\"width: 23.6636%\">7,5<\/td>\n<\/tr>\n<tr>\n<td style=\"width: 36.4478%\">PEDRO HENRIQUE SCCOTT DE SENNA<\/td>\n<td style=\"width: 23.6636%\">9,0<\/td>\n<\/tr>\n<tr>\n<td style=\"width: 36.4478%\">PEDRO VICTOR DOS SANTOS WITSCHORECK<\/td>\n<td style=\"width: 23.6636%\">7,0<\/td>\n<\/tr>\n<tr>\n<td style=\"width: 36.4478%\">PILLAR CORNELLI CRESTANI<\/td>\n<td style=\"width: 23.6636%\">7,0<\/td>\n<\/tr>\n<tr>\n<td style=\"width: 36.4478%\">RODRIGO AGUIAR DA SILVA<\/td>\n<td style=\"width: 23.6636%\">7,5<\/td>\n<\/tr>\n<tr>\n<td style=\"width: 36.4478%\">THOMAS RAMOS GON\u00c7ALVES<\/td>\n<td style=\"width: 23.6636%\">7,5<\/td>\n<\/tr>\n<\/tbody>\n<\/table>\n<p>\u00a0<\/p>\n<p>\u00a0<\/p>\n<blockquote>\n<h2><strong>Esclarecimentos as principais causas de desconto de pontua\u00e7\u00e3o na prova de curr\u00edculo:<\/strong><\/h2>\n<\/blockquote>\n<p>a) o n\u00e3o preenchimento de uma ou duas colunas da tabela de pontua\u00e7\u00e3o ensejou o desconto de 50% da nota do candidato, nos termos do edital.<\/p>\n<p>b) artigos PUBLICADOS em revistas com Qualis no Direito: foi considerado apenas o Qualis DIREITO (2013\/2016) dispon\u00edvel no site: <a href=\"https:\/\/sucupira.capes.gov.br\/sucupira\/public\/consultas\/coleta\/veiculoPublicacaoQualis\/listaConsultaGeralPeriodicos.jsf\">https:\/\/sucupira.capes.gov.br\/sucupira\/public\/consultas\/coleta\/veiculoPublicacaoQualis\/listaConsultaGeralPeriodicos.jsf<\/a><\/p>\n<p>C) est\u00e1gio n\u00e3o \u00e9 considerado pr\u00e1tica profissional.<\/p>\n<p>d) participa\u00e7\u00e3o em Grupo de Pesquisa n\u00e3o deve ser confundido com participa\u00e7\u00e3o em PROJETO de pesquisa. Somente foi pontuado quem comprovou participar de PROJETO REGISTRADO. O edital n\u00e3o previa pontua\u00e7\u00e3o para Grupos de Pesquisa com cadastro no Cnpq.<\/p>\n<p>e) Artigos em revistas e em anais de evento AINDA N\u00c3O PUBLICADOS n\u00e3o foram pontuados.<\/p>\n<p>f) Produ\u00e7\u00e3o bibliogr\u00e1fica sem c\u00f3pia integral do texto n\u00e3o foram pontuados (artigos, cap\u00edtulos, etc.)<\/p>\n<p>g) Certificados de eventos anteriores ao ano de 2015 n\u00e3o foram considerados<\/p>\n<p>h) Certificado de apresenta\u00e7\u00e3o de trabalho em evento, sem a c\u00f3pia do artigo, n\u00e3o serve como comprova\u00e7\u00e3o de publica\u00e7\u00e3o.<\/p>\n<p>i) Cursos de especializa\u00e7\u00e3o em andamento, n\u00e3o pontua como especializa\u00e7\u00e3o conclu\u00edda.<\/p>\n<p>j) comprova\u00e7\u00e3o de atua\u00e7\u00e3o profissional: foram considerados somente os documentos que permitiram a clara identifica\u00e7\u00e3o da atua\u00e7\u00e3o em cada ano; listas gen\u00e9ricas sem a men\u00e7\u00e3o clara do ano em que houve a atua\u00e7\u00e3o profissional n\u00e3o garantiu a atribui\u00e7\u00e3o de nota para todo o per\u00edodo pretendido pelo candidato.<\/p>\n<p>\u00a0<\/p>\n<p>\u00a0<\/p>\n<blockquote>\n<h2><strong>ATEN\u00c7\u00c3O:<\/strong><\/h2>\n<\/blockquote>\n<p>Nos termos do edital, relembramos que participar\u00e3o da fase final (projeto) os vinte candidatos de cada linha com maior m\u00e9dia nas provas escrita e de curr\u00edculo.<\/p>\n<p><strong>A divulga\u00e7\u00e3o dos nomes dos candidatos habilitados a terem seus projetos corrigidos e a participar da argui\u00e7\u00e3o oral do projeto ocorrer\u00e1 no dia 02 de dezembro de 2019.<\/strong><\/p>\n<p>As argui\u00e7\u00f5es orais ser\u00e3o realizadas nos dias 04 e\/ou 05 de dezembro de 2019.<\/p>\n<p>\u00a0<\/p>\n<p>\u00a0<\/p>\n","protected":false},"excerpt":{"rendered":"<p>Informamos o resultado da prova de curr\u00edculo. NOTA DA SEGUNDA FASE SELE\u00c7\u00c3O 2019-2020\u00a0 \u00a0 \u00a0 \u00a0 \u00a0 \u00a0 \u00a0 \u00a0 \u00a0 \u00a0 \u00a0 \u00a0 \u00a0 \u00a0 \u00a0 \u00a0 \u00a0 \u00a0 \u00a0 \u00a0 \u00a0 \u00a0 \u00a0 \u00a0 \u00a0 \u00a0 \u00a0 \u00a0 \u00a0 \u00a0 \u00a0 \u00a0 \u00a0 \u00a0 \u00a0 \u00a0 \u00a0 \u00a0 \u00a0 \u00a0 \u00a0 \u00a0 \u00a0 [&hellip;]<\/p>\n","protected":false},"author":536,"featured_media":0,"comment_status":"closed","ping_status":"closed","sticky":false,"template":"","format":"standard","meta":{"footnotes":""},"categories":[52],"tags":[],"class_list":["post-3162","post","type-post","status-publish","format-standard","hentry","category-selecao"],"acf":[],"_links":{"self":[{"href":"https:\/\/www.ufsm.br\/cursos\/pos-graduacao\/santa-maria\/ppgd\/wp-json\/wp\/v2\/posts\/3162","targetHints":{"allow":["GET"]}}],"collection":[{"href":"https:\/\/www.ufsm.br\/cursos\/pos-graduacao\/santa-maria\/ppgd\/wp-json\/wp\/v2\/posts"}],"about":[{"href":"https:\/\/www.ufsm.br\/cursos\/pos-graduacao\/santa-maria\/ppgd\/wp-json\/wp\/v2\/types\/post"}],"author":[{"embeddable":true,"href":"https:\/\/www.ufsm.br\/cursos\/pos-graduacao\/santa-maria\/ppgd\/wp-json\/wp\/v2\/users\/536"}],"replies":[{"embeddable":true,"href":"https:\/\/www.ufsm.br\/cursos\/pos-graduacao\/santa-maria\/ppgd\/wp-json\/wp\/v2\/comments?post=3162"}],"version-history":[{"count":0,"href":"https:\/\/www.ufsm.br\/cursos\/pos-graduacao\/santa-maria\/ppgd\/wp-json\/wp\/v2\/posts\/3162\/revisions"}],"wp:attachment":[{"href":"https:\/\/www.ufsm.br\/cursos\/pos-graduacao\/santa-maria\/ppgd\/wp-json\/wp\/v2\/media?parent=3162"}],"wp:term":[{"taxonomy":"category","embeddable":true,"href":"https:\/\/www.ufsm.br\/cursos\/pos-graduacao\/santa-maria\/ppgd\/wp-json\/wp\/v2\/categories?post=3162"},{"taxonomy":"post_tag","embeddable":true,"href":"https:\/\/www.ufsm.br\/cursos\/pos-graduacao\/santa-maria\/ppgd\/wp-json\/wp\/v2\/tags?post=3162"}],"curies":[{"name":"wp","href":"https:\/\/api.w.org\/{rel}","templated":true}]}}