{"id":3169,"date":"2019-12-03T08:57:02","date_gmt":"2019-12-03T11:57:02","guid":{"rendered":"https:\/\/www.ufsm.br\/cursos\/pos-graduacao\/santa-maria\/ppgd\/?p=3169"},"modified":"2019-12-03T08:58:19","modified_gmt":"2019-12-03T11:58:19","slug":"cronograma-da-arguicao-oral-dos-projetos-de-pesquisa-3a-etapa-do-processo-seletivo-ppgd-2019-2020","status":"publish","type":"post","link":"https:\/\/www.ufsm.br\/cursos\/pos-graduacao\/santa-maria\/ppgd\/2019\/12\/03\/cronograma-da-arguicao-oral-dos-projetos-de-pesquisa-3a-etapa-do-processo-seletivo-ppgd-2019-2020","title":{"rendered":"Cronograma da Argui\u00e7\u00e3o Oral dos Projetos de Pesquisa (3\u00aa etapa) do Processo Seletivo PPGD 2019\/2020"},"content":{"rendered":"\n<p>A Coordena\u00e7\u00e3o do PPGD informa os hor\u00e1rios e salas em que ocorrer\u00e1 a Argui\u00e7\u00e3o Oral dos Projetos de Pesquisa (3\u00aa Etapa) do Processo Seletivo PPGD 2019\/2020.<\/p>\n<p><strong>Lembramos que conforme consta no edital, apenas os 20 primeiros colocados est\u00e3o aptos a participarem desta etapa:<\/strong><\/p>\n<p><strong>1.8.3.6. Somente participar\u00e3o da Argui\u00e7\u00e3o oral do Projeto de Pesquisa escrito os primeiros 20 (vinte) candidatos, conforme notas obtidas nas fases anteriores, em cada linha de pesquisa.<\/strong><br \/><strong>1.8.3.6.1. A ordem de classifica\u00e7\u00e3o ser\u00e1 calculada a partir da m\u00e9dia aritm\u00e9tica da nota que cada candidato obteve nas provas escrita e de curr\u00edculo.<\/strong><\/p>\n<p>Informamos tamb\u00e9m que, devido a falta de internet na Universidade Federal de Santa Maria no dia 02 de dezembro de 2019, a publica\u00e7\u00e3o n\u00e3o pode ser realizada atrav\u00e9s do site do PPGD e esta sendo publicado apenas no dia de hoje, 03 de de dezembro de 2019.<\/p>\n<h2 style=\"text-align: center\"><strong>ARGUI\u00c7\u00c3O ORAL DOS PROJETOS DE PESQUISA<\/strong><\/h2>\n<p style=\"text-align: center\"><strong>\u00a0<\/strong><strong>LINHA DE PESQUISA 1<\/strong><\/p>\n<p style=\"text-align: center\"><strong>\u00a0<\/strong><strong>DIA 05 DE DEZEMBRO DE 2019 (QUINTA-FEIRA)<\/strong><\/p>\n<p style=\"text-align: center\"><strong>SALA 503<\/strong><\/p>\n<table class=\" aligncenter\" style=\"width: 46.9302%;height: 1884px\" width=\"0\">\n<tbody>\n<tr style=\"height: 60px\">\n<td style=\"height: 60px;text-align: center;width: 22.4939%\" width=\"101\">\n<p><strong>HOR\u00c1RIO<\/strong><\/p>\n<\/td>\n<td style=\"height: 60px;text-align: center;width: 98.4194%\" width=\"488\">\n<p><strong>NOME DO\/A CANDIDATO\/A<\/strong><\/p>\n<\/td>\n<\/tr>\n<tr style=\"height: 88px\">\n<td style=\"height: 88px;text-align: center;width: 22.4939%\" width=\"101\">\n<p>08:00<\/p>\n<\/td>\n<td style=\"height: 88px;width: 98.4194%\" width=\"488\">\n<p>ANA CLAUDIA FAVARIN<\/p>\n<\/td>\n<\/tr>\n<tr style=\"height: 88px\">\n<td style=\"height: 88px;text-align: center;width: 22.4939%\" width=\"101\">\n<p>08:10<\/p>\n<\/td>\n<td style=\"height: 88px;width: 98.4194%\" width=\"488\">\n<p>ANDRESSA LAGES IRIGARAY<\/p>\n<\/td>\n<\/tr>\n<tr style=\"height: 88px\">\n<td style=\"height: 88px;text-align: center;width: 22.4939%\" width=\"101\">\n<p>08:20<\/p>\n<\/td>\n<td style=\"height: 88px;width: 98.4194%\" width=\"488\">\n<p>ANDRESSA SILVA SOUZA<\/p>\n<\/td>\n<\/tr>\n<tr style=\"height: 88px\">\n<td style=\"height: 88px;text-align: center;width: 22.4939%\" width=\"101\">\n<p>08:30<\/p>\n<\/td>\n<td style=\"height: 88px;width: 98.4194%\" width=\"488\">\n<p>ANTONELLA MAZZINE PICHININ<\/p>\n<\/td>\n<\/tr>\n<tr style=\"height: 88px\">\n<td style=\"height: 88px;text-align: center;width: 22.4939%\" width=\"101\">\n<p>08:40<\/p>\n<\/td>\n<td style=\"height: 88px;width: 98.4194%\" width=\"488\">\n<p>CAROLINA BONOTO ESPINDOLA<\/p>\n<\/td>\n<\/tr>\n<tr style=\"height: 88px\">\n<td style=\"height: 88px;text-align: center;width: 22.4939%\" width=\"101\">\n<p>08:50<\/p>\n<\/td>\n<td style=\"height: 88px;width: 98.4194%\" width=\"488\">\n<p>CAROLINE LOUREIRO DA SILVA<\/p>\n<\/td>\n<\/tr>\n<tr style=\"height: 88px\">\n<td style=\"height: 88px;text-align: center;width: 22.4939%\" width=\"101\">\n<p>09:00<\/p>\n<\/td>\n<td style=\"height: 88px;width: 98.4194%\" width=\"488\">\n<p>CASSIANE FORTES BUENO<\/p>\n<\/td>\n<\/tr>\n<tr style=\"height: 88px\">\n<td style=\"height: 88px;text-align: center;width: 22.4939%\" width=\"101\">\n<p>09:10<\/p>\n<\/td>\n<td style=\"height: 88px;width: 98.4194%\" width=\"488\">\n<p>DANIELI BORIN MENEZES<\/p>\n<\/td>\n<\/tr>\n<tr style=\"height: 116px\">\n<td style=\"height: 116px;text-align: center;width: 22.4939%\" width=\"101\">\n<p>09:20<\/p>\n<\/td>\n<td style=\"height: 116px;width: 98.4194%\" width=\"488\">\n<p>EDUARDA APARECIDA SANTOS GOULART<\/p>\n<\/td>\n<\/tr>\n<tr style=\"height: 88px\">\n<td style=\"height: 88px;text-align: center;width: 22.4939%\" width=\"101\">\n<p>09:30<\/p>\n<\/td>\n<td style=\"height: 88px;width: 98.4194%\" width=\"488\">\n<p>FABIANE NUNES DUTRA<\/p>\n<\/td>\n<\/tr>\n<tr style=\"height: 10px\">\n<td style=\"height: 10px;width: 120.913%\" colspan=\"2\" width=\"589\">\n<p style=\"text-align: center\">INTERVALO<\/p>\n<\/td>\n<\/tr>\n<tr style=\"height: 88px\">\n<td style=\"height: 88px;text-align: center;width: 22.4939%\" width=\"101\">\n<p>10:00<\/p>\n<\/td>\n<td style=\"height: 88px;width: 98.4194%\" width=\"488\">\n<p>FREDERICO\u00a0 THADDEU PEDROSO<\/p>\n<\/td>\n<\/tr>\n<tr style=\"height: 88px\">\n<td style=\"height: 88px;text-align: center;width: 22.4939%\" width=\"101\">\n<p>10:10<\/p>\n<\/td>\n<td style=\"height: 88px;width: 98.4194%\" width=\"488\">\n<p>GABRIEL LIMA MENDES<\/p>\n<\/td>\n<\/tr>\n<tr style=\"height: 116px\">\n<td style=\"height: 116px;text-align: center;width: 22.4939%\" width=\"101\">\n<p>10:20<\/p>\n<\/td>\n<td style=\"height: 116px;width: 98.4194%\" width=\"488\">\n<p>GABRIELA GON\u00c7ALVES DE MEDEIROS<\/p>\n<\/td>\n<\/tr>\n<tr style=\"height: 88px\">\n<td style=\"height: 88px;text-align: center;width: 22.4939%\" width=\"101\">\n<p>10:30<\/p>\n<\/td>\n<td style=\"height: 88px;width: 98.4194%\" width=\"488\">\n<p>ISADORA RADDATZ TONETTO<\/p>\n<\/td>\n<\/tr>\n<tr style=\"height: 116px\">\n<td style=\"height: 116px;text-align: center;width: 22.4939%\" width=\"101\">\n<p>10:30<\/p>\n<\/td>\n<td style=\"height: 116px;width: 98.4194%\" width=\"488\">\n<p>JOSIANE DOS SANTOS SOUZA BORGES<\/p>\n<\/td>\n<\/tr>\n<tr style=\"height: 88px\">\n<td style=\"height: 88px;text-align: center;width: 22.4939%\" width=\"101\">\n<p>10:50<\/p>\n<\/td>\n<td style=\"height: 88px;width: 98.4194%\" width=\"488\">\n<p>JULIANA VARGAS PALAR<\/p>\n<\/td>\n<\/tr>\n<tr style=\"height: 88px\">\n<td style=\"height: 88px;text-align: center;width: 22.4939%\" width=\"101\">\n<p>11:00<\/p>\n<\/td>\n<td style=\"height: 88px;width: 98.4194%\" width=\"488\">\n<p>RAFAELA BOGADO MELCHIORS<\/p>\n<\/td>\n<\/tr>\n<tr style=\"height: 88px\">\n<td style=\"height: 88px;text-align: center;width: 22.4939%\" width=\"101\">\n<p>11:10<\/p>\n<\/td>\n<td style=\"height: 88px;width: 98.4194%\" width=\"488\">\n<p>TASSIA ELISABETE ELSENBACH<\/p>\n<\/td>\n<\/tr>\n<\/tbody>\n<\/table>\n<p style=\"text-align: center\"><strong>LINHA DE PESQUISA 2<\/strong><\/p>\n<p style=\"text-align: center\"><strong>\u00a0<\/strong><strong>DIA 05 DE DEZEMBRO DE 2019 (QUINTA-FEIRA)<\/strong><\/p>\n<p style=\"text-align: center\"><strong>\u00a0<\/strong><strong>SALA 504<\/strong><\/p>\n<table class=\" aligncenter\" style=\"width: 48.9842%;height: 1995px\" width=\"0\">\n<tbody>\n<tr>\n<td style=\"text-align: center;width: 20%\" width=\"101\">\n<p style=\"text-align: center\"><strong>HOR\u00c1RIO<\/strong><\/p>\n<\/td>\n<td style=\"text-align: center;width: 82.5264%\" width=\"488\">\n<p><strong>NOME DO CANDIDATO<\/strong><\/p>\n<\/td>\n<\/tr>\n<tr>\n<td style=\"width: 20%\" width=\"101\">\n<p style=\"text-align: center\">08:00<\/p>\n<\/td>\n<td style=\"width: 82.5264%\" width=\"488\">\n<p>ALEXANDRE GALINA KROB<\/p>\n<\/td>\n<\/tr>\n<tr>\n<td style=\"text-align: center;width: 20%\" width=\"101\">\n<p>08:10<\/p>\n<\/td>\n<td style=\"width: 82.5264%\" width=\"488\">\n<p>ANAYS MARTINS FINGER<\/p>\n<\/td>\n<\/tr>\n<tr>\n<td style=\"text-align: center;width: 20%\" width=\"101\">\n<p>08:20<\/p>\n<\/td>\n<td style=\"width: 82.5264%\" width=\"488\">\n<p>ANDRESSA SIHE DRUZIAN<\/p>\n<\/td>\n<\/tr>\n<tr>\n<td style=\"text-align: center;width: 20%\" width=\"101\">\n<p>08:30<\/p>\n<\/td>\n<td style=\"width: 82.5264%\" width=\"488\">\n<p>ANGELICA ERBICE MALAVOLTA<\/p>\n<\/td>\n<\/tr>\n<tr>\n<td style=\"text-align: center;width: 20%\" width=\"101\">\n<p>08:40<\/p>\n<\/td>\n<td style=\"width: 82.5264%\" width=\"488\">\n<p>ARIEL ARIGONY EGUILHOR<\/p>\n<\/td>\n<\/tr>\n<tr>\n<td style=\"text-align: center;width: 20%\" width=\"101\">\n<p>08:50<\/p>\n<\/td>\n<td style=\"width: 82.5264%\" width=\"488\">\n<p>BRUNA ANDRADE OBALDIA<\/p>\n<\/td>\n<\/tr>\n<tr>\n<td style=\"text-align: center;width: 20%\" width=\"101\">\n<p>09:00<\/p>\n<\/td>\n<td style=\"width: 82.5264%\" width=\"488\">\n<p>CLAUDIO TEIXEIRA DAMILANO<\/p>\n<\/td>\n<\/tr>\n<tr>\n<td style=\"text-align: center;width: 20%\" width=\"101\">\n<p>09:10<\/p>\n<\/td>\n<td style=\"width: 82.5264%\" width=\"488\">\n<p>HENRIQUE MISSAU RUVIARO<\/p>\n<\/td>\n<\/tr>\n<tr>\n<td style=\"text-align: center;width: 20%\" width=\"101\">\n<p>09:20<\/p>\n<\/td>\n<td style=\"width: 82.5264%\" width=\"488\">\n<p>HIGOR LAMEIRA GASPARETO<\/p>\n<\/td>\n<\/tr>\n<tr>\n<td style=\"text-align: center;width: 20%\" width=\"101\">\n<p>09:30<\/p>\n<\/td>\n<td style=\"width: 82.5264%\" width=\"488\">\n<p>INGRA ETCHEPARE VIEIRA<\/p>\n<\/td>\n<\/tr>\n<tr>\n<td style=\"width: 102.526%\" colspan=\"2\" width=\"589\">\n<p style=\"text-align: center\">INTERVALO<\/p>\n<\/td>\n<\/tr>\n<tr>\n<td style=\"text-align: center;width: 20%\" width=\"101\">\n<p>10:00<\/p>\n<\/td>\n<td style=\"width: 82.5264%\" width=\"488\">\n<p>LAUREANI PAZZINI SILVEIRA<\/p>\n<\/td>\n<\/tr>\n<tr>\n<td style=\"text-align: center;width: 20%\" width=\"101\">\n<p>10:10<\/p>\n<\/td>\n<td style=\"width: 82.5264%\" width=\"488\">\n<p>LEONARDO FONTANA TREVISAN<\/p>\n<\/td>\n<\/tr>\n<tr>\n<td style=\"text-align: center;width: 20%\" width=\"101\">\n<p>10:20<\/p>\n<\/td>\n<td style=\"width: 82.5264%\" width=\"488\">\n<p>MIRIAM CHEISSELE DOS SANTOS<\/p>\n<\/td>\n<\/tr>\n<tr>\n<td style=\"text-align: center;width: 20%\" width=\"101\">\n<p>10:30<\/p>\n<\/td>\n<td style=\"width: 82.5264%\" width=\"488\">\n<p>NATHALIA ZAMPIERI ANTUNES<\/p>\n<\/td>\n<\/tr>\n<tr>\n<td style=\"text-align: center;width: 20%\" width=\"101\">\n<p>10:30<\/p>\n<\/td>\n<td style=\"width: 82.5264%\" width=\"488\">\n<p>PAULO RODRIGO DE MIRANDA<\/p>\n<\/td>\n<\/tr>\n<tr>\n<td style=\"text-align: center;width: 20%\" width=\"101\">\n<p>10:50<\/p>\n<\/td>\n<td style=\"width: 82.5264%\" width=\"488\">\n<p>PEDRO HENRIQUE SCOTT DE SENNA<\/p>\n<\/td>\n<\/tr>\n<tr>\n<td style=\"text-align: center;width: 20%\" width=\"101\">\n<p>11:00<\/p>\n<\/td>\n<td style=\"width: 82.5264%\" width=\"488\">\n<p>PEDRO VICTOR DOS SANTOS WITSCHORECK<\/p>\n<\/td>\n<\/tr>\n<tr>\n<td style=\"text-align: center;width: 20%\" width=\"101\">\n<p>11:10<\/p>\n<\/td>\n<td style=\"width: 82.5264%\" width=\"488\">\n<p>PILLAR CORNELLI CRESTANI<\/p>\n<\/td>\n<\/tr>\n<tr>\n<td style=\"text-align: center;width: 20%\" width=\"101\">\n<p>11:20<\/p>\n<\/td>\n<td style=\"width: 82.5264%\" width=\"488\">\n<p>RODRIGO AGUIAR DA SILVA<\/p>\n<\/td>\n<\/tr>\n<tr>\n<td style=\"text-align: center;width: 20%\" width=\"101\">\n<p>11:30<\/p>\n<\/td>\n<td style=\"width: 82.5264%\" width=\"488\">\n<p>THOMAS RAMOS GON\u00c7ALVES<\/p>\n<\/td>\n<\/tr>\n<\/tbody>\n<\/table>\n","protected":false},"excerpt":{"rendered":"<p>A Coordena\u00e7\u00e3o do PPGD informa os hor\u00e1rios e salas em que ocorrer\u00e1 a Argui\u00e7\u00e3o Oral dos Projetos de Pesquisa (3\u00aa Etapa) do Processo Seletivo PPGD 2019\/2020. Lembramos que conforme consta no edital, apenas os 20 primeiros colocados est\u00e3o aptos a participarem desta etapa: 1.8.3.6. Somente participar\u00e3o da Argui\u00e7\u00e3o oral do Projeto de Pesquisa escrito os [&hellip;]<\/p>\n","protected":false},"author":768,"featured_media":0,"comment_status":"closed","ping_status":"closed","sticky":false,"template":"","format":"standard","meta":{"footnotes":""},"categories":[52],"tags":[],"class_list":["post-3169","post","type-post","status-publish","format-standard","hentry","category-selecao"],"acf":[],"_links":{"self":[{"href":"https:\/\/www.ufsm.br\/cursos\/pos-graduacao\/santa-maria\/ppgd\/wp-json\/wp\/v2\/posts\/3169","targetHints":{"allow":["GET"]}}],"collection":[{"href":"https:\/\/www.ufsm.br\/cursos\/pos-graduacao\/santa-maria\/ppgd\/wp-json\/wp\/v2\/posts"}],"about":[{"href":"https:\/\/www.ufsm.br\/cursos\/pos-graduacao\/santa-maria\/ppgd\/wp-json\/wp\/v2\/types\/post"}],"author":[{"embeddable":true,"href":"https:\/\/www.ufsm.br\/cursos\/pos-graduacao\/santa-maria\/ppgd\/wp-json\/wp\/v2\/users\/768"}],"replies":[{"embeddable":true,"href":"https:\/\/www.ufsm.br\/cursos\/pos-graduacao\/santa-maria\/ppgd\/wp-json\/wp\/v2\/comments?post=3169"}],"version-history":[{"count":0,"href":"https:\/\/www.ufsm.br\/cursos\/pos-graduacao\/santa-maria\/ppgd\/wp-json\/wp\/v2\/posts\/3169\/revisions"}],"wp:attachment":[{"href":"https:\/\/www.ufsm.br\/cursos\/pos-graduacao\/santa-maria\/ppgd\/wp-json\/wp\/v2\/media?parent=3169"}],"wp:term":[{"taxonomy":"category","embeddable":true,"href":"https:\/\/www.ufsm.br\/cursos\/pos-graduacao\/santa-maria\/ppgd\/wp-json\/wp\/v2\/categories?post=3169"},{"taxonomy":"post_tag","embeddable":true,"href":"https:\/\/www.ufsm.br\/cursos\/pos-graduacao\/santa-maria\/ppgd\/wp-json\/wp\/v2\/tags?post=3169"}],"curies":[{"name":"wp","href":"https:\/\/api.w.org\/{rel}","templated":true}]}}