{"id":3362,"date":"2020-03-19T14:33:08","date_gmt":"2020-03-19T17:33:08","guid":{"rendered":"https:\/\/www.ufsm.br\/cursos\/pos-graduacao\/santa-maria\/ppgd\/?p=3362"},"modified":"2020-03-24T09:23:30","modified_gmt":"2020-03-24T12:23:30","slug":"pppgd-passa-a-realizar-bancas-apenas-por-videoconferencia-com-acesso-aberto-ao-publico-externo-por-meio-de-link-com-imagens-ao-vivo","status":"publish","type":"post","link":"https:\/\/www.ufsm.br\/cursos\/pos-graduacao\/santa-maria\/ppgd\/2020\/03\/19\/pppgd-passa-a-realizar-bancas-apenas-por-videoconferencia-com-acesso-aberto-ao-publico-externo-por-meio-de-link-com-imagens-ao-vivo","title":{"rendered":"PPPGD passa a realizar bancas apenas por videoconfer\u00eancia com acesso aberto ao p\u00fablico externo por meio de link com imagens ao vivo"},"content":{"rendered":"\n<p>Diante da suspens\u00e3o das atividades acad\u00eamicas e administrativas presenciais na Universidade Federal de Santa Maria, desde o dia 16 de mar\u00e7o de 2020, em raz\u00e3o do COVID-19, O PPGD realizar\u00e1 suas bancas somente por videoconfer\u00eancia, mantendo a seguran\u00e7a dos discentes e docentes.<\/p>\n<p>Para o p\u00fablico externo haver\u00e1 a possibilidade de acompanhar a defesa por meio de um link com acesso \u00e0 sala de videoconfer\u00eancia (apenas como ouvinte).<\/p>\n<p>\u00a0<\/p>\n<h2>DIA 23 DE MAR\u00c7O DE 2020 &#8211; SEGUNDA-FEIRA<\/h2>\n<blockquote>\n<p><br \/>11 horas<\/p>\n<\/blockquote>\n<p><strong>Discente: Andr\u00e9ia Momolli<\/strong><br \/>Titulo: Hermen\u00eautica Jur\u00eddica e Intelig\u00eancia Artificial no Processo Jurisdicional da Sociedade em Rede<br \/>Banca: <br \/>Prof. Dr. Cristiano Becker Isaia (Orientador) &#8211; UFSM <br \/>Prof. Dr. Jer\u00f4nimo Siqueira Tybusch &#8211; UFSM <br \/>Prof. Dr. Adalberto Narciso Hommerding \u2013 URI<\/p>\n<p>Assistir transmiss\u00e3o ao vivo<br \/><a href=\"https:\/\/stream.meet.google.com\/stream\/1383f180-7421-4333-8c23-bd81ee1747c1\">https:\/\/stream.meet.google.com\/stream\/1383f180-7421-4333-8c23-bd81ee1747c1<\/a><\/p>\n<h2>DIA 24 DE MAR\u00c7O DE 2020 &#8211; TER\u00c7A-FEIRA<\/h2>\n<blockquote>\n<p><br \/>14 horas<\/p>\n<\/blockquote>\n<p><strong>Discente: Silvana Wallau Vezzosi<\/strong><br \/>Titulo: Impactos Socioambientais Decorrentes do Uso de Agrot\u00f3xicos Oriundos de Contrabando<br \/>Banca: <br \/>Prof. Dr. Jer\u00f4nimo Siqueira Tybusch (Orientador) &#8211; UFSM <br \/>Prof. Dr. Luiz Ernani Bonesso de Araujo &#8211; UFSM <br \/>Prof. Dr. Jo\u00e3o H\u00e9lio Ferreira Pes \u2013 UFN<\/p>\n<p>Assistir transmiss\u00e3o ao vivo<br \/><a href=\"https:\/\/meet.google.com\/kmj-jnib-ajh\">https:\/\/meet.google.com\/kmj-jnib-ajh<\/a><\/p>\n<h2>DIA 24 DE MAR\u00c7O DE 2020 &#8211; TER\u00c7A-FEIRA<\/h2>\n<blockquote>\n<p><br \/>15 horas<\/p>\n<\/blockquote>\n<p><strong>Discente: Daniela Favaretto Mattos<\/strong><br \/>Titulo: Direito \u00e0 Cidade Sustent\u00e1vel: Construindo o &#8220;Bem Viver&#8221; Urbano a Partir da Justi\u00e7a Socioambiental e da Cidadania Ecol\u00f3gica<br \/>Banca: <br \/>Prof. Dr. Jer\u00f4nimo Siqueira Tybusch (Orientador) &#8211; UFSM <br \/>Prof. Dr. Luiz Ernani Bonesso de Araujo &#8211; UFSM <br \/>Prof. Dr. Jo\u00e3o H\u00e9lio Ferreira Pes \u2013 UFN<\/p>\n<p>Assistir transmiss\u00e3o ao vivo<br \/><a href=\"https:\/\/meet.google.com\/rwb-wrsz-gvr\">https:\/\/meet.google.com\/rwb-wrsz-gvr<\/a><\/p>\n<h2>DIA 27 DE MAR\u00c7O DE 2020 &#8211; SEXTA-FEIRA<\/h2>\n<blockquote>\n<p><br \/>14 horas<\/p>\n<\/blockquote>\n<p><br \/><strong>Discente: Paulo Cezar Krusche<\/strong><br \/>Titulo: Direito ao Trabalho no Sistema Capitalista Brasileiro e o contrato de trabalho intermitente<\/p>\n<p>Banca: <br \/>Prof. Dr. Ronaldo Busnello (Orientador) UFSM<br \/>Prof. Dr. M\u00e1rcio De Souza Bernardes &#8211; UFN<br \/>Prof. Dr. Rafael Santos De Oliveira &#8211; UFSM<\/p>\n<p><br \/>Assistir transmiss\u00e3o ao vivo<br \/><a href=\"https:\/\/stream.meet.google.com\/stream\/0c6c14e7-0880-4877-9ca6-0734cf440990\">https:\/\/stream.meet.google.com\/stream\/0c6c14e7-0880-4877-9ca6-0734cf440990<\/a><\/p>\n<h2><br \/>DIA 30 DE MAR\u00c7O DE 2020 &#8211; SEGUNDA-FEIRA<\/h2>\n<blockquote>\n<p>9h30min<\/p>\n<\/blockquote>\n<p><strong>Discente: Renata Leita da Silva Cruz<\/strong><br \/>T\u00edtulo:TRANSPAR\u00caNCIA P\u00daBLICA NO BRASIL: AS TECNOLOGIAS DE INFORMA\u00c7\u00c3O E COMUNICA\u00c7\u00c3O COMO POSS\u00cdVEIS FERRAMENTAS DE CONTROLE SOCIAL DOS GASTOS P\u00daBLICOS<br \/>Banca:<br \/>Prof. Dr. Rafael Santos de Oliveira (Orientador) UFSM<br \/>Profa. Dra. Ana Cl\u00e1udia Farranha Santana (UNB) <br \/>Profa. Dra. Val\u00e9ria Ribas do Nascimento UFSM<\/p>\n<p>Assistir transmiss\u00e3o ao vivo<br \/><a href=\"https:\/\/stream.meet.google.com\/stream\/854b48f5-52ff-4fa8-817f-d35cb286a51d\">https:\/\/stream.meet.google.com\/stream\/854b48f5-52ff-4fa8-817f-d35cb286a51d<\/a><\/p>\n<p>\u00a0<\/p>\n<h2>DIA 30 DE MAR\u00c7O DE 2020 &#8211; SEGUNDA-FEIRA<\/h2>\n<blockquote>\n<p>14h<\/p>\n<\/blockquote>\n<p><strong>Discente: Wiliam Costodio Lima<\/strong><br \/>T\u00edtulo: O Tratamento De Dados Pessoais Em Perspectiva Comparada Entre Uni\u00e3o Europeia E Brasil: O Papel Da Autoridade Nacional De Prote\u00e7\u00e3o De Dados Como Instrumento Para A Tutela De Direitos Fundamentais<br \/>Banca<br \/>Profa. Dra. Rosane Leal da Silva (Orientadora) UFSM<br \/>Prof. Dr. Dr. Vinicius Borges Fortes &#8211; IMED<br \/>Prof. Dr. Rafael Santos de Oliveira &#8211; UFSM<\/p>\n<p>Assistir transmiss\u00e3o ao vivo<br \/><a href=\"https:\/\/stream.meet.google.com\/stream\/f7b2493a-fed1-464f-8e6a-72f9d1f5ee36\">https:\/\/stream.meet.google.com\/stream\/f7b2493a-fed1-464f-8e6a-72f9d1f5ee36<\/a><\/p>\n<p>\u00a0<\/p>\n<h2>DIA 30 DE MAR\u00c7O DE 2020 &#8211; SEGUNDA-FEIRA<\/h2>\n<blockquote>\n<p><br \/>14 h<\/p>\n<\/blockquote>\n<p><br \/><strong>Discente: Lucas Mateus Canabarro Rodrigues<\/strong><br \/>t\u00edtulo: O HIPERPRESIDENCIALISMO BRASILEIRO: uma terceira onda de autocratiza\u00e7\u00e3o do regime democr\u00e1tico?<br \/>Banca:<br \/>Profa. Dra. Nina Tricia Rodrigues Disconzi &#8211; Orientadora (UFSM)<br \/>Profa. Daniela Richter &#8211; UFSM<br \/>Cristiane Catarina Fagundes de Oliveira &#8211; UFRGS <br \/>Daniela Richter &#8211; UFSM<\/p>\n<p>Assistir transmiss\u00e3o ao vivo:<br \/><a href=\"https:\/\/stream.meet.google.com\/stream\/6e4825bf-3452-4d36-907d-919491d0789b\">https:\/\/stream.meet.google.com\/stream\/6e4825bf-3452-4d36-907d-919491d0789b<\/a><\/p>\n<p>\u00a0<\/p>\n<h2>DIA 31 DE MAR\u00c7O DE 2020 &#8211; TER\u00c7A-FEIRA<\/h2>\n<blockquote>\n<p><br \/>17 h<\/p>\n<\/blockquote>\n<p><br \/><strong>Discente: Camila Mor\u00e1s Da Silva<\/strong><\/p>\n<p>T\u00edtulo: As Indica\u00e7\u00f5es Geogr\u00e1ficas E Os Poss\u00edveis Impactos Nas Rela\u00e7\u00f5es De Consumo No Brasil: Uma An\u00e1lise A Partir Dos Vieses Da Sustentabilidade<br \/>Banca:Banca:<\/p>\n<p>Prof.\u00aa Dr\u00aa Isabel Christine Silva De Gregori (Orientadora)<\/p>\n<p>Prof.\u00aa Dr.\u00aa Liliana Locatelli<\/p>\n<p>Prof.\u00aa Dr.\u00aa Nathalie Kuczura Nedel<\/p>\n<p>Assistir transmiss\u00e3o ao vivo:<\/p>\n<p><a href=\"https:\/\/stream.meet.google.com\/stream\/d3233914-0b25-4c95-a7eb-ac34d0c5fb69\">https:\/\/stream.meet.google.com\/stream\/d3233914-0b25-4c95-a7eb-ac34d0c5fb69<\/a><\/p>\n<p>\u00a0<\/p>\n","protected":false},"excerpt":{"rendered":"<p>Diante da suspens\u00e3o das atividades acad\u00eamicas e administrativas presenciais na Universidade Federal de Santa Maria, desde o dia 16 de mar\u00e7o de 2020, em raz\u00e3o do COVID-19, O PPGD realizar\u00e1 suas bancas somente por videoconfer\u00eancia, mantendo a seguran\u00e7a dos discentes e docentes. Para o p\u00fablico externo haver\u00e1 a possibilidade de acompanhar a defesa por meio [&hellip;]<\/p>\n","protected":false},"author":536,"featured_media":0,"comment_status":"closed","ping_status":"closed","sticky":false,"template":"","format":"standard","meta":{"footnotes":""},"categories":[9,2],"tags":[],"class_list":["post-3362","post","type-post","status-publish","format-standard","hentry","category-destaques","category-noticias"],"acf":[],"_links":{"self":[{"href":"https:\/\/www.ufsm.br\/cursos\/pos-graduacao\/santa-maria\/ppgd\/wp-json\/wp\/v2\/posts\/3362","targetHints":{"allow":["GET"]}}],"collection":[{"href":"https:\/\/www.ufsm.br\/cursos\/pos-graduacao\/santa-maria\/ppgd\/wp-json\/wp\/v2\/posts"}],"about":[{"href":"https:\/\/www.ufsm.br\/cursos\/pos-graduacao\/santa-maria\/ppgd\/wp-json\/wp\/v2\/types\/post"}],"author":[{"embeddable":true,"href":"https:\/\/www.ufsm.br\/cursos\/pos-graduacao\/santa-maria\/ppgd\/wp-json\/wp\/v2\/users\/536"}],"replies":[{"embeddable":true,"href":"https:\/\/www.ufsm.br\/cursos\/pos-graduacao\/santa-maria\/ppgd\/wp-json\/wp\/v2\/comments?post=3362"}],"version-history":[{"count":0,"href":"https:\/\/www.ufsm.br\/cursos\/pos-graduacao\/santa-maria\/ppgd\/wp-json\/wp\/v2\/posts\/3362\/revisions"}],"wp:attachment":[{"href":"https:\/\/www.ufsm.br\/cursos\/pos-graduacao\/santa-maria\/ppgd\/wp-json\/wp\/v2\/media?parent=3362"}],"wp:term":[{"taxonomy":"category","embeddable":true,"href":"https:\/\/www.ufsm.br\/cursos\/pos-graduacao\/santa-maria\/ppgd\/wp-json\/wp\/v2\/categories?post=3362"},{"taxonomy":"post_tag","embeddable":true,"href":"https:\/\/www.ufsm.br\/cursos\/pos-graduacao\/santa-maria\/ppgd\/wp-json\/wp\/v2\/tags?post=3362"}],"curies":[{"name":"wp","href":"https:\/\/api.w.org\/{rel}","templated":true}]}}