{"id":4526,"date":"2022-11-04T09:08:33","date_gmt":"2022-11-04T12:08:33","guid":{"rendered":"https:\/\/www.ufsm.br\/cursos\/pos-graduacao\/santa-maria\/ppgd\/?p=4526"},"modified":"2022-11-04T09:41:54","modified_gmt":"2022-11-04T12:41:54","slug":"centro-de-estudos-e-pesquisas-em-direito-e-internet-cepedi-ufsm-recebera-prof-irineu-barreto-para-falar-sobre-a-anatomia-da-desinformacao-e-do-discurso-de-odio-e-sobre-a-erosao-da-democracia-dia","status":"publish","type":"post","link":"https:\/\/www.ufsm.br\/cursos\/pos-graduacao\/santa-maria\/ppgd\/2022\/11\/04\/centro-de-estudos-e-pesquisas-em-direito-e-internet-cepedi-ufsm-recebera-prof-irineu-barreto-para-falar-sobre-a-anatomia-da-desinformacao-e-do-discurso-de-odio-e-sobre-a-erosao-da-democracia-dia","title":{"rendered":"Centro de Estudos e Pesquisas em Direito e Internet &#8211; CEPEDI\/UFSM receber\u00e1 Prof. Irineu Barreto para falar sobre a Anatomia da  Desinforma\u00e7\u00e3o e do Discurso de \u00d3dio, e sobre a Eros\u00e3o da Democracia, dia 07\/11"},"content":{"rendered":"\n<div>\u00a0<\/div>\n<p style=\"text-align: center\"><strong><span style=\"color: #000000\">Anatomia da Desinforma\u00e7\u00e3o e do Discurso de \u00d3dio &amp; Eros\u00e3o da Democracia<\/span><\/strong><\/p>\n<div>\u00a0<\/div>\n<div style=\"text-align: justify\">O Centro de Estudos e Pesquisas em Direito e Internet &#8211; CEPEDI da UFSM gostaria de convidar a comunidade acad\u00eamica para participar na atividade que receber\u00e1 o <strong>Prof. Irineu Barreto<\/strong> para falar sobre a Anatomia da Desinforma\u00e7\u00e3o e do Discurso de \u00d3dio, bem como da Eros\u00e3o da Democracia, que \u00e9 o tema do livro que ele publicou recentemente. Um super assunto que com certeza vai render muito debate!<\/div>\n<div>\u00a0<\/div>\n<div style=\"text-align: justify\">O Prof. Irineu \u00e9 Doutor em Ci\u00eancias Sociais com p\u00f3s-doutorado em Sociologia e docente em diversas \u00e1reas, como Direito da Sociedade da Informa\u00e7\u00e3o e Direito Digital.<\/div>\n<div style=\"text-align: justify\"><br \/>O evento acontecer\u00e1 no dia <strong>07 de novembro de 2022, segunda-feira, a partir das 18h<\/strong>, no <a href=\"https:\/\/www.youtube.com\/watch?v=yUlhomN3Tvc\" target=\"_blank\" rel=\"noopener\"><strong>Canal do CEPEDI do YouTube<\/strong><\/a>, e o certificado de participa\u00e7\u00e3o na palestra ser\u00e1 enviado mediante preenchimento de formul\u00e1rio de presen\u00e7a no momento do evento.<\/div>\n<div>\u00a0<\/div>\n<div style=\"text-align: justify\">Acompanhe o Instagram do CEPEDI &#8211; <a href=\"https:\/\/www.instagram.com\/cepediufsm\/\" target=\"_blank\" rel=\"noopener\" data-saferedirecturl=\"https:\/\/www.google.com\/url?q=https:\/\/www.instagram.com\/cepediufsm\/&amp;source=gmail&amp;ust=1667596813033000&amp;usg=AOvVaw0GSE-qhvTwzrwmex9GaSAe\">https:\/\/www.instagram.com\/cepediufsm\/.<\/a><\/div>\n<div>\u00a0<\/div>\n<div>\u00a0<\/div>\n<div style=\"text-align: center\"><img fetchpriority=\"high\" decoding=\"async\" class=\"aligncenter size-full wp-image-4530\" src=\"https:\/\/www.ufsm.br\/app\/uploads\/sites\/563\/2022\/11\/PPGD-1-e-2.jpg\" alt=\"\" width=\"968\" height=\"595\" srcset=\"https:\/\/www.ufsm.br\/app\/uploads\/sites\/563\/2022\/11\/PPGD-1-e-2.jpg 968w, https:\/\/www.ufsm.br\/app\/uploads\/sites\/563\/2022\/11\/PPGD-1-e-2-300x184.jpg 300w, https:\/\/www.ufsm.br\/app\/uploads\/sites\/563\/2022\/11\/PPGD-1-e-2-768x472.jpg 768w\" sizes=\"(max-width: 968px) 100vw, 968px\" \/><\/div>\n<div style=\"text-align: center\"><img decoding=\"async\" class=\"aligncenter size-full wp-image-4529\" src=\"https:\/\/www.ufsm.br\/app\/uploads\/sites\/563\/2022\/11\/PPGD-3.jpg\" alt=\"\" width=\"478\" height=\"593\" srcset=\"https:\/\/www.ufsm.br\/app\/uploads\/sites\/563\/2022\/11\/PPGD-3.jpg 478w, https:\/\/www.ufsm.br\/app\/uploads\/sites\/563\/2022\/11\/PPGD-3-242x300.jpg 242w\" sizes=\"(max-width: 478px) 100vw, 478px\" \/><\/div>\n\n\n","protected":false},"excerpt":{"rendered":"<p>\u00a0 Anatomia da Desinforma\u00e7\u00e3o e do Discurso de \u00d3dio &amp; Eros\u00e3o da Democracia \u00a0 O Centro de Estudos e Pesquisas em Direito e Internet &#8211; CEPEDI da UFSM gostaria de convidar a comunidade acad\u00eamica para participar na atividade que receber\u00e1 o Prof. Irineu Barreto para falar sobre a Anatomia da Desinforma\u00e7\u00e3o e do Discurso de [&hellip;]<\/p>\n","protected":false},"author":586,"featured_media":0,"comment_status":"closed","ping_status":"closed","sticky":false,"template":"","format":"standard","meta":{"footnotes":""},"categories":[9,2,1],"tags":[],"class_list":["post-4526","post","type-post","status-publish","format-standard","hentry","category-destaques","category-noticias","category-sem-categoria"],"acf":[],"_links":{"self":[{"href":"https:\/\/www.ufsm.br\/cursos\/pos-graduacao\/santa-maria\/ppgd\/wp-json\/wp\/v2\/posts\/4526","targetHints":{"allow":["GET"]}}],"collection":[{"href":"https:\/\/www.ufsm.br\/cursos\/pos-graduacao\/santa-maria\/ppgd\/wp-json\/wp\/v2\/posts"}],"about":[{"href":"https:\/\/www.ufsm.br\/cursos\/pos-graduacao\/santa-maria\/ppgd\/wp-json\/wp\/v2\/types\/post"}],"author":[{"embeddable":true,"href":"https:\/\/www.ufsm.br\/cursos\/pos-graduacao\/santa-maria\/ppgd\/wp-json\/wp\/v2\/users\/586"}],"replies":[{"embeddable":true,"href":"https:\/\/www.ufsm.br\/cursos\/pos-graduacao\/santa-maria\/ppgd\/wp-json\/wp\/v2\/comments?post=4526"}],"version-history":[{"count":0,"href":"https:\/\/www.ufsm.br\/cursos\/pos-graduacao\/santa-maria\/ppgd\/wp-json\/wp\/v2\/posts\/4526\/revisions"}],"wp:attachment":[{"href":"https:\/\/www.ufsm.br\/cursos\/pos-graduacao\/santa-maria\/ppgd\/wp-json\/wp\/v2\/media?parent=4526"}],"wp:term":[{"taxonomy":"category","embeddable":true,"href":"https:\/\/www.ufsm.br\/cursos\/pos-graduacao\/santa-maria\/ppgd\/wp-json\/wp\/v2\/categories?post=4526"},{"taxonomy":"post_tag","embeddable":true,"href":"https:\/\/www.ufsm.br\/cursos\/pos-graduacao\/santa-maria\/ppgd\/wp-json\/wp\/v2\/tags?post=4526"}],"curies":[{"name":"wp","href":"https:\/\/api.w.org\/{rel}","templated":true}]}}