{"id":4942,"date":"2023-08-24T08:26:15","date_gmt":"2023-08-24T11:26:15","guid":{"rendered":"https:\/\/www.ufsm.br\/cursos\/pos-graduacao\/santa-maria\/ppgd\/?p=4942"},"modified":"2023-10-17T13:59:20","modified_gmt":"2023-10-17T16:59:20","slug":"qualificacao-de-mestrado-julio-monti-de-assis-brasil-rocha","status":"publish","type":"post","link":"https:\/\/www.ufsm.br\/cursos\/pos-graduacao\/santa-maria\/ppgd\/2023\/08\/24\/qualificacao-de-mestrado-julio-monti-de-assis-brasil-rocha","title":{"rendered":"Qualifica\u00e7\u00e3o de mestrado \u2013 J\u00falio Monti de Assis Brasil Rocha"},"content":{"rendered":"\n<p style=\"text-align: justify\">O Programa de P\u00f3s-Gradua\u00e7\u00e3o em Direito divulga a banca de Qualifica\u00e7\u00e3o de Mestrado do aluno J\u00falio Monti de Assis Brasil Rocha, com o t\u00edtulo \u201cOs processos estruturais na sociedade em rede\u201d, que ocorrer\u00e1 no dia 29 de agosto de 2023, \u00e0s 16 horas, na UFSM.<\/p>\n<p>Link para acesso \u00e0 videoconfer\u00eancia:\u00a0 <a href=\"https:\/\/meet.google.com\/dpu-fenu-fsj\" target=\"_blank\" rel=\"noopener\" data-saferedirecturl=\"https:\/\/www.google.com\/url?q=https:\/\/meet.google.com\/dpu-fenu-fsj&amp;source=gmail&amp;ust=1692959646095000&amp;usg=AOvVaw04myEdvcBV_sfUF8LPr6qp\">https:\/\/meet.google.com\/dpu-fenu-fsj<\/a><\/p>\n<p><img fetchpriority=\"high\" decoding=\"async\" class=\"aligncenter size-full wp-image-4943\" src=\"https:\/\/www.ufsm.br\/app\/uploads\/sites\/563\/2023\/08\/PPGD-Qualificacao-de-Mestrado-Julio-Monti-de-Assis-Brasil-Rocha.jpg\" alt=\"\" width=\"1080\" height=\"1080\" srcset=\"https:\/\/www.ufsm.br\/app\/uploads\/sites\/563\/2023\/08\/PPGD-Qualificacao-de-Mestrado-Julio-Monti-de-Assis-Brasil-Rocha.jpg 1080w, https:\/\/www.ufsm.br\/app\/uploads\/sites\/563\/2023\/08\/PPGD-Qualificacao-de-Mestrado-Julio-Monti-de-Assis-Brasil-Rocha-300x300.jpg 300w, https:\/\/www.ufsm.br\/app\/uploads\/sites\/563\/2023\/08\/PPGD-Qualificacao-de-Mestrado-Julio-Monti-de-Assis-Brasil-Rocha-1024x1024.jpg 1024w, https:\/\/www.ufsm.br\/app\/uploads\/sites\/563\/2023\/08\/PPGD-Qualificacao-de-Mestrado-Julio-Monti-de-Assis-Brasil-Rocha-150x150.jpg 150w, https:\/\/www.ufsm.br\/app\/uploads\/sites\/563\/2023\/08\/PPGD-Qualificacao-de-Mestrado-Julio-Monti-de-Assis-Brasil-Rocha-768x768.jpg 768w\" sizes=\"(max-width: 1080px) 100vw, 1080px\" \/><\/p>\n","protected":false},"excerpt":{"rendered":"<p>O Programa de P\u00f3s-Gradua\u00e7\u00e3o em Direito divulga a banca de Qualifica\u00e7\u00e3o de Mestrado do aluno J\u00falio Monti de Assis Brasil Rocha, com o t\u00edtulo \u201cOs processos estruturais na sociedade em rede\u201d, que ocorrer\u00e1 no dia 29 de agosto de 2023, \u00e0s 16 horas, na UFSM. Link para acesso \u00e0 videoconfer\u00eancia:\u00a0 https:\/\/meet.google.com\/dpu-fenu-fsj<\/p>\n","protected":false},"author":905,"featured_media":4943,"comment_status":"closed","ping_status":"closed","sticky":false,"template":"","format":"standard","meta":{"footnotes":""},"categories":[188],"tags":[],"class_list":["post-4942","post","type-post","status-publish","format-standard","has-post-thumbnail","hentry","category-defesas"],"acf":[],"_links":{"self":[{"href":"https:\/\/www.ufsm.br\/cursos\/pos-graduacao\/santa-maria\/ppgd\/wp-json\/wp\/v2\/posts\/4942","targetHints":{"allow":["GET"]}}],"collection":[{"href":"https:\/\/www.ufsm.br\/cursos\/pos-graduacao\/santa-maria\/ppgd\/wp-json\/wp\/v2\/posts"}],"about":[{"href":"https:\/\/www.ufsm.br\/cursos\/pos-graduacao\/santa-maria\/ppgd\/wp-json\/wp\/v2\/types\/post"}],"author":[{"embeddable":true,"href":"https:\/\/www.ufsm.br\/cursos\/pos-graduacao\/santa-maria\/ppgd\/wp-json\/wp\/v2\/users\/905"}],"replies":[{"embeddable":true,"href":"https:\/\/www.ufsm.br\/cursos\/pos-graduacao\/santa-maria\/ppgd\/wp-json\/wp\/v2\/comments?post=4942"}],"version-history":[{"count":0,"href":"https:\/\/www.ufsm.br\/cursos\/pos-graduacao\/santa-maria\/ppgd\/wp-json\/wp\/v2\/posts\/4942\/revisions"}],"wp:featuredmedia":[{"embeddable":true,"href":"https:\/\/www.ufsm.br\/cursos\/pos-graduacao\/santa-maria\/ppgd\/wp-json\/wp\/v2\/media\/4943"}],"wp:attachment":[{"href":"https:\/\/www.ufsm.br\/cursos\/pos-graduacao\/santa-maria\/ppgd\/wp-json\/wp\/v2\/media?parent=4942"}],"wp:term":[{"taxonomy":"category","embeddable":true,"href":"https:\/\/www.ufsm.br\/cursos\/pos-graduacao\/santa-maria\/ppgd\/wp-json\/wp\/v2\/categories?post=4942"},{"taxonomy":"post_tag","embeddable":true,"href":"https:\/\/www.ufsm.br\/cursos\/pos-graduacao\/santa-maria\/ppgd\/wp-json\/wp\/v2\/tags?post=4942"}],"curies":[{"name":"wp","href":"https:\/\/api.w.org\/{rel}","templated":true}]}}