{"id":5197,"date":"2024-03-31T19:11:31","date_gmt":"2024-03-31T22:11:31","guid":{"rendered":"https:\/\/www.ufsm.br\/cursos\/pos-graduacao\/santa-maria\/ppgd\/?p=5197"},"modified":"2024-04-01T08:38:40","modified_gmt":"2024-04-01T11:38:40","slug":"oportunidade-selecao-de-extensionistas-cine-direitos-humanos","status":"publish","type":"post","link":"https:\/\/www.ufsm.br\/cursos\/pos-graduacao\/santa-maria\/ppgd\/2024\/03\/31\/oportunidade-selecao-de-extensionistas-cine-direitos-humanos","title":{"rendered":"Oportunidade! Sele\u00e7\u00e3o de extensionistas Cine Direitos Humanos!"},"content":{"rendered":"\n<p>O\u00a0<strong>NPPDI \u2013 N\u00facleo de Pesquisa e Pr\u00e1ticas em\u00a0Direito\u00a0Internacional (CNPq\/UFSM)<\/strong> informa que est\u00e1 aberto o Edital 02\/2024 para a sele\u00e7\u00e3o de extensionistas para atuar no <strong>Cine Direitos Humanos<\/strong>.<\/p>\n<p>A a\u00e7\u00e3o de extens\u00e3o <strong>Cine Direitos Humanos<\/strong> faz parte do programa de extens\u00e3o \u201cAs fronteiras do direito: a permeabilidade das fontes normativas internacionais na esfera local\u201d e parte da constata\u00e7\u00e3o que a consci\u00eancia popular do direito internacional dos direitos humanos apresenta s\u00e9rias defici\u00eancias. Nesse sentido, o projeto pretende promover sess\u00f5es p\u00fablicas de cinema seguidas de debates sobre direitos humanos e rela\u00e7\u00f5es internacionais, para estimular a percep\u00e7\u00e3o das consequ\u00eancias locais do direito internacional. Tendo como p\u00fablico alvo toda a comunidade acad\u00eamica da UFSM quanto \u00e0 comunidade e movimentos sociais, a abordagem dever\u00e1 ocorrer sobre a forma de problemas. Atualmente, as a\u00e7\u00f5es ocorrem junto \u00e0s escolas municipais de Santa Maria que oferecem Ensino de Jovens Adultos. O <strong>Cine Direitos Humanos<\/strong> atua em ciclos anuais de a\u00e7\u00f5es junto \u00e0s escolas parceiras. Sendo assim, faz-se necess\u00e1rio a pesquisa e produ\u00e7\u00e3o de materiais did\u00e1ticos audiovisuais e textuais, curadoria dos filmes a serem exibidos, divulga\u00e7\u00e3o e produ\u00e7\u00e3o de conte\u00fado para redes sociais e sites, bem como a revis\u00e3o peri\u00f3dica da identidade visual do projeto, e, por fim, aux\u00edlio na forma\u00e7\u00e3o cont\u00ednua da\/os participantes do projeto, para capacit\u00e1-la\/os internamente, e, externamente, para as atividades com as escolas.<\/p>\n<p>Maiores informa\u00e7\u00f5es <a href=\"https:\/\/www.ufsm.br\/grupos\/nppdi\">aqui<\/a>. Para acompanhar as nossas atividades\u00a0<a href=\"https:\/\/www.instagram.com\/nppdiufsm\/\">aqui<\/a>.<\/p>\n<p>O Edital est\u00e1 anexo.<\/p>\n<p>Inscri\u00e7\u00f5es at\u00e9 o dia 12\/04\/2024 pelo link: <a href=\"https:\/\/docs.google.com\/forms\/d\/e\/1FAIpQLSdTDEK6Of540q1w4jwg_ojXm1avoFHZxL_-rj-DojUidqGSig\/viewform\">inscri\u00e7\u00e3o<\/a><\/p>\n<p>D\u00favidas pelo e-mail: <a class=\"notranslate\" href=\"mailto:nppdi@ufsm.br\">nppdi@ufsm.br<\/a><\/p>\n<p><a href=\"https:\/\/www.ufsm.br\/app\/uploads\/sites\/563\/2024\/03\/Edital-NPPDI-022024-Cine-Direitos-Humanos.pdf\">Edital NPPDI 02\/2024 &#8211; Cine Direitos Humanos<\/a><\/p>\n","protected":false},"excerpt":{"rendered":"<p>O\u00a0NPPDI \u2013 N\u00facleo de Pesquisa e Pr\u00e1ticas em\u00a0Direito\u00a0Internacional (CNPq\/UFSM) informa que est\u00e1 aberto o Edital 02\/2024 para a sele\u00e7\u00e3o de extensionistas para atuar no Cine Direitos Humanos. A a\u00e7\u00e3o de extens\u00e3o Cine Direitos Humanos faz parte do programa de extens\u00e3o \u201cAs fronteiras do direito: a permeabilidade das fontes normativas internacionais na esfera local\u201d e parte [&hellip;]<\/p>\n","protected":false},"author":4161,"featured_media":0,"comment_status":"closed","ping_status":"closed","sticky":false,"template":"","format":"standard","meta":{"footnotes":""},"categories":[1],"tags":[77,79,134],"class_list":["post-5197","post","type-post","status-publish","format-standard","hentry","category-sem-categoria","tag-grupos","tag-grupos-pesquisa","tag-nppdi"],"acf":[],"_links":{"self":[{"href":"https:\/\/www.ufsm.br\/cursos\/pos-graduacao\/santa-maria\/ppgd\/wp-json\/wp\/v2\/posts\/5197","targetHints":{"allow":["GET"]}}],"collection":[{"href":"https:\/\/www.ufsm.br\/cursos\/pos-graduacao\/santa-maria\/ppgd\/wp-json\/wp\/v2\/posts"}],"about":[{"href":"https:\/\/www.ufsm.br\/cursos\/pos-graduacao\/santa-maria\/ppgd\/wp-json\/wp\/v2\/types\/post"}],"author":[{"embeddable":true,"href":"https:\/\/www.ufsm.br\/cursos\/pos-graduacao\/santa-maria\/ppgd\/wp-json\/wp\/v2\/users\/4161"}],"replies":[{"embeddable":true,"href":"https:\/\/www.ufsm.br\/cursos\/pos-graduacao\/santa-maria\/ppgd\/wp-json\/wp\/v2\/comments?post=5197"}],"version-history":[{"count":0,"href":"https:\/\/www.ufsm.br\/cursos\/pos-graduacao\/santa-maria\/ppgd\/wp-json\/wp\/v2\/posts\/5197\/revisions"}],"wp:attachment":[{"href":"https:\/\/www.ufsm.br\/cursos\/pos-graduacao\/santa-maria\/ppgd\/wp-json\/wp\/v2\/media?parent=5197"}],"wp:term":[{"taxonomy":"category","embeddable":true,"href":"https:\/\/www.ufsm.br\/cursos\/pos-graduacao\/santa-maria\/ppgd\/wp-json\/wp\/v2\/categories?post=5197"},{"taxonomy":"post_tag","embeddable":true,"href":"https:\/\/www.ufsm.br\/cursos\/pos-graduacao\/santa-maria\/ppgd\/wp-json\/wp\/v2\/tags?post=5197"}],"curies":[{"name":"wp","href":"https:\/\/api.w.org\/{rel}","templated":true}]}}