{"id":6739,"date":"2026-03-31T10:11:06","date_gmt":"2026-03-31T13:11:06","guid":{"rendered":"https:\/\/www.ufsm.br\/cursos\/pos-graduacao\/santa-maria\/ppgd\/?p=6739"},"modified":"2026-03-31T10:11:07","modified_gmt":"2026-03-31T13:11:07","slug":"defesa-de-mestrado-ana-elisi-carbone-anversa","status":"publish","type":"post","link":"https:\/\/www.ufsm.br\/cursos\/pos-graduacao\/santa-maria\/ppgd\/2026\/03\/31\/defesa-de-mestrado-ana-elisi-carbone-anversa","title":{"rendered":"Defesa de mestrado \u2013 Ana Elisi Carbone Anversa"},"content":{"rendered":"\n<p style=\"text-align: justify\">O Programa de P\u00f3s-Gradua\u00e7\u00e3o em Direito divulga a defesa de mestrado da aluna <strong>Ana Elisi Carbone Anversa<\/strong>, com o t\u00edtulo \u201c<strong>Desafios para a Soberania de Dados Brasileira: Um Estudo Comparado Decolonial entre Uni\u00e3o Europeia e Brasil<\/strong>\u201d, que ocorrer\u00e1 no dia 6 de abril de 2026, \u00e0s 14 horas, de forma online. Acesso \u00e0 videoconfer\u00eancia mediante solicita\u00e7\u00e3o por e-mail para\u00a0<a href=\"mailto:anaelisianversa@gmail.com\" target=\"_blank\" rel=\"noopener\">anaelisianversa@gmail.com<\/a>\u00a0at\u00e9 o dia 05\/04\/2026.<\/p>\n<p dir=\"ltr\" style=\"text-align: justify\"><em><strong>Aten\u00e7\u00e3o: O\u00a0PPGD\u00a0n\u00e3o emite atestado de ouvinte das bancas de qualifica\u00e7\u00e3o e defesa final.<\/strong><\/em><\/p>\n<p dir=\"ltr\"><img fetchpriority=\"high\" decoding=\"async\" class=\"alignnone size-large wp-image-6740\" src=\"https:\/\/www.ufsm.br\/app\/uploads\/sites\/563\/2026\/03\/D.-Mestrado-Ana-Elisi-Carbone-Anversa-1024x1024.jpg\" alt=\"\" width=\"1024\" height=\"1024\" srcset=\"https:\/\/www.ufsm.br\/app\/uploads\/sites\/563\/2026\/03\/D.-Mestrado-Ana-Elisi-Carbone-Anversa-1024x1024.jpg 1024w, https:\/\/www.ufsm.br\/app\/uploads\/sites\/563\/2026\/03\/D.-Mestrado-Ana-Elisi-Carbone-Anversa-300x300.jpg 300w, https:\/\/www.ufsm.br\/app\/uploads\/sites\/563\/2026\/03\/D.-Mestrado-Ana-Elisi-Carbone-Anversa-150x150.jpg 150w, https:\/\/www.ufsm.br\/app\/uploads\/sites\/563\/2026\/03\/D.-Mestrado-Ana-Elisi-Carbone-Anversa-768x768.jpg 768w, https:\/\/www.ufsm.br\/app\/uploads\/sites\/563\/2026\/03\/D.-Mestrado-Ana-Elisi-Carbone-Anversa.jpg 1080w\" sizes=\"(max-width: 1024px) 100vw, 1024px\" \/><\/p>\n\n\n","protected":false},"excerpt":{"rendered":"<p>O Programa de P\u00f3s-Gradua\u00e7\u00e3o em Direito divulga a defesa de mestrado da aluna Ana Elisi Carbone Anversa, com o t\u00edtulo \u201cDesafios para a Soberania de Dados Brasileira: Um Estudo Comparado Decolonial entre Uni\u00e3o Europeia e Brasil\u201d, que ocorrer\u00e1 no dia 6 de abril de 2026, \u00e0s 14 horas, de forma online. Acesso \u00e0 videoconfer\u00eancia mediante [&hellip;]<\/p>\n","protected":false},"author":6613,"featured_media":0,"comment_status":"closed","ping_status":"closed","sticky":false,"template":"","format":"standard","meta":{"footnotes":""},"categories":[188,2],"tags":[],"class_list":["post-6739","post","type-post","status-publish","format-standard","hentry","category-defesas","category-noticias"],"acf":[],"_links":{"self":[{"href":"https:\/\/www.ufsm.br\/cursos\/pos-graduacao\/santa-maria\/ppgd\/wp-json\/wp\/v2\/posts\/6739","targetHints":{"allow":["GET"]}}],"collection":[{"href":"https:\/\/www.ufsm.br\/cursos\/pos-graduacao\/santa-maria\/ppgd\/wp-json\/wp\/v2\/posts"}],"about":[{"href":"https:\/\/www.ufsm.br\/cursos\/pos-graduacao\/santa-maria\/ppgd\/wp-json\/wp\/v2\/types\/post"}],"author":[{"embeddable":true,"href":"https:\/\/www.ufsm.br\/cursos\/pos-graduacao\/santa-maria\/ppgd\/wp-json\/wp\/v2\/users\/6613"}],"replies":[{"embeddable":true,"href":"https:\/\/www.ufsm.br\/cursos\/pos-graduacao\/santa-maria\/ppgd\/wp-json\/wp\/v2\/comments?post=6739"}],"version-history":[{"count":0,"href":"https:\/\/www.ufsm.br\/cursos\/pos-graduacao\/santa-maria\/ppgd\/wp-json\/wp\/v2\/posts\/6739\/revisions"}],"wp:attachment":[{"href":"https:\/\/www.ufsm.br\/cursos\/pos-graduacao\/santa-maria\/ppgd\/wp-json\/wp\/v2\/media?parent=6739"}],"wp:term":[{"taxonomy":"category","embeddable":true,"href":"https:\/\/www.ufsm.br\/cursos\/pos-graduacao\/santa-maria\/ppgd\/wp-json\/wp\/v2\/categories?post=6739"},{"taxonomy":"post_tag","embeddable":true,"href":"https:\/\/www.ufsm.br\/cursos\/pos-graduacao\/santa-maria\/ppgd\/wp-json\/wp\/v2\/tags?post=6739"}],"curies":[{"name":"wp","href":"https:\/\/api.w.org\/{rel}","templated":true}]}}