{"id":1000,"date":"2016-10-10T14:53:02","date_gmt":"2016-10-10T17:53:02","guid":{"rendered":"https:\/\/www.ufsm.br\/cursos\/pos-graduacao\/santa-maria\/ppge\/?p=1000"},"modified":"2019-10-23T14:53:49","modified_gmt":"2019-10-23T17:53:49","slug":"programacao-do-iv-encontro-ouvindo-coisas-e-iii-encontro-de-educacao-musical-e-pesquisa-autobiografica-sons-da-vida-autobiografando-historias","status":"publish","type":"post","link":"https:\/\/www.ufsm.br\/cursos\/pos-graduacao\/santa-maria\/ppge\/2016\/10\/10\/programacao-do-iv-encontro-ouvindo-coisas-e-iii-encontro-de-educacao-musical-e-pesquisa-autobiografica-sons-da-vida-autobiografando-historias","title":{"rendered":"PROGRAMA\u00c7\u00c3O DO IV ENCONTRO OUVINDO COISAS E III ENCONTRO DE EDUCA\u00c7\u00c3O MUSICAL E PESQUISA (AUTO)BIOGR\u00c1FICA: SONS DA VIDA, AUTOBIOGRAFANDO HIST\u00d3RIAS"},"content":{"rendered":"\n<p class=\"Standard\"><strong>ROGRAMA\u00c7\u00c3O DO IV ENCONTRO OUVINDO COISAS E III ENCONTRO DE EDUCA\u00c7\u00c3O MUSICAL E PESQUISA (AUTO)BIOGR\u00c1FICA: SONS DA VIDA, AUTOBIOGRAFANDO HIST\u00d3RIAS<\/strong><\/p>\n<p class=\"Standard\">\u00a0<\/p>\n<p class=\"Standard\"><strong>Local:<\/strong>\u00a0Caixa Preta\/ CAL-UFSM\u00a0<strong>(Provoca\u00e7\u00f5es)<\/strong>, Audimax e Salas de Aula \/CE-UFSM\u00a0<strong>(Viv\u00eancias e Rodas de Conversa)<\/strong>.<br \/>O Canal 1 da\u00a0 Multiweb transmitir\u00e1 ao vivo,\u00a0<strong>acesse aqui &#8211;<\/strong>\u00a0<a href=\"http:\/\/www.multiweb.ufsm.br\/aovivo\/canal1\"><span class=\"Internetlink\">www.multiweb.ufsm.br\/aovivo\/canal1<\/span><\/a><\/p>\n<p class=\"Standard\">\u00a0<\/p>\n<p class=\"Standard\"><strong>10 DE OUTUBRO<\/strong><\/p>\n<p class=\"Standard\"><strong>MANH\u00c3<\/strong><\/p>\n<p class=\"Standard\">8h30min: Credenciamento<\/p>\n<p class=\"Standard\">9h: Abertura<\/p>\n<p class=\"Standard\">9h30min: Provoca\u00e7\u00e3o \u2013\u00a0<strong>Sons da vida, autobiografando hist\u00f3rias<\/strong>\u00a0&#8211; Valeska Fortes de Oliveira (UFSM) e Ana L\u00facia de Marques e Louro-Hettwer (UFSM).<\/p>\n<p class=\"Standard\">10h: Caf\u00e9 cultural<\/p>\n<p class=\"Standard\">10h30min: Provoca\u00e7\u00e3o &#8211;\u00a0<strong>Po\u00e9ticas e pol\u00edticas da escuta: na arte, na escola, na vida<\/strong>\u00a0&#8211; Glauber Resende (UFRJ).<\/p>\n<p class=\"Standard\">12h: Intervalo para almo\u00e7o<\/p>\n<p class=\"Standard\">\u00a0<\/p>\n<p class=\"Standard\"><strong>TARDE<\/strong><\/p>\n<p class=\"Standard\">14h \u2013\u00a0<strong>Viv\u00eancias (oficinas)<\/strong><\/p>\n<p class=\"Standard\"><strong>1. Corpo e voz na doc\u00eancia: O Sens\u00edvel na vida do professor &#8211;<\/strong>\u00a0Camila\u00a0Borges\u00a0(UFSM),\u00a0C\u00e2ndice\u00a0Lorenzoni\u00a0(UFSM)\u00a0e\u00a0Andriza\u00a0Kemel\u00a0Zanella\u00a0(UERGS). Sala 1321 &#8211; CAL, pr\u00e9dio 40.<\/p>\n<p class=\"Standard\">A proposi\u00e7\u00e3o dessa oficina visa problematizar a doc\u00eancia a partir de experi\u00eancias concretas, envolvendo o corpo e a voz do professor. Busca-se com este direcionamento, uma abordagem voltada \u00e0 educa\u00e7\u00e3o sens\u00edvel na\u00a0 forma\u00e7\u00e3o de professores, enfocando a hist\u00f3ria de vida, o imagin\u00e1rio, a corporeidade, a vocalidade e a criatividade a partir de um trabalho focado no devaneio e na reinven\u00e7\u00e3o de si no contexto em que vivemos\/atuamos.<\/p>\n<p class=\"Standard\"><strong>2. O cinema de cada um &#8211;<\/strong>\u00a0Marilia\u00a0Hartmann\u00a0(IFSC),\u00a0Noeli\u00a0Weschenfelder\u00a0(UNIJUI)\u00a0e\u00a0Marilene\u00a0Leal\u00a0Farenzena\u00a0(UFSM). Sala 20 do Anexo do CE.<\/p>\n<p class=\"Standard\">A oficina &#8220;O cinema de cada um&#8221; pretende trabalhar com a metodologia autobiogr\u00e1fica com enfoque nas singularidades do cinema na vida e na forma\u00e7\u00e3o docente. Com o objetivo de problematizar o cinema enquanto experi\u00eancia est\u00e9tica propulsora de imagin\u00e1rios.<\/p>\n<p class=\"Standard\"><strong>3. Mem\u00f3rias e aprendizagens na flauta doce &#8211;<\/strong>\u00a0Ana\u00a0Louro\u00a0(UFSM),\u00a0Vanessa\u00a0Weber\u00a0(UFSM)\u00a0e\u00a0Zelmielen\u00a0Adornes\u00a0de\u00a0Souza\u00a0(UFSM). Sala Verde &#8211; 3287 &#8211; PPGE, pr\u00e9dio 16.<\/p>\n<p class=\"Standard\">Os participantes ser\u00e3o convidados a narrarem as suas hist\u00f3rias de vida relacionada ao instrumento flauta doce. Tamb\u00e9m ser\u00e3o convidados a tocar dentro da experi\u00eancia de cada um. Aqueles que ainda n\u00e3o tocam ser\u00e3o introduzidos ao instrumento. Disponibilizaremos flautas doce soprano e apresentadas as flautas sopranino, contralto, tenor e baixo. Ser\u00e3o discutidas (im)possibilidades da utiliza\u00e7\u00e3o desse instrumento no ensino de m\u00fasica na Escola B\u00e1sica. \u00a0Ser\u00e1 preparado um repert\u00f3rio com os participantes da oficina, a partir das mem\u00f3rias e da experi\u00eancia de cada um com o instrumento, podendo incluir tamb\u00e9m a voz, materiais alternativos e\/ou percuss\u00e3o corporal.\u00a0<\/p>\n<p class=\"Standard\"><strong>4. Mem\u00f3rias musicais e ensino de m\u00fasica &#8211;<\/strong>\u00a0Juliane\u00a0Riboli\u00a0Corr\u00eaa\u00a0(UFSM),\u00a0J\u00e9ssica\u00a0de\u00a0Almeida\u00a0(UFSM)\u00a0e\u00a0Laura\u00a0Cordeiro\u00a0(UFSM). Sala 12 do Anexo do CE.<\/p>\n<p class=\"Standard\">Oficina voltada para a reflex\u00e3o e pr\u00e1tica de repert\u00f3rios e atividades musicais a partir da perspectiva das mem\u00f3rias e narrativas de si. Partindo desse pressuposto, questiona-se de que maneira estas mem\u00f3rias se manifestam na constitui\u00e7\u00e3o dos professores e em suas escolhas pedag\u00f3gicas.<\/p>\n<p class=\"Standard\"><strong>5. Improvisa\u00e7\u00e3o musical &#8211;<\/strong>\u00a0Adolfo\u00a0Almeida\u00a0J\u00fanior\u00a0(UFRGS). Audit\u00f3rio Caixa Preta, pr\u00e9dio 40.<\/p>\n<p class=\"Standard\">A oficina pretende oportunizar uma atividade musical para todos que se dispuserem a interagir atrav\u00e9s dos sons. Ouvir e criar m\u00fasica espont\u00e2nea se constitui em uma alternativa \u00e0 rela\u00e7\u00e3o estereotipada com a m\u00fasica produzida pela massifica\u00e7\u00e3o musical, participando do ato criativo e usufruindo do processo.<\/p>\n<p class=\"Standard\"><strong>6. Cinema na escola \u2013<\/strong>\u00a0Mari\u00e2ngela\u00a0Cardoso\u00a0(ONG\u00a0Piazito),\u00a0Daniel\u00a0Paim\u00a0(ONG\u00a0Piazito)\u00a0e\u00a0Cl\u00e1udia\u00a0Nunes\u00a0(Emef\u00a0Francisca\u00a0Weinmann).Sala Azul &#8211; 3272 &#8211; PPGE, pr\u00e9dio 16.\u00a0<\/p>\n<p class=\"Standard\">A oficina se destina a professores dos Anos Iniciais e Finais de todas as redes de ensino e de diferentes \u00e1reas pedag\u00f3gicas que compartilham do sentido de que \u00e9 poss\u00edvel n\u00e3o s\u00f3 compartilhar a s\u00e9tima arte com o curr\u00edculo, mas como pot\u00eancia de criar, aprender e reaprender a vida dentro da escola.<\/p>\n<p class=\"Standard\"><strong>7. Fazer sil\u00eancio e cuidar de si \u2013<\/strong>\u00a0Marcos\u00a0Villela\u00a0Pereira\u00a0(PUC\/RS). Sala 6 do Anexo do CE.<\/p>\n<p class=\"Standard\">Exerc\u00edcios de leitura e escuta de poemas e textos cl\u00e1ssicos. Pensar, pensar sobre como se pensa e pensar sobre o que se pensa, a partir da leitura\/escuta e do sil\u00eancio que sobrev\u00e9m. Pensar em si, falar de si e cuidar de si.<\/p>\n<p class=\"Standard\">16h \u2013 Caf\u00e9 cultural<\/p>\n<p class=\"Standard\">16h30min:\u00a0<strong>Rodas de Conversa<\/strong>\u00a0<strong>(apresenta\u00e7\u00e3o de trabalhos):<\/strong><\/p>\n<p class=\"Standard\"><strong>1. Narrativas e m\u00fasica na Educa\u00e7\u00e3o B\u00e1sica \u2013<\/strong>\u00a0Mediadora: Tamar Genz Gaulke (UFRGS). Sala 18 do Anexo do CE.<\/p>\n<p class=\"Standard\"><strong>2. Experi\u00eancias de professores e m\u00fasica(s) \u2013<\/strong>\u00a0Mediador: G\u00e9rson Lu\u00eds Werlang (UPF). Sala 20 do Anexo do CE.<\/p>\n<p class=\"Standard\"><strong>3. Imagin\u00e1rio, Cinema e Forma\u00e7\u00e3o \u2013\u00a0<\/strong>Mediadora: Ana Iara Deus (IESA) e Lisandro Moura (IFSul). Sala Verde &#8211; 3287 &#8211; PPGE, pr\u00e9dio 16.<\/p>\n<p class=\"Standard\"><strong>4. Imagin\u00e1rio, Cuidado de Si e Arte \u2013<\/strong>\u00a0Mediador: Deonir Kurek (UNIOESTE) e Janine Bochi do Amaral (IF Farroupilha). Sala Azul &#8211; 3272 &#8211; PPGE, pr\u00e9dio 16.<\/p>\n<p class=\"Standard\">18h30min:\u00a0<strong>Lan\u00e7amento de Livros,<\/strong>\u00a0no hall do CE, pr\u00e9dio 16.<br \/><strong>Apresenta\u00e7\u00e3o\u00a0<\/strong><strong>do Grupo Vocal Canta:\u00a0<\/strong>Cl\u00e1udia Bellochio (UFSM), J\u00e9ssica Fritzen (UFSM), Charles Tones (UFSM).<\/p>\n<p class=\"Standard\">\u00a0<\/p>\n<p class=\"Standard\"><strong>PROGRAMA\u00c7\u00c3O CONCOMITANTE<\/strong><\/p>\n<p class=\"Standard\">14h \u2013\u00a0<strong>Transmiss\u00e3o da premia\u00e7\u00e3o do II Festival Nacional de Cinema Estudantil<\/strong>.<br \/><strong>Local:<\/strong>\u00a0Audit\u00f3rio da Multiweb, pr\u00e9dio 67.<br \/>O Canal 2 da Multiweb transmitir\u00e1 ao vivo,\u00a0<strong>acesse aqui &#8211;\u00a0<\/strong><a href=\"http:\/\/www.multiweb.ufsm.br\/aovivo\/canal2\"><span class=\"Internetlink\">www.multiweb.ufsm.br\/aovivo\/canal2<\/span><\/a><\/p>\n<p class=\"Standard\">\u00a0<\/p>\n<p class=\"Standard\"><strong>11 DE OUTUBRO<\/strong><\/p>\n<p class=\"Standard\"><strong>MANH\u00c3<\/strong><\/p>\n<p class=\"Standard\">9h: Apresenta\u00e7\u00e3o cultural com grupos de m\u00fasica de escolas da Educa\u00e7\u00e3o B\u00e1sica.<\/p>\n<p class=\"Standard\">9h30min: Provoca\u00e7\u00e3o \u2013\u00a0<strong>M\u00fasica para todos<\/strong>\u00a0&#8211; Adolfo Almeida J\u00fanior (UFRGS).<\/p>\n<p class=\"Standard\">10h30min: Caf\u00e9 cultural<\/p>\n<p class=\"Standard\">11h: Provoca\u00e7\u00e3o &#8211;\u00a0<strong>Etnografando mestres da cultura popular, ou como as pol\u00edticas do sens\u00edvel negociam o saber local e o saber global<\/strong>\u00a0\u2013 Lauren Garrabe (UFSM) \/\u00a0<strong>M\u00fasica: Apropriar&#8230; Transmitir&#8230; Resson\u00e2ncias de Si<\/strong>\u00a0\u2013 Delmary Abreu (UnB).<\/p>\n<p class=\"Standard\">12h30min: Intervalo para almo\u00e7o<\/p>\n<p class=\"Standard\">\u00a0<\/p>\n<p class=\"Standard\"><strong>TARDE<\/strong><\/p>\n<p class=\"Standard\">14h \u2013\u00a0<strong>Viv\u00eancias (oficinas):<\/strong><\/p>\n<p class=\"Standard\"><strong>1. Corpo e voz na doc\u00eancia: O Sens\u00edvel na vida do professor<\/strong>\u00a0&#8211; Camila Borges (UFSM), C\u00e2ndice Lorenzoni (UFSM) e Andriza Kemel Zanella (UERGS). Sala 1321, CAL &#8211; Pr\u00e9dio 40.<\/p>\n<p class=\"Standard\"><strong>2. O cinema de cada um &#8211;\u00a0<\/strong>Marilia Hartmann (IFSC), Noeli Weschenfelder (UNIJUI) e Marilene Leal Farenzena (UFSM).Sala 20 do Anexo do CE.<\/p>\n<p class=\"Standard\"><strong>3. Mem\u00f3rias e aprendizagens na flauta doce &#8211;<\/strong>\u00a0Ana Louro (UFSM), Vanessa Weber (UFSM) e Zelmielen Adornes de Souza (UFSM).Sala Verde &#8211; 3287 &#8211; PPGE, pr\u00e9dio 16.<\/p>\n<p class=\"Standard\"><strong>4. Mem\u00f3rias musicais e ensino de m\u00fasica &#8211;<\/strong>\u00a0Juliane Riboli Corr\u00eaa (UFSM), J\u00e9ssica de Almeida (UFSM) e Laura Cordeiro (UFSM). Sala 12 do Anexo do CE.<\/p>\n<p class=\"Standard\"><strong>5. Improvisa\u00e7\u00e3o musical &#8211;<\/strong>\u00a0Adolfo Almeida J\u00fanior (UFRGS). Audit\u00f3rio Caixa Preta, pr\u00e9dio 40.<\/p>\n<p class=\"Standard\"><strong>6. Cinema na escola \u2013\u00a0<\/strong>Mari\u00e2ngela Cardoso (ONG Piazito), Daniel Paim (ONG Piazito) e Cl\u00e1udia Nunes (Emef Francisca Weinmann).Sala Azul &#8211; 3272 &#8211; PPGE, pr\u00e9dio 16.<\/p>\n<p class=\"Standard\"><strong>7. Fazer sil\u00eancio e cuidar de si \u2013\u00a0<\/strong>Marcos Villela Pereira (PUC\/RS). Sala 6 do Anexo do CE.<\/p>\n<p class=\"Standard\">16h: Caf\u00e9 cultural<\/p>\n<p class=\"Standard\">16h30min:\u00a0<strong>Rodas de Conversa (apresenta\u00e7\u00e3o de trabalhos):<\/strong><\/p>\n<p class=\"Standard\"><strong>1. Narrativas e m\u00fasica na Educa\u00e7\u00e3o B\u00e1sica \u2013<\/strong>\u00a0Mediadora: Tamar Genz Gaulke (UFRGS). Sala 18 do Anexo do CE.<\/p>\n<p class=\"Standard\"><strong>2. Experi\u00eancias de professores e m\u00fasica(s) \u2013<\/strong>\u00a0Mediador: G\u00e9rson Lu\u00eds Werlang (UPF). Sala 20 do Anexo do CE.<\/p>\n<p class=\"Standard\"><strong>3. Imagin\u00e1rio, Cinema e Forma\u00e7\u00e3o \u2013<\/strong>\u00a0Mediadora: Ana Iara Deus (IESA) e Lisandro Moura (IFSul). Sala Verde &#8211; 3287 &#8211; PPGE, pr\u00e9dio 16.<\/p>\n<p class=\"Standard\"><strong>4. Imagin\u00e1rio, Cuidado de Si e Arte \u2013<\/strong>\u00a0Mediador: Deonir Kurek (UNIOESTE) e Janine Bochi do Amaral (IF Farroupilha). Sala Azul &#8211; 3272 &#8211; PPGE, pr\u00e9dio 16.<\/p>\n<p class=\"Standard\">17h30min:\u00a0<strong>Socializa\u00e7\u00e3o das produ\u00e7\u00f5es de cada eixo tem\u00e1tico<\/strong>. Local:Caixa Preta, pr\u00e9dio 40.<\/p>\n<p class=\"Standard\">18h30min: Roda de conversa com alunos da EMEF Francisca Weinmann e do curso de Pedagogia da IESA \u2013\u00a0<strong>Cinema na escola\/Linguagem cinematogr\u00e1fica na forma\u00e7\u00e3o docente<\/strong>. Media\u00e7\u00e3o: Cl\u00e1udia Nunes, Ana Iara Deus e Juan Zapatta. Local:\u00a0Caixa Preta, pr\u00e9dio 40.<\/p>\n<p class=\"Standard\">19h30min:\u00a0<strong>Piquenique Musical:<br \/><\/strong><strong>Na tal noite &#8211;\u00a0<\/strong>Silvana Baggio e Guilherme Barros.<br \/><strong>Desculpa, mas eu n\u00e3o perten\u00e7o a este mundo &#8211;<\/strong>\u00a0Gelton Quadros (UFSM).<\/p>\n<p class=\"Standard\">\u00a0<\/p>\n<p class=\"Standard\"><strong>PROVOCA\u00c7\u00d5ES PERMANENTES<\/strong><\/p>\n<p class=\"Standard\"><strong>1. Mostra de audiovisuais &#8211;\u00a0<\/strong>Ana Iara Deus (IESA) e Andr\u00e9a Narvaes (UNIPAMPA).<br \/><strong>Local:\u00a0<\/strong>Sala 1203 (miniaudit\u00f3rio), CAL, pr\u00e9dio 40.<\/p>\n<p class=\"Standard\"><strong>2. Xilogravura e Granito &#8211;\u00a0<\/strong>Wagner Borges.<\/p>\n<p class=\"Standard\"><strong>3. Trabalhadores do Sol &#8211;\u00a0<\/strong>Stephanie Chauvin.<\/p>\n<p class=\"Standard\"><strong>4. Instala\u00e7\u00e3o \u2013<\/strong>\u00a0Lisiane Dutra Lopes (UFSM).<\/p>\n<p class=\"Standard\"><strong>5. Pr\u00e1ticas art\u00edsticas com os alunos da Escola Estadual Humberto de Campos &#8211;<\/strong>\u00a0Luiz Fernando Marques, Adriana Jorgge, C\u00e2ndice Lorenzoni e Raquel Guerra.<\/p>\n<p class=\"Standard\"><strong>6. Retratos da Boca do Monte \u2013<\/strong>\u00a0Alessandra Jungs de Almeida (UFSM).<\/p>\n","protected":false},"excerpt":{"rendered":"<p>ROGRAMA\u00c7\u00c3O DO IV ENCONTRO OUVINDO COISAS E III ENCONTRO DE EDUCA\u00c7\u00c3O MUSICAL E PESQUISA (AUTO)BIOGR\u00c1FICA: SONS DA VIDA, AUTOBIOGRAFANDO HIST\u00d3RIAS \u00a0 Local:\u00a0Caixa Preta\/ CAL-UFSM\u00a0(Provoca\u00e7\u00f5es), Audimax e Salas de Aula \/CE-UFSM\u00a0(Viv\u00eancias e Rodas de Conversa).O Canal 1 da\u00a0 Multiweb transmitir\u00e1 ao vivo,\u00a0acesse aqui &#8211;\u00a0www.multiweb.ufsm.br\/aovivo\/canal1 \u00a0 10 DE OUTUBRO MANH\u00c3 8h30min: Credenciamento 9h: Abertura 9h30min: Provoca\u00e7\u00e3o \u2013\u00a0Sons [&hellip;]<\/p>\n","protected":false},"author":115,"featured_media":0,"comment_status":"closed","ping_status":"closed","sticky":false,"template":"","format":"standard","meta":{"footnotes":""},"categories":[2],"tags":[25,27,29],"class_list":["post-1000","post","type-post","status-publish","format-standard","hentry","category-noticias","tag-educacaoeimaginariosocial","tag-grupos","tag-grupos-pesquisa"],"acf":[],"_links":{"self":[{"href":"https:\/\/www.ufsm.br\/cursos\/pos-graduacao\/santa-maria\/ppge\/wp-json\/wp\/v2\/posts\/1000","targetHints":{"allow":["GET"]}}],"collection":[{"href":"https:\/\/www.ufsm.br\/cursos\/pos-graduacao\/santa-maria\/ppge\/wp-json\/wp\/v2\/posts"}],"about":[{"href":"https:\/\/www.ufsm.br\/cursos\/pos-graduacao\/santa-maria\/ppge\/wp-json\/wp\/v2\/types\/post"}],"author":[{"embeddable":true,"href":"https:\/\/www.ufsm.br\/cursos\/pos-graduacao\/santa-maria\/ppge\/wp-json\/wp\/v2\/users\/115"}],"replies":[{"embeddable":true,"href":"https:\/\/www.ufsm.br\/cursos\/pos-graduacao\/santa-maria\/ppge\/wp-json\/wp\/v2\/comments?post=1000"}],"version-history":[{"count":0,"href":"https:\/\/www.ufsm.br\/cursos\/pos-graduacao\/santa-maria\/ppge\/wp-json\/wp\/v2\/posts\/1000\/revisions"}],"wp:attachment":[{"href":"https:\/\/www.ufsm.br\/cursos\/pos-graduacao\/santa-maria\/ppge\/wp-json\/wp\/v2\/media?parent=1000"}],"wp:term":[{"taxonomy":"category","embeddable":true,"href":"https:\/\/www.ufsm.br\/cursos\/pos-graduacao\/santa-maria\/ppge\/wp-json\/wp\/v2\/categories?post=1000"},{"taxonomy":"post_tag","embeddable":true,"href":"https:\/\/www.ufsm.br\/cursos\/pos-graduacao\/santa-maria\/ppge\/wp-json\/wp\/v2\/tags?post=1000"}],"curies":[{"name":"wp","href":"https:\/\/api.w.org\/{rel}","templated":true}]}}