{"id":1213,"date":"2014-02-14T10:21:22","date_gmt":"2014-02-14T13:21:22","guid":{"rendered":"http:\/\/w3.ufsm.br\/gepfica\/?p=1105"},"modified":"2014-02-14T10:21:22","modified_gmt":"2014-02-14T13:21:22","slug":"resultado-processo-seletivo-publico-pacto-2014-novo","status":"publish","type":"post","link":"https:\/\/www.ufsm.br\/cursos\/pos-graduacao\/santa-maria\/ppge\/2014\/02\/14\/resultado-processo-seletivo-publico-pacto-2014-novo","title":{"rendered":"RESULTADO PROCESSO SELETIVO P\u00daBLICO PACTO &#8211; 2014 &#8211; NOVO!!"},"content":{"rendered":"<p><!-- P { margin-bottom: 0.21cm; direction: ltr; color: rgb(0, 0, 10); line-height: 115%; widows: 2; orphans: 2; }P.western { font-family: \"Calibri\",serif; font-size: 11pt; }P.cjk { font-family: \"DejaVu Sans\"; font-size: 11pt; }P.ctl { font-family: \"Calibri\"; font-size: 11pt; } --><\/p>\n<p style=\"text-align: center\"><span style=\"color: #000000;font-size: medium\"><span style=\"font-family: Arial,serif\"><strong>MINIST\u00c9RIO DA EDUCA\u00c7\u00c3O<\/strong><\/span><\/span><\/p>\n<p style=\"text-align: center\"><span style=\"color: #000000;font-size: medium\"><span style=\"font-family: Arial,serif\"><strong>SECRETARIA DE EDUCA\u00c7\u00c3O B\u00c1SICA<\/strong><\/span><\/span><\/p>\n<p style=\"text-align: center\"><span style=\"color: #000000;font-size: medium\"><span style=\"font-family: Arial,serif\"><strong>UNIVERSIDADE FEDERAL DE SANTA MARIA<\/strong><\/span><\/span><\/p>\n<p style=\"text-align: center\"><span style=\"color: #000000;font-size: medium\"><span style=\"font-family: Arial,serif\"><strong>CENTRO DE EDUCA\u00c7\u00c3O<\/strong><\/span><\/span><\/p>\n<p style=\"text-align: center\"><span style=\"color: #000000;font-size: medium\"><span style=\"font-family: Arial,serif\"><strong>PROGRAMA PACTO NACIONAL PELA ALFABETIZA\u00c7\u00c3O NA IDADE CERTA<\/strong><\/span><\/span><\/p>\n<p><br class=\"spacer_\" \/><\/p>\n<p style=\"text-align: center\"><span style=\"color: #000000;font-size: medium\"><span style=\"font-family: Arial,serif\">Ata 01\/2014 \u2013 Homologa\u00e7\u00e3o de resultado de sele\u00e7\u00e3o p\u00fablica para Professores Formadores (Alfabetiza\u00e7\u00e3o e Matem\u00e1tica) e Professores Supervisores Pedag\u00f3gicos do Programa Pacto Nacional pela Alfabetiza\u00e7\u00e3o na Idade Certa<\/span><\/span><\/p>\n<p><br class=\"spacer_\" \/><\/p>\n<p style=\"text-align: justify\"><span style=\"color: #000000;font-size: medium\"><span style=\"font-family: Arial,serif\">Aos onze dias do m\u00eas de Fevereiro de dois mil e quatorze foi realizada a banca de sele\u00e7\u00e3o p\u00fablica constitu\u00edda pelos seguintes professores: Liane Teresinha Wendlling Roos (Presidente), Deisi Sangoi de Freitas, Helenise Sangoi Antunes e Liane Batistela Kist (suplente) para an\u00e1lise dos curr\u00edculos referente aos editais de Processo Seletivo P\u00fablico N\u00fameros 01\/2014, 02\/2014 e 03\/2014, na \u00c1rea de Matem\u00e1tica, na \u00c1rea de Alfabetiza\u00e7\u00e3o e Linguagem e Professores Supervisores Pedag\u00f3gicos, respectivamente.  A mesma esteve reunida na sala trinta e tr\u00eas oitenta (3380) do Centro de Educa\u00e7\u00e3o (CE) da Universidade Federal de Santa Maria (UFSM) das nove horas (9h00min) \u00e0s doze horas (12h00min) e das treze horas (13h00min) \u00e0s dezesseis horas (16h00min). Segue abaixo a Listagem dos Aprovados e os respectivos Perfis: <\/span><\/span><\/p>\n<p><!-- P { margin-bottom: 0.21cm; direction: ltr; color: rgb(0, 0, 10); line-height: 115%; widows: 2; orphans: 2; }P.western { font-family: \"Calibri\",serif; font-size: 11pt; }P.cjk { font-family: \"DejaVu Sans\"; font-size: 11pt; }P.ctl { font-family: \"Calibri\"; font-size: 11pt; } --><\/p>\n<table style=\"width: 575px;height: 1055px;border: 1px solid #000000\" border=\"0\" cellspacing=\"0\" cellpadding=\"7\" rules=\"all\">\n<colgroup>\n<col width=\"559\"><\/col>\n<\/colgroup>\n<tbody>\n<tr>\n<td width=\"559\" valign=\"TOP\" bgcolor=\"#ffffff\">\n<p><span style=\"color: #000000;font-size: medium\"><span style=\"font-family: Arial,serif\"><strong>Perfil: \t\t\tSupervisor Pedag\u00f3gico<\/strong><\/span><\/span><\/p>\n<\/td>\n<\/tr>\n<tr>\n<td width=\"559\" valign=\"TOP\" bgcolor=\"#ffffff\">\n<p><span style=\"color: #000000;font-size: medium\"><span style=\"font-family: Arial,serif\">Cinthia \t\t\tCardona de Avila<\/span><\/span><\/p>\n<\/td>\n<\/tr>\n<tr>\n<td width=\"559\" valign=\"TOP\" bgcolor=\"#ffffff\">\n<p><span style=\"color: #000000;font-size: medium\"><span style=\"font-family: Arial,serif\">Helenita \t\t\tMaria Bertagnolli<\/span><\/span><\/p>\n<\/td>\n<\/tr>\n<tr>\n<td width=\"559\" valign=\"TOP\" bgcolor=\"#ffffff\">\n<p><span style=\"color: #000000;font-size: medium\"><span style=\"font-family: Arial,serif\">Juciani \t\t\tSevero Corr\u00eaa &#8211; <\/span><\/span><\/p>\n<\/td>\n<\/tr>\n<tr>\n<td width=\"559\" valign=\"TOP\" bgcolor=\"#ffffff\">\n<p><span style=\"color: #000000;font-size: medium\"><span style=\"font-family: Arial,serif\">Lizandra \t\t\tAndrade Nascimento<\/span><\/span><\/p>\n<\/td>\n<\/tr>\n<tr>\n<td width=\"559\" valign=\"TOP\" bgcolor=\"#ffffff\">\n<p><span style=\"color: #000000;font-size: medium\"><span style=\"font-family: Arial,serif\">Simone \t\t\tCardoso de Quadros <\/span><\/span><\/p>\n<\/td>\n<\/tr>\n<tr>\n<td width=\"559\" valign=\"TOP\" bgcolor=\"#ffffff\">\n<p><span style=\"color: #000000;font-size: medium\"><span style=\"font-family: Arial,serif\">Simone \t\t\tPozebon<\/span><\/span><\/p>\n<\/td>\n<\/tr>\n<tr>\n<td width=\"559\" valign=\"TOP\" bgcolor=\"#ffffff\">\n<p><span style=\"color: #000000;font-size: medium\"><span style=\"font-family: Arial,serif\">Vanessa \t\t\tZ\u00fcge<\/span><\/span><\/p>\n<\/td>\n<\/tr>\n<tr>\n<td width=\"559\" valign=\"TOP\" bgcolor=\"#ffffff\">\n<p><span style=\"color: #000000;font-size: medium\"><span style=\"font-family: Arial,serif\"><strong>Perfil: \t\t\tProfessor Formador \u2013 \u00c1rea de Alfabetiza\u00e7\u00e3o e Linguagem<\/strong><\/span><\/span><\/p>\n<\/td>\n<\/tr>\n<tr>\n<td width=\"559\" valign=\"TOP\" bgcolor=\"#ffffff\">\n<p><span style=\"color: #000000;font-size: medium\"><span style=\"font-family: Arial,serif\">Alyne \t\t\tRenata de Oliveira<\/span><\/span><\/p>\n<\/td>\n<\/tr>\n<tr>\n<td width=\"559\" valign=\"TOP\" bgcolor=\"#ffffff\">\n<p><span style=\"color: #000000;font-size: medium\"><span style=\"font-family: Arial,serif\">Ana \t\t\tCarla Hollweg Powaczuk<\/span><\/span><\/p>\n<\/td>\n<\/tr>\n<tr>\n<td width=\"559\" valign=\"TOP\" bgcolor=\"#ffffff\">\n<p><span style=\"color: #000000;font-size: medium\"><span style=\"font-family: Arial,serif\">Ana \t\t\tClaudia Gon\u00e7alves <\/span><\/span><\/p>\n<\/td>\n<\/tr>\n<tr>\n<td width=\"559\" valign=\"TOP\" bgcolor=\"#ffffff\">\n<p><span style=\"color: #000000;font-size: medium\"><span style=\"font-family: Arial,serif\">Beatriz \t\t\tLau<\/span><\/span><\/p>\n<\/td>\n<\/tr>\n<tr>\n<td width=\"559\" valign=\"TOP\" bgcolor=\"#ffffff\">\n<p><span style=\"color: #000000;font-size: medium\"><span style=\"font-family: Arial,serif\">Cleonice \t\t\tSilva Mayer<\/span><\/span><\/p>\n<\/td>\n<\/tr>\n<tr>\n<td width=\"559\" valign=\"TOP\" bgcolor=\"#ffffff\">\n<p><span style=\"color: #000000;font-size: medium\"><span style=\"font-family: Arial,serif\">Crystina \t\t\tDi Santo D\u2019Andrea <\/span><\/span><\/p>\n<\/td>\n<\/tr>\n<tr>\n<td width=\"559\" valign=\"TOP\" bgcolor=\"#ffffff\">\n<p><span style=\"color: #000000;font-size: medium\"><span style=\"font-family: Arial,serif\">Edc\u00e9lia \t\t\tdos Santos Lopes<\/span><\/span><\/p>\n<\/td>\n<\/tr>\n<tr>\n<td width=\"559\" valign=\"TOP\" bgcolor=\"#ffffff\">\n<p><span style=\"color: #000000;font-size: medium\"><span style=\"font-family: Arial,serif\">Estela \t\t\tMaris Giordani<\/span><\/span><\/p>\n<\/td>\n<\/tr>\n<tr>\n<td width=\"559\" valign=\"TOP\" bgcolor=\"#ffffff\">\n<p><span style=\"color: #000000;font-size: medium\"><span style=\"font-family: Arial,serif\">Juliane \t\t\tRibole Corr\u00eaa<\/span><\/span><\/p>\n<\/td>\n<\/tr>\n<tr>\n<td width=\"559\" valign=\"TOP\" bgcolor=\"#ffffff\">\n<p><span style=\"color: #000000;font-size: medium\"><span style=\"font-family: Arial,serif\">L\u00edndice \t\t\tMartins da Rocha Pedroso <\/span><\/span><\/p>\n<\/td>\n<\/tr>\n<tr>\n<td width=\"559\" valign=\"TOP\" bgcolor=\"#ffffff\">\n<p><span style=\"color: #000000;font-size: medium\"><span style=\"font-family: Arial,serif\">Magda \t\t\tRaquel D\u2019Avila Pereira<\/span><\/span><\/p>\n<\/td>\n<\/tr>\n<tr>\n<td width=\"559\" valign=\"TOP\" bgcolor=\"#ffffff\">\n<p><span style=\"color: #000000;font-size: medium\"><span style=\"font-family: Arial,serif\">Maria \t\t\tCristina Klumb Moraes Alagia<\/span><\/span><\/p>\n<\/td>\n<\/tr>\n<tr>\n<td width=\"559\" valign=\"TOP\" bgcolor=\"#ffffff\">\n<p><span style=\"color: #000000;font-size: medium\"><span style=\"font-family: Arial,serif\">Maril\u00e9ia \t\t\tAzeredo dos Santos <\/span><\/span><\/p>\n<\/td>\n<\/tr>\n<tr>\n<td width=\"559\" valign=\"TOP\" bgcolor=\"#ffffff\">\n<p><span style=\"color: #000000;font-size: medium\"><span style=\"font-family: Arial,serif\">Martina \t\t\tIsnardo Gusm\u00e3o <\/span><\/span><\/p>\n<\/td>\n<\/tr>\n<tr>\n<td width=\"559\" valign=\"TOP\" bgcolor=\"#ffffff\">\n<p><span style=\"color: #000000;font-size: medium\"><span style=\"font-family: Arial,serif\">Miriane \t\t\tTurchiello Bolzan<\/span><\/span><\/p>\n<\/td>\n<\/tr>\n<tr>\n<td width=\"559\" valign=\"TOP\" bgcolor=\"#ffffff\">\n<p><span style=\"color: #000000;font-size: medium\"><span style=\"font-family: Arial,serif\">Neucelia \t\t\tMeneguetti de Pieri<\/span><\/span><\/p>\n<\/td>\n<\/tr>\n<tr>\n<td width=\"559\" valign=\"TOP\" bgcolor=\"#ffffff\">\n<p><span style=\"color: #000000;font-size: medium\"><span style=\"font-family: Arial,serif\">Neusa \t\t\tMaria Roveda Stimamiglio<\/span><\/span><\/p>\n<\/td>\n<\/tr>\n<tr>\n<td width=\"559\" valign=\"TOP\" bgcolor=\"#ffffff\">\n<p><span style=\"color: #000000;font-size: medium\"><span style=\"font-family: Arial,serif\">Rejane \t\t\tCavalheiro<\/span><\/span><\/p>\n<\/td>\n<\/tr>\n<tr>\n<td width=\"559\" valign=\"TOP\" bgcolor=\"#ffffff\">\n<p><span style=\"color: #000000;font-size: medium\"><span style=\"font-family: Arial,serif\">Rosane \t\t\tCarneiro Sarturi<\/span><\/span><\/p>\n<\/td>\n<\/tr>\n<tr>\n<td width=\"559\" valign=\"TOP\" bgcolor=\"#ffffff\">\n<p><span style=\"color: #000000;font-size: medium\"><span style=\"font-family: Arial,serif\">Sabrina \t\t\tGarcez<\/span><\/span><\/p>\n<\/td>\n<\/tr>\n<tr>\n<td width=\"559\" valign=\"TOP\" bgcolor=\"#ffffff\">\n<p><span style=\"color: #000000;font-size: medium\"><span style=\"font-family: Arial,serif\">Son\u00ed \t\t\tPacheco de Moura<\/span><\/span><\/p>\n<\/td>\n<\/tr>\n<tr>\n<td width=\"559\" valign=\"TOP\" bgcolor=\"#ffffff\">\n<p><span style=\"color: #000000;font-size: medium\"><span style=\"font-family: Arial,serif\">Suze \t\t\tScalcon<\/span><\/span><\/p>\n<\/td>\n<\/tr>\n<\/tbody>\n<\/table>\n<p><!-- P { margin-bottom: 0.21cm; direction: ltr; color: rgb(0, 0, 10); line-height: 115%; widows: 2; orphans: 2; }P.western { font-family: \"Calibri\",serif; font-size: 11pt; }P.cjk { font-family: \"DejaVu Sans\"; font-size: 11pt; }P.ctl { font-family: \"Calibri\"; font-size: 11pt; } --><\/p>\n<p><span style=\"font-size: medium\"><\/span><\/p>\n<table style=\"width: 579px;border: 1px solid #000000\" border=\"0\" cellspacing=\"0\" cellpadding=\"7\">\n<colgroup>\n<col width=\"563\"><\/col>\n<\/colgroup>\n<tbody>\n<tr>\n<td width=\"563\" valign=\"TOP\" bgcolor=\"#ffffff\">\n<p><span style=\"color: #000000;font-size: medium\"><span style=\"font-family: Arial,serif\"><strong>Perfil: \t\t\tProfessor Formador \u2013 \u00c1rea de Matem\u00e1tica<\/strong><\/span><\/span><\/p>\n<\/td>\n<\/tr>\n<tr>\n<td width=\"563\" valign=\"TOP\" bgcolor=\"#ffffff\">\n<p><span style=\"color: #000000;font-size: medium\"><span style=\"font-family: Arial,serif\">Ana \t\t\tMaria Balb\u00e9 Martins<\/span><\/span><\/p>\n<\/td>\n<\/tr>\n<tr>\n<td width=\"563\" valign=\"TOP\" bgcolor=\"#ffffff\">\n<p><span style=\"color: #000000;font-size: medium\"><span style=\"font-family: Arial,serif\">Anemari \t\t\tRoesler Luersen Vieira Lopes <\/span><\/span><\/p>\n<\/td>\n<\/tr>\n<tr>\n<td width=\"563\" valign=\"TOP\" bgcolor=\"#ffffff\">\n<p><span style=\"color: #000000;font-size: medium\"><span style=\"font-family: Arial,serif\">Daiani \t\t\tFinatto Bianchini<\/span><\/span><\/p>\n<\/td>\n<\/tr>\n<tr>\n<td width=\"563\" valign=\"TOP\" bgcolor=\"#ffffff\">\n<p><span style=\"color: #000000;font-size: medium\"><span style=\"font-family: Arial,serif\">Dilce \t\t\tCardoso<\/span><\/span><\/p>\n<\/td>\n<\/tr>\n<tr>\n<td width=\"563\" valign=\"TOP\" bgcolor=\"#ffffff\">\n<p><span style=\"color: #000000;font-size: medium\"><span style=\"font-family: Arial,serif\">Edi \t\t\tJussara Candido Lorensatti<\/span><\/span><\/p>\n<\/td>\n<\/tr>\n<tr>\n<td width=\"563\" valign=\"TOP\" bgcolor=\"#ffffff\">\n<p><span style=\"color: #000000;font-size: medium\"><span style=\"font-family: Arial,serif\">Ivanete \t\t\tRocha de Miranda<\/span><\/span><\/p>\n<\/td>\n<\/tr>\n<tr>\n<td width=\"563\" valign=\"TOP\" bgcolor=\"#ffffff\">\n<p><span style=\"color: #000000;font-size: medium\"><span style=\"font-family: Arial,serif\">Jacira \t\t\tHelena Bridi<\/span><\/span><\/p>\n<\/td>\n<\/tr>\n<tr>\n<td width=\"563\" valign=\"TOP\" bgcolor=\"#ffffff\">\n<p><span style=\"color: #000000;font-size: medium\"><span style=\"font-family: Arial,serif\">Leandra \t\t\tAnversa Fioreze<\/span><\/span><\/p>\n<\/td>\n<\/tr>\n<tr>\n<td width=\"563\" valign=\"TOP\" bgcolor=\"#ffffff\">\n<p><span style=\"color: #000000;font-size: medium\"><span style=\"font-family: Arial,serif\">Maristela \t\t\tPontes Prates <\/span><\/span><\/p>\n<\/td>\n<\/tr>\n<tr>\n<td width=\"563\" valign=\"TOP\" bgcolor=\"#ffffff\">\n<p><span style=\"color: #000000;font-size: medium\"><span style=\"font-family: Arial,serif\">N\u00e9lio \t\t\tCampos<\/span><\/span><\/p>\n<\/td>\n<\/tr>\n<tr>\n<td width=\"563\" valign=\"TOP\" bgcolor=\"#ffffff\">\n<p><span style=\"color: #000000;font-size: medium\"><span style=\"font-family: Arial,serif\">Patr\u00edcia \t\t\tPerlin<\/span><\/span><\/p>\n<\/td>\n<\/tr>\n<\/tbody>\n<\/table>\n<p>Fonte: Coordena\u00e7\u00e3o Geral<\/p>\n","protected":false},"excerpt":{"rendered":"<p>Acesse o resultado do Processo Seletivo dos Professores Formadores e Supervisores Pedag\u00f3gicos da UFSM<\/p>\n","protected":false},"author":1,"featured_media":0,"comment_status":"closed","ping_status":"closed","sticky":false,"template":"","format":"standard","meta":{"footnotes":""},"categories":[1],"tags":[32,29],"class_list":["post-1213","post","type-post","status-publish","format-standard","hentry","category-sem-categoria","tag-gepfica","tag-grupos-pesquisa"],"acf":[],"_links":{"self":[{"href":"https:\/\/www.ufsm.br\/cursos\/pos-graduacao\/santa-maria\/ppge\/wp-json\/wp\/v2\/posts\/1213","targetHints":{"allow":["GET"]}}],"collection":[{"href":"https:\/\/www.ufsm.br\/cursos\/pos-graduacao\/santa-maria\/ppge\/wp-json\/wp\/v2\/posts"}],"about":[{"href":"https:\/\/www.ufsm.br\/cursos\/pos-graduacao\/santa-maria\/ppge\/wp-json\/wp\/v2\/types\/post"}],"author":[{"embeddable":true,"href":"https:\/\/www.ufsm.br\/cursos\/pos-graduacao\/santa-maria\/ppge\/wp-json\/wp\/v2\/users\/1"}],"replies":[{"embeddable":true,"href":"https:\/\/www.ufsm.br\/cursos\/pos-graduacao\/santa-maria\/ppge\/wp-json\/wp\/v2\/comments?post=1213"}],"version-history":[{"count":0,"href":"https:\/\/www.ufsm.br\/cursos\/pos-graduacao\/santa-maria\/ppge\/wp-json\/wp\/v2\/posts\/1213\/revisions"}],"wp:attachment":[{"href":"https:\/\/www.ufsm.br\/cursos\/pos-graduacao\/santa-maria\/ppge\/wp-json\/wp\/v2\/media?parent=1213"}],"wp:term":[{"taxonomy":"category","embeddable":true,"href":"https:\/\/www.ufsm.br\/cursos\/pos-graduacao\/santa-maria\/ppge\/wp-json\/wp\/v2\/categories?post=1213"},{"taxonomy":"post_tag","embeddable":true,"href":"https:\/\/www.ufsm.br\/cursos\/pos-graduacao\/santa-maria\/ppge\/wp-json\/wp\/v2\/tags?post=1213"}],"curies":[{"name":"wp","href":"https:\/\/api.w.org\/{rel}","templated":true}]}}