{"id":1299,"date":"2014-07-28T11:24:35","date_gmt":"2014-07-28T14:24:35","guid":{"rendered":"http:\/\/w3.ufsm.br\/gepfica\/?p=1299"},"modified":"2014-07-28T11:24:35","modified_gmt":"2014-07-28T14:24:35","slug":"alteracao-data-iii-reuniao-de-coordenadores-locais-novo","status":"publish","type":"post","link":"https:\/\/www.ufsm.br\/cursos\/pos-graduacao\/santa-maria\/ppge\/2014\/07\/28\/alteracao-data-iii-reuniao-de-coordenadores-locais-novo","title":{"rendered":"ALTERA\u00c7\u00c3O DATA III REUNI\u00c3O DE COORDENADORES LOCAIS &#8211; NOVO!!"},"content":{"rendered":"<p style=\"text-align: justify\"><span style=\"font-size: large;font-family: arial, helvetica, sans-serif\">Prezados Coordenadores Locais,<\/span><\/p>\n<p style=\"text-align: justify\"><span style=\"font-size: large;font-family: arial, helvetica, sans-serif\">Informamos que em virtude do in\u00edcio do 2 Semestre Letivo da UFSM, fez-se necess\u00e1rio alterar a data da III Reuni\u00e3o de Coordenadores Locais do Pacto Nacional pela Alfabetiza\u00e7\u00e3o na Idade Certa para o dia <strong>20 de Agosto de 2014, manh\u00e3 e tarde<\/strong>.<\/span><\/p>\n<p style=\"text-align: justify\"><span style=\"font-size: large;font-family: arial, helvetica, sans-serif\">Acesse o convite: <a href=\"http:\/\/w3.ufsm.br\/gepfica\/wp-content\/uploads\/2014\/07\/OF\u00cdCIO-CIRCULAR-29_2014-SEDUC-SECRETARIAS.pdf\">OF\u00cdCIO CIRCULAR 29_2014 &#8211; SEDUC &#8211; SECRETARIAS<\/a><\/span><\/p>\n<p style=\"text-align: justify\"><span style=\"font-size: large;font-family: arial, helvetica, sans-serif\"><br \/>\n <\/span><\/p>\n<p style=\"text-align: center\"><strong><span style=\"font-size: large;font-family: arial, helvetica, sans-serif\">A programa\u00e7\u00e3o do encontro ser\u00e1 a seguinte:<\/span><\/strong><\/p>\n<p style=\"text-align: justify\"><span style=\"font-size: large;font-family: arial, helvetica, sans-serif\"><strong>08:30<\/strong> &#8211;\u00a0Abertura: Professora Liane Roos &#8211; Coordenadora Adjunta do Pacto<\/span><\/p>\n<p><span style=\"font-family: arial, helvetica, sans-serif;font-size: large\">Palestra Tem\u00e1tica com o Prof. Ant\u00f4nio Jos\u00e9 Lopes: c<\/span><span style=\"font-family: arial, helvetica, sans-serif;font-size: large\">onhe\u00e7a um pouco sobre seu trabalho, clicando <\/span><a style=\"font-family: arial, helvetica, sans-serif;font-size: large\" href=\"http:\/\/www.matematicahoje.com.br\/telas\/mat_autor.asp\" target=\"_blank\" rel=\"noopener noreferrer\">aqui<\/a><span style=\"font-family: arial, helvetica, sans-serif;font-size: large\">!<\/span><\/p>\n<p><span style=\"font-family: arial, helvetica, sans-serif;font-size: large\"><strong>12h<\/strong> &#8211; Intervalo para almo\u00e7o<\/span><\/p>\n<p><span style=\"font-size: large;font-family: arial, helvetica, sans-serif\"><span><strong>13:30<\/strong> &#8211; <\/span>Relatos de experi\u00eancia:\u00a0Grupo PIBID Educa\u00e7\u00e3o do Campo<\/span><\/p>\n<p><span style=\"font-size: large;font-family: arial, helvetica, sans-serif\">17h: Encerramento<\/span><\/p>\n<p><span style=\"font-size: large;font-family: arial, helvetica, sans-serif\"><br \/>\n <\/span><\/p>\n<p style=\"text-align: justify\"><span style=\"font-size: large;font-family: arial, helvetica, sans-serif\">Atenciosamente,<\/span><\/p>\n<p style=\"text-align: justify\"><span style=\"font-size: large;font-family: arial, helvetica, sans-serif\">Equipe T\u00e9cnica<\/span><\/p>\n","protected":false},"excerpt":{"rendered":"<p>Acesse o convite para a 3 Reuni\u00e3o<\/p>\n","protected":false},"author":1,"featured_media":0,"comment_status":"closed","ping_status":"closed","sticky":false,"template":"","format":"standard","meta":{"footnotes":""},"categories":[1],"tags":[32,29],"class_list":["post-1299","post","type-post","status-publish","format-standard","hentry","category-sem-categoria","tag-gepfica","tag-grupos-pesquisa"],"acf":[],"_links":{"self":[{"href":"https:\/\/www.ufsm.br\/cursos\/pos-graduacao\/santa-maria\/ppge\/wp-json\/wp\/v2\/posts\/1299","targetHints":{"allow":["GET"]}}],"collection":[{"href":"https:\/\/www.ufsm.br\/cursos\/pos-graduacao\/santa-maria\/ppge\/wp-json\/wp\/v2\/posts"}],"about":[{"href":"https:\/\/www.ufsm.br\/cursos\/pos-graduacao\/santa-maria\/ppge\/wp-json\/wp\/v2\/types\/post"}],"author":[{"embeddable":true,"href":"https:\/\/www.ufsm.br\/cursos\/pos-graduacao\/santa-maria\/ppge\/wp-json\/wp\/v2\/users\/1"}],"replies":[{"embeddable":true,"href":"https:\/\/www.ufsm.br\/cursos\/pos-graduacao\/santa-maria\/ppge\/wp-json\/wp\/v2\/comments?post=1299"}],"version-history":[{"count":0,"href":"https:\/\/www.ufsm.br\/cursos\/pos-graduacao\/santa-maria\/ppge\/wp-json\/wp\/v2\/posts\/1299\/revisions"}],"wp:attachment":[{"href":"https:\/\/www.ufsm.br\/cursos\/pos-graduacao\/santa-maria\/ppge\/wp-json\/wp\/v2\/media?parent=1299"}],"wp:term":[{"taxonomy":"category","embeddable":true,"href":"https:\/\/www.ufsm.br\/cursos\/pos-graduacao\/santa-maria\/ppge\/wp-json\/wp\/v2\/categories?post=1299"},{"taxonomy":"post_tag","embeddable":true,"href":"https:\/\/www.ufsm.br\/cursos\/pos-graduacao\/santa-maria\/ppge\/wp-json\/wp\/v2\/tags?post=1299"}],"curies":[{"name":"wp","href":"https:\/\/api.w.org\/{rel}","templated":true}]}}